{"id":70323,"date":"2025-12-10T02:03:13","date_gmt":"2025-12-10T02:03:13","guid":{"rendered":"https:\/\/www.europesays.com\/lv\/70323\/"},"modified":"2025-12-10T02:03:13","modified_gmt":"2025-12-10T02:03:13","slug":"ttt-riga-velas-pacinities-ar-lietuvietem","status":"publish","type":"post","link":"https:\/\/www.europesays.com\/lv\/70323\/","title":{"rendered":"&#8220;TTT R\u012bga&#8221; v\u0113las pac\u012bn\u012bties ar lietuviet\u0113m"},"content":{"rendered":"<p class=\"lead\">\n                                Sievie\u0161u basketbola klubs &#8220;TTT R\u012bga&#8221; sezonas turpin\u0101jum\u0101 v\u0113las piesaist\u012bt vienu sp\u0113l\u0113t\u0101ju no \u0101rzem\u0113m, &#8220;Latvijas Av\u012bzei&#8221; pauda galvenais treneris Aigars Nerips.\n                            <\/p>\n<p>Latvijas \u010dempionvien\u012bba FIBA Eiropas kaus\u0101 se\u0161\u0101s sp\u0113l\u0113s izc\u012bn\u012bja divas uzvaras, grup\u0101 ierindojoties pirmsp\u0113d\u0113j\u0101, tre\u0161aj\u0101, viet\u0101 un nosl\u0113dzot dal\u012bbu turn\u012br\u0101. P\u0113c tam prom dev\u0101s abas le\u0123ion\u0101res. Kan\u0101diete Nija Bekere, kura ar vid\u0113ji ma\u010d\u0101 g\u016btiem 15,8 punktiem bija komandas rezultat\u012bv\u0101k\u0101 sp\u0113l\u0113t\u0101ja, izmantoja l\u012bguma punktu un atrada finansi\u0101li vair\u0101kk\u0101rt lab\u0101ku variantu Jap\u0101n\u0101. T\u0101pat sadarb\u012bba p\u0101rtraukta ar d\u0101nieti Lenu Svanholmu, kurai p\u0113c neveiksm\u012bgaj\u0101m iepriek\u0161\u0113j\u0101m sezon\u0101m neizdev\u0101s demonstr\u0113t tik labu sniegumu, k\u0101 cer\u0113ts, un R\u012bg\u0101 bija \u013coti maza loma. &#8220;Mekl\u0113jam \u0101rzem\u0113s uzbruc\u0113ju, kura var darboties tre\u0161aj\u0101 un ceturtaj\u0101 poz\u012bcij\u0101,&#8221; nor\u0101d\u012bja Nerips.<\/p>\n<p>Lai gan Eiropas kaus\u0101 neizdev\u0101s tikt t\u0101l\u0101k, objekt\u012bvi uz to nemaz nevar\u0113ja cer\u0113t, un divas izc\u012bn\u012bt\u0101s uzvaras ir labs rezult\u0101ts. Pac\u012bn\u012bties par otro vietu grup\u0101 ar turku &#8220;Emlak Konut&#8221; liedza \u012bsais soli\u0146\u0161, traumu d\u0113\u013c liel\u0101ko da\u013cu sp\u0113\u013cu nevar\u0113ja aizvad\u012bt Enija \u0136\u012bv\u012bte un Madara \u0160mite, skaidroja Nerips.<\/p>\n<p>Z\u012bm\u012bgi, ka &#8220;TTT R\u012bga&#8221; ab\u0101s sp\u0113l\u0113s p\u0101rsp\u0113ja Latvijas sievie\u0161u izlases galven\u0101 trenera Mat\u012bsa Ro\u017elapas vad\u012bto V\u0101cijas vien\u012bbu Z\u0101rlu\u012b &#8220;Royals&#8221;. Valstsvien\u012bb\u0101 Nerips ir Ro\u017elapas asistents. &#8220;Pirmaj\u0101 apl\u012b abas komandas grib\u0113ja izc\u012bn\u012bt pirmo uzvaru un bija principi\u0101ls duelis, mums izdev\u0101s uzspiest, aizskriet. Otraj\u0101 duel\u012b c\u012b\u0146a bija v\u0113l fizisk\u0101ka, vi\u0146as cent\u0101s revan\u0161\u0113ties un bija tuvu tam. M\u016bsu pamatpiecinieks vilka aiz sevis p\u0101r\u0113j\u0101s, domin\u0113ja emocijas un p\u0113d\u0113j\u0101 ceturtda\u013c\u0101 atguv\u0101mies no m\u012bnus desmit,&#8221; ma\u010dus raksturoja Aigars Nerips. &#8220;Royals&#8221; V\u0101cijas \u010dempion\u0101t\u0101 ie\u0146em otro vietu, var secin\u0101t, ka \u0161\u012bs valsts komandas uz Eiropas fona neizce\u013cas, vienlaikus piecas se\u0161as vien\u012bbas ir sp\u0113kos \u013coti l\u012bdzv\u0113rt\u012bgas, kas turn\u012bru padara \u013coti intri\u0123\u0113jo\u0161u. Latvij\u0101 t\u0101 pietr\u016bkst, jo aiz &#8220;TTT R\u012bga&#8221; ir liela aiza. Baltijas l\u012bg\u0101 r\u012bdzinieces ar septi\u0146\u0101m uzvar\u0101m devi\u0146\u0101s sp\u0113l\u0113s ie\u0146em tre\u0161o vietu, atpaliekot no l\u012bderes Vi\u013c\u0146as &#8220;Kibirk\u0161tis&#8221; (9-0), kas Eiropas kaus\u0101 iek\u013cuvu\u0161as izsl\u0113g\u0161anas turn\u012br\u0101 un n\u0101kotn\u0113 v\u0113las sp\u0113l\u0113t Eirol\u012bg\u0101, k\u0101 ar\u012b Klaip\u0113das &#8220;Nept\u016bnas&#8221; (7-2). Nerips cer, ka izsl\u0113g\u0161anas turn\u012br\u0101 vi\u0146a komanda pac\u012bn\u012bsies ar lietuviet\u0113m.<\/p>\n<p>J\u0101piebilst, ka &#8220;TTT R\u012bgas&#8221; kapteine Ieva Pulvere p\u0113c otr\u0101 b\u0113rna piedzim\u0161anas vasar\u0101 ats\u0101ka profesion\u0101les gaitas un Eirokausos vi\u0146ai bija liel\u0101kais sp\u0113les laiks komand\u0101 \u2013 vid\u0113ji 34 min\u016btes ma\u010d\u0101 un 10,8 g\u016bti punkti. &#8220;Zinot Ievas nepiek\u0101p\u012bgo raksturu un pras\u012bbas pret sevi, uz to ar\u012b cer\u0113j\u0101m. \u0100tri atgriez\u0101s un velk aiz sevis komandu, tas pats ar vienaudzi Karl\u012bnu Pil\u0101beri, p\u0101r\u0113j\u0101m ir kam sekot,&#8221; gandar\u012bts par veter\u0101nu pienesumu ir Aigars Nerips.<\/p>\n<p class=\"paragraph-muted\">Izv\u0113lies savu soct\u012bklu platformu, lai sekotu LASI.LV: <a href=\"https:\/\/www.facebook.com\/portals.lasi.lv\" target=\"_blank\" rel=\"noopener noreferrer nofollow\">Facebook<\/a>, <a href=\"https:\/\/twitter.com\/lasilvportals\" target=\"_blank\" rel=\"noopener noreferrer nofollow\">X<\/a>, <a href=\"https:\/\/bsky.app\/profile\/lasilv.bsky.social\" target=\"_blank\" rel=\"noopener noreferrer nofollow\">Bluesky<\/a>, <a href=\"https:\/\/www.draugiem.lv\/lasilv\/?pg=4\" target=\"_blank\" rel=\"noopener noreferrer nofollow\">Draugiem<\/a> vai ar\u012b <a href=\"https:\/\/www.instagram.com\/lasilv_zinas\/\" target=\"_blank\" rel=\"noopener noreferrer nofollow\">Instagram<\/a>. Pievienojies m\u016bsu las\u012bt\u0101ju pulkam, lai sa\u0146emtu \u012bpa\u0161i tev atlas\u012btu noder\u012bgu, praktisku un aktu\u0101lu saturu.\u00a0<\/p>\n<p><a href=\"https:\/\/lasi.lv\/abonesana\" rel=\"nofollow noopener\" target=\"_blank\">Abon\u0113<\/a>\u00a0LASI.LV gadam\u00a0vai k\u0101du no\u00a0&#8220;Latvijas Mediju&#8221; periodiskajiem izdevumiem 2026. gadam, un laim\u0113 1500 eiro vai Philips kafijas autom\u0101tu. Loterijas at\u013caujas nr. 8744.<\/p>\n<p><img decoding=\"async\" src=\"https:\/\/www.europesays.com\/lv\/wp-content\/uploads\/2025\/12\/1765331834_581_2025100311425268df8c8c1572e.jpg\" alt=\"\" loading=\"lazy\"\/><\/p>\n<p style=\"margin-left:auto;\">Pieraksties LASI.LV redaktora v\u0113stkopai <a href=\"https:\/\/lasi.lv\/vestkopa\/lasi-lv-galvena-redaktora-vestkopa\" rel=\"nofollow noopener\" target=\"_blank\">\u0161eit<\/a>.<\/p>\n<p>Pieraksties v\u0113stkopai un divas reizes ned\u0113\u013c\u0101 sa\u0146em padzi\u013cin\u0101tu LASI.LV galven\u0101 redaktora aktu\u0101lo zi\u0146u, kompetentu viedok\u013cu un interesant\u0101ko interviju apkopojumu.<\/p>\n<p>Ko tu sa\u0146emsi:<\/p>\n<ul>\n<li>Daudzveid\u012bgus koment\u0101rus un kompetentus Latvijas Mediju \u017eurn\u0101listu un autoru viedok\u013cus par aktu\u0101lo<\/li>\n<li>Ekspertu koment\u0101rus par da\u017e\u0101diem praktiskiem, noder\u012bgiem tematiem<\/li>\n<li>Aizraujo\u0161us materi\u0101lus par v\u0113sturi, psiholo\u0123iju, kult\u016bru<\/li>\n<li>Gata \u0160\u013c\u016bkas karikat\u016bru<\/li>\n<li>Tav\u0101 e-pasta kast\u012bt\u0113 katru ceturtdienu<\/li>\n<\/ul>\n<p style=\"margin-left:auto;\">\u00a0<\/p>\n<p><script async src=\"https:\/\/platform.twitter.com\/widgets.js\" charset=\"utf-8\"><\/script><script async src=\"\/\/www.instagram.com\/embed.js\"><\/script><\/p>\n","protected":false},"excerpt":{"rendered":"Sievie\u0161u basketbola klubs &#8220;TTT R\u012bga&#8221; sezonas turpin\u0101jum\u0101 v\u0113las piesaist\u012bt vienu sp\u0113l\u0113t\u0101ju no \u0101rzem\u0113m, &#8220;Latvijas Av\u012bzei&#8221; pauda galvenais treneris&hellip;\n","protected":false},"author":2,"featured_media":70324,"comment_status":"","ping_status":"","sticky":false,"template":"","format":"standard","meta":{"footnotes":""},"categories":[17],"tags":[35,39,38,36,37,34,40,67],"class_list":{"0":"post-70323","1":"post","2":"type-post","3":"status-publish","4":"format-standard","5":"has-post-thumbnail","7":"category-sports","8":"tag-latvia","9":"tag-latvian","10":"tag-latviesu","11":"tag-latviesu-valoda","12":"tag-latviesuvaloda","13":"tag-latvija","14":"tag-lv","15":"tag-sports"},"share_on_mastodon":{"url":"https:\/\/pubeurope.com\/@lv\/115692817874189101","error":""},"_links":{"self":[{"href":"https:\/\/www.europesays.com\/lv\/wp-json\/wp\/v2\/posts\/70323","targetHints":{"allow":["GET"]}}],"collection":[{"href":"https:\/\/www.europesays.com\/lv\/wp-json\/wp\/v2\/posts"}],"about":[{"href":"https:\/\/www.europesays.com\/lv\/wp-json\/wp\/v2\/types\/post"}],"author":[{"embeddable":true,"href":"https:\/\/www.europesays.com\/lv\/wp-json\/wp\/v2\/users\/2"}],"replies":[{"embeddable":true,"href":"https:\/\/www.europesays.com\/lv\/wp-json\/wp\/v2\/comments?post=70323"}],"version-history":[{"count":0,"href":"https:\/\/www.europesays.com\/lv\/wp-json\/wp\/v2\/posts\/70323\/revisions"}],"wp:featuredmedia":[{"embeddable":true,"href":"https:\/\/www.europesays.com\/lv\/wp-json\/wp\/v2\/media\/70324"}],"wp:attachment":[{"href":"https:\/\/www.europesays.com\/lv\/wp-json\/wp\/v2\/media?parent=70323"}],"wp:term":[{"taxonomy":"category","embeddable":true,"href":"https:\/\/www.europesays.com\/lv\/wp-json\/wp\/v2\/categories?post=70323"},{"taxonomy":"post_tag","embeddable":true,"href":"https:\/\/www.europesays.com\/lv\/wp-json\/wp\/v2\/tags?post=70323"}],"curies":[{"name":"wp","href":"https:\/\/api.w.org\/{rel}","templated":true}]}}