{"id":70327,"date":"2025-12-10T02:32:07","date_gmt":"2025-12-10T02:32:07","guid":{"rendered":"https:\/\/www.europesays.com\/lv\/70327\/"},"modified":"2025-12-10T02:32:07","modified_gmt":"2025-12-10T02:32:07","slug":"ventspils-koncertzale-latvija-atklaj-jauno-sezonu-ar-krasnu-un-daudzveidigu-programmu-lente-lv-2","status":"publish","type":"post","link":"https:\/\/www.europesays.com\/lv\/70327\/","title":{"rendered":"Ventspils koncertz\u0101le &#8220;Latvija&#8221; atkl\u0101j jauno sezonu ar kr\u0101\u0161\u0146u un daudzveid\u012bgu programmu\u00a0\u2014\u00a0Lente.lv"},"content":{"rendered":"<p>Koncertz\u0101les &#8220;Latvija&#8221; jaun\u0101 sezona sola muzik\u0101lu baud\u012bjumu un daudzveid\u012bgu programmu<\/p>\n<p>Ventspils koncertz\u0101le &#8220;Latvija&#8221; gatavo publikai jaunu, spilgtu un aizraujo\u0161u sezonu, kas sol\u0101s b\u016bt bag\u0101ta ar daudzveid\u012bgiem muzik\u0101liem notikumiem un satik\u0161anos ar izciliem m\u0101ksliniekiem. Sezona ofici\u0101li tiks atkl\u0101ta 27. septembr\u012b ar v\u0113rien\u012bgu koncertu, kur\u0101 uzst\u0101sies Latvijas Nacion\u0101lais simfoniskais or\u0137estris kop\u0101 ar Valsts Akad\u0113misko kori &#8220;Latvija&#8221;.<\/p>\n<p>M\u0101kslinieku un komponistu zvaig\u017e\u0146u sp\u0113les<\/p>\n<p>Sagaid\u0101ms, ka klaus\u012bt\u0101jiem b\u016bs iesp\u0113ja dzird\u0113t P\u0113tera Vaska, Antonio Vivaldi, Johana Sebasti\u0101na Baha un Gabriela For\u0113 ska\u0146darbus. T\u0101pat \u0161oruden tiks godin\u0101ts di\u017eais igau\u0146u komponists Arvo Perts, kura 90. jubilejas gad\u0101 pianists Georgijs Osokins prezent\u0113s savu jauno albumu &#8220;For ARVO&#8221; un uzst\u0101sies koncertz\u0101l\u0113 ar unik\u0101lu programmu, kur\u0101 skan\u0113s gan Perta ori\u0123in\u0101ldarbi, gan Osokina rad\u012btas klavieru transkripcijas. Kam\u0113r citiem komponistiem, k\u0101 piem\u0113ram, Andrejam Osokinam, \u0161\u012b gada septembr\u012b tika atkl\u0101ta jaun\u0101 latvie\u0161u klavierm\u016bzikas programma \u201cNo Vaska l\u012bdz V\u012btolam\u201d, \u0161\u0137iet, ka 2024.\/2025. gada sezona turpina \u0161o trad\u012bciju, iek\u013caujot latvie\u0161u un starptautisku komponistu darbus.<\/p>\n<p>Pasaules klases m\u0101kslinieki un neaizmirstami koncerti<\/p>\n<p>17. oktobr\u012b gaid\u0101ms spo\u017eais kameror\u0137estris &#8220;Kremerata Baltica&#8221; ar solistiem, bet novembr\u012b ar jauno soloprogrammu &#8220;Bahs un \u0160op\u0113ns&#8221; uzst\u0101sies pianists Reinis Zari\u0146\u0161. Muzik\u0101lo baud\u012bjumu pied\u0101v\u0101s ar\u012b Ventspils kameror\u0137estris un Ventspils bigbends ar saviem viesiem. Sezonas kulmin\u0101cija gaid\u0101ma 6. decembr\u012b, kad uz vienas skatuves tiksies pasaulslavenais mandol\u012bnists Avi Avitals un latvie\u0161u akordeona zvaigzne Ksenija Sidorova.<\/p>\n<p>Sv\u0113tku noska\u0146a un b\u0113rnu programmas<\/p>\n<p>Koncertz\u0101le neaizmirs\u012bs ar\u012b par mazajiem skat\u012bt\u0101jiem, pied\u0101v\u0101jot koncertuzvedumu &#8220;P\u0113ter\u012btis un vilks&#8221;. Ziemassv\u0113tku laik\u0101 klaus\u012bt\u0101jus priec\u0113s da\u017e\u0101di koncerti, tostarp ar Aiju Andrejevu, J\u0101ni Ai\u0161puru un citiem m\u0101ksliniekiem. Gada izska\u0146\u0101, 26. decembr\u012b, ar &#8220;Ziemassv\u0113tku v\u012bzij\u0101m&#8221; un \u0112rika E\u0161envalda darbiem nosl\u0113gsies koncertu programma.<\/p>\n","protected":false},"excerpt":{"rendered":"Koncertz\u0101les &#8220;Latvija&#8221; jaun\u0101 sezona sola muzik\u0101lu baud\u012bjumu un daudzveid\u012bgu programmu Ventspils koncertz\u0101le &#8220;Latvija&#8221; gatavo publikai jaunu, spilgtu un&hellip;\n","protected":false},"author":2,"featured_media":70328,"comment_status":"","ping_status":"","sticky":false,"template":"","format":"standard","meta":{"footnotes":""},"categories":[19],"tags":[89,90,35,39,38,36,37,34,40,5497],"class_list":{"0":"post-70327","1":"post","2":"type-post","3":"status-publish","4":"format-standard","5":"has-post-thumbnail","7":"category-izklaide","8":"tag-entertainment","9":"tag-izklaide","10":"tag-latvia","11":"tag-latvian","12":"tag-latviesu","13":"tag-latviesu-valoda","14":"tag-latviesuvaloda","15":"tag-latvija","16":"tag-lv","17":"tag-ventspils-koncertzale"},"share_on_mastodon":{"url":"https:\/\/pubeurope.com\/@lv\/115692931854299379","error":""},"_links":{"self":[{"href":"https:\/\/www.europesays.com\/lv\/wp-json\/wp\/v2\/posts\/70327","targetHints":{"allow":["GET"]}}],"collection":[{"href":"https:\/\/www.europesays.com\/lv\/wp-json\/wp\/v2\/posts"}],"about":[{"href":"https:\/\/www.europesays.com\/lv\/wp-json\/wp\/v2\/types\/post"}],"author":[{"embeddable":true,"href":"https:\/\/www.europesays.com\/lv\/wp-json\/wp\/v2\/users\/2"}],"replies":[{"embeddable":true,"href":"https:\/\/www.europesays.com\/lv\/wp-json\/wp\/v2\/comments?post=70327"}],"version-history":[{"count":0,"href":"https:\/\/www.europesays.com\/lv\/wp-json\/wp\/v2\/posts\/70327\/revisions"}],"wp:featuredmedia":[{"embeddable":true,"href":"https:\/\/www.europesays.com\/lv\/wp-json\/wp\/v2\/media\/70328"}],"wp:attachment":[{"href":"https:\/\/www.europesays.com\/lv\/wp-json\/wp\/v2\/media?parent=70327"}],"wp:term":[{"taxonomy":"category","embeddable":true,"href":"https:\/\/www.europesays.com\/lv\/wp-json\/wp\/v2\/categories?post=70327"},{"taxonomy":"post_tag","embeddable":true,"href":"https:\/\/www.europesays.com\/lv\/wp-json\/wp\/v2\/tags?post=70327"}],"curies":[{"name":"wp","href":"https:\/\/api.w.org\/{rel}","templated":true}]}}