{"id":70363,"date":"2025-12-10T03:51:08","date_gmt":"2025-12-10T03:51:08","guid":{"rendered":"https:\/\/www.europesays.com\/lv\/70363\/"},"modified":"2025-12-10T03:51:08","modified_gmt":"2025-12-10T03:51:08","slug":"estere-volfa-sasniedz-karjeras-rekordu","status":"publish","type":"post","link":"https:\/\/www.europesays.com\/lv\/70363\/","title":{"rendered":"Estere Volfa sasniedz karjeras rekordu"},"content":{"rendered":"<p>                            <img decoding=\"async\" src=\"https:\/\/www.europesays.com\/lv\/wp-content\/uploads\/2025\/12\/estere.jpeg\" alt=\"Estere\"\/><\/p>\n<p>Veiksm\u012bgs posms. Pasaules kausa biatlon\u0101 pirmais posms veiksm\u012bgs bija c\u0113sniecei Esterei Volfai, kura iedz\u012b\u0161anas distanc\u0113 sasniedza savu l\u012bdz \u0161im augst\u0101ko rezult\u0101tu, fini\u0161\u0113jot 23. viet\u0101.<br \/>\nFOTO: Reiko Kolatsks<\/p>\n<p>Nosl\u0113dzies Pasaules kausa (PK) biatlon\u0101 pirmais posms Zviedrijas pils\u0113t\u0101 Estersund\u0101, kur sevi teicami apliecin\u0101ja jaun\u0101 c\u0113sniece Estere Volfa.<\/p>\n<p>Jau rakst\u012bj\u0101m, ka pirmajam PK trimestrim jeb trim pirmajiem posmiem vietas sievie\u0161u izlas\u0113 garant\u0113ja tr\u012bs c\u0113snieces \u2013 Baiba Bendika, Estere Volfa un Elza Bleidele. Pirms ned\u0113\u013cas rakst\u012bj\u0101m par vi\u0146u startu stafet\u0113s, tagad par aizvad\u012btaj\u0101m individu\u0101laj\u0101m distanc\u0113m. Programma s\u0101k\u0101s ar 15 km individu\u0101lo distanci, kur\u0101 no Latvijas izlases lab\u0101k\u0101 bija E. Volfa, ierindojoties 28. viet\u0101 un nopelnot pirmos PK ieskaites punktus \u0161aj\u0101 sezon\u0101. Ab\u0101s gu\u013cus \u0161autuv\u0113s vi\u0146a bija prec\u012bza, \u0161au\u00adjot st\u0101vus pie\u013cautas tr\u012bs k\u013c\u016bdas (0+1+0+2), uzvar\u0113t\u0101jai zaud\u0113jot nepilnas tr\u012bs min\u016btes. \u0160is bija vi\u0146as lab\u0101kais sasniegums Pasaules kaus\u0101, kur\u0101 vi\u0146ai rit tikai otr\u0101 sezona. E. Bleidelei \u010detras k\u013c\u016bdas ugunsl\u012bnij\u0101 (2+1+0+1) un 60. vieta, bet \u00ad\u00ad\u00ad\u00ad B. Bendikai asto\u0146as k\u013c\u016bdas \u0161au\u0161an\u0101 (1+3+2+2) un 79. vieta. 7,5 km sprint\u0101 B. Bendikai \u0161au\u0161an\u0101 viena k\u013c\u016bda (1+0) un 20. vieta. Viena k\u013c\u016bda (0+1) ar\u012b Esterei, bet solis distanc\u0113 l\u0113n\u0101ks un 44.vieta, kas nedeva ieskaites punktus, bet \u013c\u0101va kvalific\u0113ties iedz\u012b\u0161anai. Divas k\u013c\u016bdas E. Bleidelei (2+0), \u0161oreiz \u0101rpus iedz\u012b\u0161anai, vi\u0146ai 79. vieta.<\/p>\n<p>Posma nosl\u0113dzo\u0161\u0101s sacens\u012bbas \u2013 iedz\u012b\u0161ana, kur no m\u016bs\u0113j\u0101m pirm\u0101 distanc\u0113 dev\u0101s Baiba (k\u0101 20 .) , ta\u010du atkal piev\u012bla \u0161au\u0161ana, un ar \u010detr\u0101m k\u013c\u016bd\u0101m (1+2+1+0) fini\u0161\u0101 tikai 42. vieta.<\/p>\n<p>Savu PK rekordu laboja Estere, kura bija absol\u016bti prec\u012bza vis\u0101s \u010detr\u0101s \u0161autuv\u0113s un no 44. vietas start\u0101 fini\u0161\u0101 sp\u0113ja pacelties l\u012bdz 23. vietai. Kopum\u0101 tikai piec\u0101m biatlonist\u0113m izdev\u0101s aizv\u0113rt visus 20 m\u0113r\u0137us.<\/p>\n<p>Pasaules kausa kopv\u0113rt\u0113jum\u0101 Estere p\u0113c pirm\u0101 posma ir augstaj\u0101 29. viet\u0101, vi\u0146a nopeln\u012bjusi 31 ieskaites punktu. U23 ieskait\u0113 Estere ir piektaj\u0101 viet\u0101. Baiba p\u0113c pirm\u0101 posma ar 21 punktu atrodas 39. viet\u0101.<br \/>\u0160aj\u0101 ned\u0113\u013cas nogal\u0113 PK otrais posms Hohfilcen\u0113, programm\u0101: piektdien sprints, sestdien iedz\u012b\u0161ana, sv\u0113tdien stafetes.<\/p>\n","protected":false},"excerpt":{"rendered":"Veiksm\u012bgs posms. Pasaules kausa biatlon\u0101 pirmais posms veiksm\u012bgs bija c\u0113sniecei Esterei Volfai, kura iedz\u012b\u0161anas distanc\u0113 sasniedza savu l\u012bdz&hellip;\n","protected":false},"author":2,"featured_media":70364,"comment_status":"","ping_status":"","sticky":false,"template":"","format":"standard","meta":{"footnotes":""},"categories":[17],"tags":[35,39,38,36,37,34,40,67],"class_list":{"0":"post-70363","1":"post","2":"type-post","3":"status-publish","4":"format-standard","5":"has-post-thumbnail","7":"category-sports","8":"tag-latvia","9":"tag-latvian","10":"tag-latviesu","11":"tag-latviesu-valoda","12":"tag-latviesuvaloda","13":"tag-latvija","14":"tag-lv","15":"tag-sports"},"share_on_mastodon":{"url":"https:\/\/pubeurope.com\/@lv\/115693242627516535","error":""},"_links":{"self":[{"href":"https:\/\/www.europesays.com\/lv\/wp-json\/wp\/v2\/posts\/70363","targetHints":{"allow":["GET"]}}],"collection":[{"href":"https:\/\/www.europesays.com\/lv\/wp-json\/wp\/v2\/posts"}],"about":[{"href":"https:\/\/www.europesays.com\/lv\/wp-json\/wp\/v2\/types\/post"}],"author":[{"embeddable":true,"href":"https:\/\/www.europesays.com\/lv\/wp-json\/wp\/v2\/users\/2"}],"replies":[{"embeddable":true,"href":"https:\/\/www.europesays.com\/lv\/wp-json\/wp\/v2\/comments?post=70363"}],"version-history":[{"count":0,"href":"https:\/\/www.europesays.com\/lv\/wp-json\/wp\/v2\/posts\/70363\/revisions"}],"wp:featuredmedia":[{"embeddable":true,"href":"https:\/\/www.europesays.com\/lv\/wp-json\/wp\/v2\/media\/70364"}],"wp:attachment":[{"href":"https:\/\/www.europesays.com\/lv\/wp-json\/wp\/v2\/media?parent=70363"}],"wp:term":[{"taxonomy":"category","embeddable":true,"href":"https:\/\/www.europesays.com\/lv\/wp-json\/wp\/v2\/categories?post=70363"},{"taxonomy":"post_tag","embeddable":true,"href":"https:\/\/www.europesays.com\/lv\/wp-json\/wp\/v2\/tags?post=70363"}],"curies":[{"name":"wp","href":"https:\/\/api.w.org\/{rel}","templated":true}]}}