{"id":70370,"date":"2025-12-10T04:27:11","date_gmt":"2025-12-10T04:27:11","guid":{"rendered":"https:\/\/www.europesays.com\/lv\/70370\/"},"modified":"2025-12-10T04:27:11","modified_gmt":"2025-12-10T04:27:11","slug":"lapi-hyundai-zvans-mani-parsteidza","status":"publish","type":"post","link":"https:\/\/www.europesays.com\/lv\/70370\/","title":{"rendered":"Lapi: Hyundai zvans mani p\u0101rsteidza"},"content":{"rendered":"<p>Enija un Esapeka. Foto: www.facebook.com\/EsapekkaLappiOfficial<\/p>\n<p>Pag\u0101ju\u0161\u0101s ned\u0113\u013cas izska\u0146\u0101 &#8221;Hyundai Motorsport&#8221; pazi\u0146oja savu sast\u0101vu 2026. gada FIA pasaules rallija \u010dempion\u0101tam, kop\u0101 piesaistot piecas pieredz\u0113ju\u0161as un konkur\u0113tsp\u0113j\u012bgas ekip\u0101\u017eas.<\/p>\n<p>Ja Tjer\u012b Noivils un Adrians Formo start\u0113s visos n\u0101kam\u0101s sezonas posmos, tad tre\u0161o &#8221;Hyundai i20 N Rally1&#8221; automa\u0161\u012bnu dal\u012bs pieredz\u0113ju\u0161ie Dani Sordo, Esapeka Lappi un Haidens Padons. <\/p>\n<p>Lapi start\u0113s ar 2024.gada WRC2 st\u016brmani, \u010dempioni Eniju Malkoneni, ar kuru vi\u0146i \u0161ogad k\u013cuva par Somijas rallija \u010dempioniem. Lai ar\u012b Lapi \u0161ogad atkl\u0101ja, ka vi\u0146a m\u0113r\u0137is nav atgriezties WRC, Hyundai zvans esot vi\u0146u p\u0101rsteidzis.<\/p>\n<p><img loading=\"lazy\" decoding=\"async\" height=\"280\" width=\"420\" src=\"https:\/\/www.europesays.com\/lv\/wp-content\/uploads\/2025\/12\/hfr_dsc_0298.jpg\"\/><\/p>\n<p>Foto: Honza Fron\u011bk<\/p>\n<p>&#8221;Man ir liels gods atgriezties Hyundai Motorsport komand\u0101 2026. gada FIA WRC sezon\u0101. Es dom\u0101ju, ka mana karjera WRC ir beigusies, bet p\u0113c daudz\u0101m sarun\u0101m ar da\u017e\u0101diem cilv\u0113kiem sapratu, ka t\u0101 ir lieliska ideja. Es joproj\u0101m piedal\u012b\u0161os Somijas \u010dempion\u0101t\u0101, kas man sag\u0101d\u0101 lielu prieku, bet Sirila Abitebula (Hyundai Motorsport vad\u012bt\u0101js) zvans mani p\u0101rsteidza un lika atgriezties. Esmu satraukts t\u0101pat k\u0101 mazs z\u0113ns, ka atkal var\u0113\u0161u s\u0113sties pie Rally1 automa\u0161\u012bnas st\u016bres, un \u0161oreiz kop\u0101 ar Eniju, kurai t\u0101 ir br\u012bni\u0161\u0137\u012bga jauna iesp\u0113ja. Mana uzvara 2024. gada Zviedrijas rallij\u0101 ir lieliska motiv\u0101cija m\u016bsu 2026. gada m\u0113r\u0137iem, un es nevaru sagaid\u012bt, kad var\u0113\u0161u s\u0101kt,&#8221; t\u0101 Esapeka Lapi, kura pirmais starts paredz\u0113ts Zviedrijas WRC rallij\u0101.<\/p>\n","protected":false},"excerpt":{"rendered":"Enija un Esapeka. Foto: www.facebook.com\/EsapekkaLappiOfficial Pag\u0101ju\u0161\u0101s ned\u0113\u013cas izska\u0146\u0101 &#8221;Hyundai Motorsport&#8221; pazi\u0146oja savu sast\u0101vu 2026. gada FIA pasaules rallija&hellip;\n","protected":false},"author":2,"featured_media":70371,"comment_status":"","ping_status":"","sticky":false,"template":"","format":"standard","meta":{"footnotes":""},"categories":[17],"tags":[35,39,38,36,37,34,40,67],"class_list":{"0":"post-70370","1":"post","2":"type-post","3":"status-publish","4":"format-standard","5":"has-post-thumbnail","7":"category-sports","8":"tag-latvia","9":"tag-latvian","10":"tag-latviesu","11":"tag-latviesu-valoda","12":"tag-latviesuvaloda","13":"tag-latvija","14":"tag-lv","15":"tag-sports"},"share_on_mastodon":{"url":"https:\/\/pubeurope.com\/@lv\/115693384272363735","error":""},"_links":{"self":[{"href":"https:\/\/www.europesays.com\/lv\/wp-json\/wp\/v2\/posts\/70370","targetHints":{"allow":["GET"]}}],"collection":[{"href":"https:\/\/www.europesays.com\/lv\/wp-json\/wp\/v2\/posts"}],"about":[{"href":"https:\/\/www.europesays.com\/lv\/wp-json\/wp\/v2\/types\/post"}],"author":[{"embeddable":true,"href":"https:\/\/www.europesays.com\/lv\/wp-json\/wp\/v2\/users\/2"}],"replies":[{"embeddable":true,"href":"https:\/\/www.europesays.com\/lv\/wp-json\/wp\/v2\/comments?post=70370"}],"version-history":[{"count":0,"href":"https:\/\/www.europesays.com\/lv\/wp-json\/wp\/v2\/posts\/70370\/revisions"}],"wp:featuredmedia":[{"embeddable":true,"href":"https:\/\/www.europesays.com\/lv\/wp-json\/wp\/v2\/media\/70371"}],"wp:attachment":[{"href":"https:\/\/www.europesays.com\/lv\/wp-json\/wp\/v2\/media?parent=70370"}],"wp:term":[{"taxonomy":"category","embeddable":true,"href":"https:\/\/www.europesays.com\/lv\/wp-json\/wp\/v2\/categories?post=70370"},{"taxonomy":"post_tag","embeddable":true,"href":"https:\/\/www.europesays.com\/lv\/wp-json\/wp\/v2\/tags?post=70370"}],"curies":[{"name":"wp","href":"https:\/\/api.w.org\/{rel}","templated":true}]}}