{"id":70373,"date":"2025-12-10T04:34:09","date_gmt":"2025-12-10T04:34:09","guid":{"rendered":"https:\/\/www.europesays.com\/lv\/70373\/"},"modified":"2025-12-10T04:34:09","modified_gmt":"2025-12-10T04:34:09","slug":"thyssenkrupp-akciju-vertiba-kritas-prognozejot-rekordaugstus-zaudejumus-lente-lv","status":"publish","type":"post","link":"https:\/\/www.europesays.com\/lv\/70373\/","title":{"rendered":"Thyssenkrupp akciju v\u0113rt\u012bba kr\u012btas, prognoz\u0113jot rekordaugstus zaud\u0113jumus\u00a0\u2014\u00a0Lente.lv"},"content":{"rendered":"<p>Thyssenkrupp akciju kritums un prognozes par lieliem zaud\u0113jumiem<\/p>\n<p>V\u0101cijas r\u016bpniec\u012bbas gigants Thyssenkrupp piedz\u012bvoja iev\u0113rojamu savu akciju v\u0113rt\u012bbas kritumu otrdien, jo uz\u0146\u0113mums prognoz\u0113 smagus zaud\u0113jumus gaid\u0101maj\u0101 finan\u0161u gad\u0101. Ap pulksten 13:30 p\u0113c Frankfurtes laika akciju cena bija nokritusies par 8,85%, atspogu\u013cojot v\u0113l strauj\u0101ku kritumu, kas tika nov\u0113rots iepriek\u0161 dienas laik\u0101. \u0160is satrauco\u0161ais pav\u0113rsiens notiek laik\u0101, kad Thyssenkrupp ir dzi\u013ci iegriezies restrukturiz\u0101cijas proces\u0101, cen\u0161oties nostiprin\u0101t savas finanses, ko negat\u012bvi ietekm\u0113ju\u0161i augstie ener\u0123ijas izdevumi un dedz\u012bg\u0101 konkurence no l\u0113t\u0101kiem ra\u017eot\u0101jiem.<\/p>\n<p>Finansi\u0101l\u0101s prognozes un n\u0101kotnes izaicin\u0101jumi<\/p>\n<p>T\u0113rauda ra\u017eo\u0161anas un in\u017eenierijas uz\u0146\u0113mums paredz negat\u012bvu br\u012bvo naudas pl\u016bsmu 300 l\u012bdz 600 miljonu eiro apm\u0113r\u0101 sav\u0101 finan\u0161u gad\u0101, kas nosl\u0113gsies 2026. gada 30. septembr\u012b. \u0160is apr\u0113\u0137ins netiek iek\u013cauti iesp\u0113jamie apvieno\u0161an\u0101s un p\u0101r\u0146em\u0161anas dar\u012bjumi. Turkl\u0101t Thyssenkrupp prognoz\u0113, ka \u0161aj\u0101 finan\u0161u gad\u0101 zaud\u0113jumi sasniegs 400 l\u012bdz 800 miljonus eiro. Uz\u0146\u0113muma finan\u0161u direktors Dr. Axels Hamanns skaidroja: <\/p>\n<blockquote><p>\u201cM\u016bsu prognoze \u0146em v\u0113r\u0101 past\u0101v\u012bgi sare\u017e\u0123\u012btos tirgus apst\u0101k\u013cus un m\u016bsu segmentu efektivit\u0101tes un restrukturiz\u0101cijas pas\u0101kumus. Ap\u0146\u0113m\u012bga m\u016bsu efektivit\u0101tes un izmaksu samazin\u0101\u0161anas programmu \u012bsteno\u0161ana visos segmentos ir \u013coti svar\u012bga m\u016bsu ien\u0101kumu att\u012bst\u012bbai.\u201d<\/p><\/blockquote>\n<p>Pag\u0101ju\u0161\u0101 gada rezult\u0101ti un restrukturiz\u0101cijas izmaksas<\/p>\n<p>Neskatoties uz izaicin\u0101jumiem, Hamanns piebilda, ka uz\u0146\u0113mums ir izpild\u012bjis savus finan\u0161u m\u0113r\u0137us tikko nosl\u0113gu\u0161ajam gadam. Thyssenkrupp \u0161aj\u0101 period\u0101 rad\u012bja pozit\u012bvu br\u012bvo naudas pl\u016bsmu 363 miljonu eiro apm\u0113r\u0101, kas ir iev\u0113rojami virs iepriek\u0161\u0113j\u0101 gada zaud\u0113jumiem 110 miljonu eiro apm\u0113r\u0101. P\u0101rdo\u0161anas apjoms sasniedza 32,8 miljardus eiro, kas atbilst gaid\u0101m, ta\u010du iez\u012bm\u0113 6% kritumu sal\u012bdzin\u0101jum\u0101 ar iepriek\u0161\u0113jo gadu. N\u0101kamo gadu uz\u0146\u0113mums paredz restrukturiz\u0101cijas izmaksas 350 miljonu eiro apm\u0113r\u0101, cen\u0161oties palielin\u0101t savu ilgtermi\u0146a ienes\u012bgumu. \u0160\u012b strat\u0113\u0123ija ir nepiecie\u0161ama, lai gan uz\u0146\u0113mums, gan V\u0101cijas ra\u017eo\u0161anas sektors kopum\u0101, kas ir k\u0101 simbols valsts r\u016bpniec\u012bbas gr\u016bt\u012bb\u0101m, var\u0113tu atg\u016bties no smag\u0101 ener\u0123ijas cenu l\u0113ciena Eirop\u0101 un sp\u0113c\u012bg\u0101s konkurences no \u0100zijas.<\/p>\n<p>Darba vietu samazin\u0101\u0161ana un strat\u0113\u0123iskie l\u0113mumi<\/p>\n<p>Pag\u0101ju\u0161aj\u0101 ned\u0113\u013c\u0101 Thyssenkrupp t\u0113rauda noda\u013ca pazi\u0146oja par darba vietu samazin\u0101\u0161anas uzs\u0101k\u0161anu p\u0113c ilgi gaid\u012btas vieno\u0161an\u0101s ar arodbiedr\u012bb\u0101m. Vieno\u0161an\u0101s nosac\u012bjumi paredz likvid\u0113t 11 000 darbavietu t\u0113rauda r\u016bpn\u012bc\u0101s, kas veido aptuveni 40% no darbasp\u0113ka \u0161aj\u0101 sektor\u0101. T\u0113rauda ra\u017eo\u0161anas apjoms tiks samazin\u0101ts par aptuveni 2,8 miljoniem tonnu, kas ir aptuveni 25% kritums. \u0160ie drastiskie pas\u0101kumi ir nepiecie\u0161ami, lai piel\u0101gotos main\u012bgajiem tirgus apst\u0101k\u013ciem, ko v\u0113l vair\u0101k pasliktina v\u0101ja piepras\u012bjuma tendences, kas saist\u012btas ar neizteiksm\u012bgu izaugsmi Eirop\u0101 p\u0113c pand\u0113mijas. Tas ir sk\u0101ris ar\u012b pe\u013c\u0146as normas, \u012bpa\u0161i auto ra\u017eot\u0101jiem samazinot t\u0113rauda un auto deta\u013cu iepirkumus. K\u0101dreiz sp\u0113c\u012bgais konglomer\u0101ts ar diversific\u0113t\u0101m noda\u013c\u0101m, s\u0101kot no in\u017eenierijas un beidzot ar liftiem un aizsardz\u012bbu, tagad cen\u0161as atdal\u012bt savas maz\u0101k veiksm\u012bg\u0101s nozares atsevi\u0161\u0137os uz\u0146\u0113mumos.<\/p>\n<p>P\u0101r\u0146em\u0161anas un vides ilgtsp\u0113j\u012bba<\/p>\n<p>Indijas uz\u0146\u0113mums Jindal Steel pa\u0161laik izskata Thyssenkrupp t\u0113rauda vien\u012bbas p\u0101r\u0146em\u0161anas iesp\u0113ju, aizst\u0101jot agr\u0101ko pretendenti Danielu K\u0159et\u00ednski. \u010cehijas miljardieris agr\u0101k \u0161\u012b gada s\u0101kum\u0101 atteic\u0101s no potenci\u0101l\u0101 dar\u012bjuma, atdodot 20% t\u0113rauda noda\u013cas akciju, ko bija ieg\u0101d\u0101jies, un p\u0101rtraucot pl\u0101nus palielin\u0101t savu da\u013cu l\u012bdz 50%. Viens no galvenajiem t\u0113rauda noda\u013cas priorit\u0101rajiem uzdevumiem ir *dekarboniz\u0101cija*, un Thyssenkrupp jau akt\u012bvi iegulda l\u012bdzek\u013cus zemu oglek\u013ca emisiju ra\u017eo\u0161anas meto\u017eu att\u012bst\u012bb\u0101. Thyssenkrupp ar\u012b veiksm\u012bgi p\u0101rdeva savu j\u016bras tehnolo\u0123iju noda\u013cu TKMS agr\u0101k \u0161\u012b gada s\u0101kum\u0101, kot\u0113jot to Frankfurt\u0113 bir\u017e\u0101, t\u0101d\u0113j\u0101di sperot soli t\u0101l\u0101k no restrukturiz\u0101cijas ce\u013ca.<\/p>\n","protected":false},"excerpt":{"rendered":"Thyssenkrupp akciju kritums un prognozes par lieliem zaud\u0113jumiem V\u0101cijas r\u016bpniec\u012bbas gigants Thyssenkrupp piedz\u012bvoja iev\u0113rojamu savu akciju v\u0113rt\u012bbas kritumu&hellip;\n","protected":false},"author":2,"featured_media":70374,"comment_status":"","ping_status":"","sticky":false,"template":"","format":"standard","meta":{"footnotes":""},"categories":[16],"tags":[77,76,12665,35,39,38,36,37,34,40,18003,18004,18001,18002],"class_list":{"0":"post-70373","1":"post","2":"type-post","3":"status-publish","4":"format-standard","5":"has-post-thumbnail","7":"category-bizness","8":"tag-bizness","9":"tag-business","10":"tag-finansu-zaudejumi","11":"tag-latvia","12":"tag-latvian","13":"tag-latviesu","14":"tag-latviesu-valoda","15":"tag-latviesuvaloda","16":"tag-latvija","17":"tag-lv","18":"tag-restrukturizacija","19":"tag-terauda-razosana","20":"tag-thyssenkrupp","21":"tag-vacijas-rupnieciba"},"share_on_mastodon":{"url":"https:\/\/pubeurope.com\/@lv\/115693411565581797","error":""},"_links":{"self":[{"href":"https:\/\/www.europesays.com\/lv\/wp-json\/wp\/v2\/posts\/70373","targetHints":{"allow":["GET"]}}],"collection":[{"href":"https:\/\/www.europesays.com\/lv\/wp-json\/wp\/v2\/posts"}],"about":[{"href":"https:\/\/www.europesays.com\/lv\/wp-json\/wp\/v2\/types\/post"}],"author":[{"embeddable":true,"href":"https:\/\/www.europesays.com\/lv\/wp-json\/wp\/v2\/users\/2"}],"replies":[{"embeddable":true,"href":"https:\/\/www.europesays.com\/lv\/wp-json\/wp\/v2\/comments?post=70373"}],"version-history":[{"count":0,"href":"https:\/\/www.europesays.com\/lv\/wp-json\/wp\/v2\/posts\/70373\/revisions"}],"wp:featuredmedia":[{"embeddable":true,"href":"https:\/\/www.europesays.com\/lv\/wp-json\/wp\/v2\/media\/70374"}],"wp:attachment":[{"href":"https:\/\/www.europesays.com\/lv\/wp-json\/wp\/v2\/media?parent=70373"}],"wp:term":[{"taxonomy":"category","embeddable":true,"href":"https:\/\/www.europesays.com\/lv\/wp-json\/wp\/v2\/categories?post=70373"},{"taxonomy":"post_tag","embeddable":true,"href":"https:\/\/www.europesays.com\/lv\/wp-json\/wp\/v2\/tags?post=70373"}],"curies":[{"name":"wp","href":"https:\/\/api.w.org\/{rel}","templated":true}]}}