{"id":70382,"date":"2025-12-10T04:47:10","date_gmt":"2025-12-10T04:47:10","guid":{"rendered":"https:\/\/www.europesays.com\/lv\/70382\/"},"modified":"2025-12-10T04:47:10","modified_gmt":"2025-12-10T04:47:10","slug":"aptauja-atklaj-ka-lielaka-dala-latvijas-iedzivotaju-atbalsta-socialo-tiklu-lietosanas-ierobezosanu-berniem-un-jauniesiem","status":"publish","type":"post","link":"https:\/\/www.europesays.com\/lv\/70382\/","title":{"rendered":"Aptauja atkl\u0101j, ka liel\u0101k\u0101 da\u013ca Latvijas iedz\u012bvot\u0101ju atbalsta soci\u0101lo t\u012bklu lieto\u0161anas ierobe\u017eo\u0161anu b\u0113rniem un jaunie\u0161iem"},"content":{"rendered":"<p>Latvij\u0101 76% iedz\u012bvot\u0101ju uzskata, ka b\u016btu j\u0101mekl\u0113 risin\u0101jumi, lai ierobe\u017eotu soci\u0101lo t\u012bklu lieto\u0161anu b\u0113rnu un jaunie\u0161u vid\u016b, a\u0123ent\u016bru LETA inform\u0113ja mobilo sakaru operators SIA &#8220;Tele2&#8221;, atsaucoties uz veikto aptauju.<\/p>\n<p>Savuk\u0101rt 33% iedz\u012bvot\u0101ju uzskata, ka soci\u0101lie t\u012bkli b\u016btu piln\u012bb\u0101 j\u0101aizliedz b\u0113rniem l\u012bdz 13 gadu vecumam, kas atbilst daudzu soci\u0101lo t\u012bklu platformu noteikumiem. Vienlaikus 19% uzskata, ka soci\u0101lie t\u012bkli j\u0101aizliedz l\u012bdz septi\u0146u gadu vecumam vai l\u012bdz laikam, kam\u0113r b\u0113rns v\u0113l apmekl\u0113 b\u0113rnud\u0101rzu.<\/p>\n<p>&#8220;Tele2&#8221; nor\u0101da, ka diskusijas par nepiecie\u0161am\u012bbu ierobe\u017eot soci\u0101lo t\u012bklu pieejam\u012bbu b\u0113rniem un pusaud\u017eiem p\u0113d\u0113j\u0101 laik\u0101 saasin\u0101s vis\u0101 pasaul\u0113. Austr\u0101lij\u0101 st\u0101jas sp\u0113k\u0101 noteikumi, kas paredz ierobe\u017eot soci\u0101lo t\u012bklu piek\u013cuvi jaunie\u0161iem l\u012bdz 16 gadu vecumam, un l\u012bdz\u012bgi priek\u0161likumi tiek apspriesti ar\u012b citviet, \u0146emot v\u0113r\u0101 to p\u0101rm\u0113r\u012bgas lieto\u0161anas rad\u012btos negat\u012bvos aspektus. Piem\u0113ram, Francij\u0101 izskan\u0113jis ierosin\u0101jums aizliegt soci\u0101los t\u012bklus l\u012bdz 15 gadu vecumam.<\/p>\n<p>Dom\u0101jot par iesp\u0113jamiem risin\u0101jumiem, 44% respondentu atz\u012bst, ka b\u016btiska ir \u0123imenes loma &#8211; vai \u0123imen\u0113 past\u0101v skaidri noteikumi un vai vec\u0101ki r\u0101da priek\u0161z\u012bmi. Tre\u0161da\u013ca jeb 36% dom\u0101, ka j\u0101nosaka konkr\u0113ti limiti, cik daudz dien\u0101 var lietot soci\u0101los t\u012bklus, savuk\u0101rt 24% nor\u0101da, ka telefon\u0101 ir j\u0101blo\u0137\u0113 piek\u013cuve soci\u0101lajiem t\u012bkliem.<\/p>\n<p><img decoding=\"async\" src=\"https:\/\/www.europesays.com\/lv\/wp-content\/uploads\/2025\/12\/5d078f48a58e2a1dc5674259a7e6289e.jpg\" title=\"Foto: scanpix\/REUTERS\/Dado Ruvic\/Illustration\" alt=\"Foto: scanpix\/REUTERS\/Dado Ruvic\/Illustration\"\/><\/p>\n<p class=\"article-img-desc\">Foto: scanpix\/REUTERS\/Dado Ruvic\/Illustration<\/p>\n","protected":false},"excerpt":{"rendered":"Latvij\u0101 76% iedz\u012bvot\u0101ju uzskata, ka b\u016btu j\u0101mekl\u0113 risin\u0101jumi, lai ierobe\u017eotu soci\u0101lo t\u012bklu lieto\u0161anu b\u0113rnu un jaunie\u0161u vid\u016b, a\u0123ent\u016bru&hellip;\n","protected":false},"author":2,"featured_media":70383,"comment_status":"","ping_status":"","sticky":false,"template":"","format":"standard","meta":{"footnotes":""},"categories":[14],"tags":[129,9244,2031,15773,23,57,28,29,32,33,22,30,31,35,39,38,36,37,34,40,20,26,27,2032,9245,15774,2033,9246,15775,24,25,54,55,56,21,58],"class_list":{"0":"post-70382","1":"post","2":"type-post","3":"status-publish","4":"format-standard","5":"has-post-thumbnail","7":"category-zinas-no-arvalstim","8":"tag-__typenameadvicekeyword","9":"tag-id1032","10":"tag-id1052","11":"tag-id1150","12":"tag-aktualitates","13":"tag-arvalstim","14":"tag-breaking-news","15":"tag-breakingnews","16":"tag-featured-news","17":"tag-featurednews","18":"tag-headlines","19":"tag-latest-news","20":"tag-latestnews","21":"tag-latvia","22":"tag-latvian","23":"tag-latviesu","24":"tag-latviesu-valoda","25":"tag-latviesuvaloda","26":"tag-latvija","27":"tag-lv","28":"tag-news","29":"tag-popularakas-zinas","30":"tag-popularakaszinas","31":"tag-slugberni","32":"tag-slugjauniesi","33":"tag-slugsocialie-tikli","34":"tag-titleberni","35":"tag-titlejauniesi","36":"tag-titlesocialie-tikli","37":"tag-top-stories","38":"tag-topstories","39":"tag-world","40":"tag-world-news","41":"tag-worldnews","42":"tag-zinas","43":"tag-zinas-no-arvalstim"},"share_on_mastodon":{"url":"","error":"Validation failed: Text character limit of 500 exceeded"},"_links":{"self":[{"href":"https:\/\/www.europesays.com\/lv\/wp-json\/wp\/v2\/posts\/70382","targetHints":{"allow":["GET"]}}],"collection":[{"href":"https:\/\/www.europesays.com\/lv\/wp-json\/wp\/v2\/posts"}],"about":[{"href":"https:\/\/www.europesays.com\/lv\/wp-json\/wp\/v2\/types\/post"}],"author":[{"embeddable":true,"href":"https:\/\/www.europesays.com\/lv\/wp-json\/wp\/v2\/users\/2"}],"replies":[{"embeddable":true,"href":"https:\/\/www.europesays.com\/lv\/wp-json\/wp\/v2\/comments?post=70382"}],"version-history":[{"count":0,"href":"https:\/\/www.europesays.com\/lv\/wp-json\/wp\/v2\/posts\/70382\/revisions"}],"wp:featuredmedia":[{"embeddable":true,"href":"https:\/\/www.europesays.com\/lv\/wp-json\/wp\/v2\/media\/70383"}],"wp:attachment":[{"href":"https:\/\/www.europesays.com\/lv\/wp-json\/wp\/v2\/media?parent=70382"}],"wp:term":[{"taxonomy":"category","embeddable":true,"href":"https:\/\/www.europesays.com\/lv\/wp-json\/wp\/v2\/categories?post=70382"},{"taxonomy":"post_tag","embeddable":true,"href":"https:\/\/www.europesays.com\/lv\/wp-json\/wp\/v2\/tags?post=70382"}],"curies":[{"name":"wp","href":"https:\/\/api.w.org\/{rel}","templated":true}]}}