{"id":70390,"date":"2025-12-10T04:53:09","date_gmt":"2025-12-10T04:53:09","guid":{"rendered":"https:\/\/www.europesays.com\/lv\/70390\/"},"modified":"2025-12-10T04:53:09","modified_gmt":"2025-12-10T04:53:09","slug":"zelenskis-pielauj-ukrainas-prezidenta-velesanu-rikosanu-kara-laika-raksts","status":"publish","type":"post","link":"https:\/\/www.europesays.com\/lv\/70390\/","title":{"rendered":"Zelenskis pie\u013cauj Ukrainas prezidenta v\u0113l\u0113\u0161anu r\u012bko\u0161anu kara laik\u0101 \/ Raksts"},"content":{"rendered":"<p>Ukrainas prezidents Volodimirs Zelenskis pie\u013c\u0101vis valsts vad\u012bt\u0101ja v\u0113l\u0113\u0161anu iesp\u0113ju Krievijas agresijas apst\u0101k\u013cos. Ta\u010du t\u0101s var notikt vien\u012bgi gad\u012bjum\u0101, ja balso\u0161anas laik\u0101 tiks garant\u0113ta dro\u0161\u012bba.<\/p>\n<p>Zelenskis virtu\u0101l\u0101 preses konferenc\u0113 pazi\u0146oja, ka esot gatavs v\u0113l\u0113\u0161an\u0101m. Vi\u0146\u0161 ar\u012b l\u016bg\u0161ot deput\u0101tus sagatavot priek\u0161likumus par iesp\u0113ju izdar\u012bt groz\u012bjumus ties\u012bbu aktos, tai skait\u0101\u00a0likum\u0101 par v\u0113l\u0113\u0161an\u0101m karast\u0101vok\u013ca laik\u0101. Ta\u010du vispirms esot vajadz\u012bgs garant\u0113t to dro\u0161\u012bbu, t\u0101p\u0113c vi\u0146\u0161 aicin\u0101ja\u00a0ASV un, iesp\u0113jams, ar\u012b Eiropas valstis\u00a0pal\u012bdz\u0113t to nodro\u0161in\u0101t.<\/p>\n<p>&#8220;K\u0101 t\u0101s var sar\u012bkot? K\u0101 to var izdar\u012bt triecienu laik\u0101, kad lido ra\u0137etes?&#8221;\u00a0Ukrainas l\u012bderis uzdeva retorisku jaut\u0101jumu. Nav ar\u012b skaidrs, k\u0101 var\u0113tu nobalsot milit\u0101rpersonas.<\/p>\n<blockquote>\n<p>Ja var\u0113tu \u012bstenot dro\u0161\u0101s v\u0113l\u0113\u0161anas, tad Ukraina b\u016bs gatava t\u0101s r\u012bkot n\u0101kamo 60 l\u012bdz 90 dienu laik\u0101, piebilda Zelenskis.<\/p>\n<\/blockquote>\n<p>ASV prezidents Donalds Tramps iepriek\u0161 aps\u016bdz\u0113ja Kijivu kara izmanto\u0161an\u0101, lai izvair\u012btos no v\u0113l\u0113\u0161anu r\u012bko\u0161anas, un Zelenskis par nepamatotu nod\u0113v\u0113ja viedokli, ka vi\u0146\u0161 turoties pie prezidenta kr\u0113sla. V\u0113l\u0113\u0161anas atliktas, jo valst\u012b noteikts karast\u0101voklis p\u0113c\u00a0Krievijas pilna m\u0113roga iebrukuma 2022.\u00a0gada febru\u0101r\u012b.<\/p>\n<p>Aptauja: Par Zelenski balsotu piektda\u013ca ukrai\u0146u<\/p>\n<p>Zelenska izteikumi iez\u012bm\u0113 jaunu pav\u0113rsienu Kijivas nost\u0101j\u0101, jo s\u0101kotn\u0113ji <a href=\"https:\/\/www.lsm.lv\/raksts\/zinas\/arzemes\/05.02.2025-ukrainas-vadiba-skeptiski-verte-iespeju-sarikot-velesanas-kara-laika.a586619\/?utm_source=lsm&amp;utm_medium=theme&amp;utm_campaign=theme\" class=\"lsm-link\" data-type=\"article\" data-id=\"586619\" rel=\"nofollow noopener\" target=\"_blank\">Ukrainas amatpersonas pazi\u0146oja<\/a>, ka v\u0113l\u0113\u0161anas notiks tikai p\u0113c kara beig\u0101m.<\/p>\n<p>Saska\u0146\u0101 ar kara st\u0101vokli, prezidenta, parlamenta un pa\u0161vald\u012bbu v\u0113l\u0113\u0161anas \u0161obr\u012bd ir aizliegtas. Zelenskis nesen nor\u0101d\u012bja, ka ir gatavs v\u0113l\u0113\u0161an\u0101s nemaz nestart\u0113t.<\/p>\n<p>Bet saska\u0146\u0101 ar nesen veikto Kijivas Starptautisk\u0101 sociolo\u0123ijas instit\u016bta aptauju tikai 22\u00a0% ukrai\u0146u atbalsta v\u0113l\u0113\u0161anas p\u0113c pamiera ar dro\u0161\u012bbas garantij\u0101m, savuk\u0101rt 63\u00a0% uzskata, ka v\u0113l\u0113\u0161an\u0101m j\u0101notiek p\u0113c kara beig\u0101m.<\/p>\n<blockquote>\n<p>Bet, ja Zelenskis start\u0113tu v\u0113l\u0113\u0161an\u0101s, par vi\u0146u balsotu vien 20,3\u00a0% ukrai\u0146u, tas secin\u0101ts otrdien public\u0113t\u0101 ukrai\u0146u komp\u0101nijas &#8220;Info Sapiens&#8221;\u00a0aptauj\u0101.<\/p>\n<\/blockquote>\n<p>Tai pat laik\u0101\u00a0vi\u0146\u0161 joproj\u0101m ir popul\u0101r\u0101kais kandid\u0101ts.<\/p>\n<p>Otraj\u0101 viet\u0101 ierindojas biju\u0161ais virspav\u0113lnieks Val\u0113rijs Zalu\u017e\u0146ijs, kur\u0161 tagad ir Ukrainas v\u0113stnieks Lielbrit\u0101nij\u0101, kuram aptauj\u0101 atbalstu pauda 19,1\u00a0% respondentu. Un tre\u0161aj\u0101 viet\u0101 ir milit\u0101r\u0101 izl\u016bkdienesta vad\u012bt\u0101js Kirilo Budanovs ar 5,1\u00a0% atbalstu.<\/p>\n<p>Miera pl\u0101ns sadal\u012bts tr\u012bs dokumentos<\/p>\n<p>Zelenskis ar\u012b inform\u0113ja, ka\u00a0s\u0101kotn\u0113jais ASV pl\u0101ns kara izbeig\u0161anai ir sadal\u012bts tr\u012bs dokumentos \u2013\u00a020 punktu vieno\u0161an\u0101s un dokumentos par dro\u0161\u012bbas garantij\u0101m un Ukrainas atjauno\u0161anu p\u0113c kara.<\/p>\n<p>Zelenskis nor\u0101d\u012bjis, ka Ukraina un t\u0101s partneri \u0161obr\u012bd str\u0101d\u0101 kopum\u0101 pie trim dokumentiem, kas veido pamatu pa\u0161reiz\u0113jiem diplom\u0101tiskajiem centieniem izbeigt karu. Teksti aptverot miera pamatl\u012bgumu, dro\u0161\u012bbas garantijas un rekonstrukciju.<\/p>\n<p>Prezidents pazi\u0146ojis, ka kop\u0101 ar eiropie\u0161iem ir pabeidzis izskat\u012bt un atjaunot pl\u0101nu un ir gatavs to iesniegt ASV, lai pan\u0101ktu, ka taj\u0101 iek\u013cautos punktus var izpild\u012bt. Attiec\u012bb\u0101 uz dro\u0161\u012bbas garantij\u0101m darbs notiek gan ar amerik\u0101\u0146iem, gan ar eiropie\u0161iem. Zelenskis \u0161aj\u0101 sakar\u0101 \u0161obr\u012bd gaida priek\u0161likumus no Ukrainas milit\u0101rperson\u0101m un no vi\u0146u dialoga ar amerik\u0101\u0146iem. Dro\u0161\u012bbas garantij\u0101m vajadz\u0113tu b\u016bt l\u012bdz\u012bg\u0101m k\u0101 NATO 5. panta garantijas, ta\u010du pie deta\u013c\u0101m v\u0113l str\u0101d\u0101.<\/p>\n<p>Tre\u0161ais dokuments attiecas uz Ukrainas atjauno\u0161anu, ko Zelenskis raksturoja k\u0101 b\u016btisku valsts n\u0101kotnes pl\u0101no\u0161anai pat kara turpin\u0101\u0161an\u0101s laik\u0101.<\/p>\n<p>KONTEKSTS:<\/p>\n<p>Sarunas par iesp\u0113jamo miera pan\u0101k\u0161anu Ukrain\u0101 aktiviz\u0113j\u0101s p\u0113c ASV prezidenta Donalda Trampa st\u0101\u0161an\u0101s amat\u0101 \u0161\u012b gada janv\u0101r\u012b. Vi\u0146\u0161 vair\u0101kk\u0101rt<a data-id=\"587565\" data-type=\"article\" href=\"https:\/\/www.lsm.lv\/raksts\/zinas\/arzemes\/12.02.2025-tramps-runajis-ar-putinu-un-zelenski-aicinajis-nekavejoties-sakt-miera-sarunas.a587565\/\" class=\"lsm-link\" rel=\"nofollow noopener\" target=\"_blank\">\u00a0run\u0101jis<\/a>\u00a0un pat<a data-id=\"610627\" data-type=\"article\" href=\"https:\/\/www.lsm.lv\/raksts\/zinas\/arzemes\/16.08.2025-tramps-un-putins-pec-sarunam-alaska-apmainas-ar-laipnibam-bet-ukrainas-jautajuma-nav-progresa-pazimju.a610627\/\" class=\"lsm-link\" rel=\"nofollow noopener\" target=\"_blank\">\u00a0ticies<\/a>\u00a0ar Krievijas diktatoru Vladimiru Putinu. August\u0101 Tramps pieteica\u00a0<a data-id=\"606786\" data-type=\"article\" href=\"https:\/\/www.lsm.lv\/raksts\/zinas\/arzemes\/14.07.2025-krievijai-ir-50-dienas-laika-izbeigt-karu-ukraina-tramps-draud-ar-sankcijam-un-sola-ierocus-ukrainai.a606786\/\" class=\"lsm-link\" rel=\"nofollow noopener\" target=\"_blank\">50 dienu<\/a>\u00a0termi\u0146u, lai\u00a0izbeigtu karu Ukrain\u0101, pret\u0113j\u0101 gad\u012bjum\u0101 draudot ar r\u012bc\u012bbu. Krievija gan neapst\u0101j\u0101s un turpin\u0101ja\u00a0<a data-id=\"621536\" data-type=\"article\" href=\"https:\/\/www.lsm.lv\/raksts\/zinas\/arzemes\/07.11.2025-cina-par-pokrovsku-krievijas-ketnas-kritusi-jau-60-pilsetas.a621536\/\" class=\"lsm-link\" rel=\"nofollow noopener\" target=\"_blank\">virz\u012bbu front\u0113<\/a>,\u00a0uzbr\u016bkot civilajai infrastrukt\u016brai un\u00a0 nogalinot Ukrainas<a data-id=\"622946\" data-type=\"article\" href=\"https:\/\/www.lsm.lv\/raksts\/zinas\/arzemes\/19.11.2025-krievijas-dronu-un-rakesu-trieciena-ukrainas-pilsetai-ternopilai-vismaz-25-cilveki-nogalinati-73-ievainoti.a622946\/\" class=\"lsm-link\" rel=\"nofollow noopener\" target=\"_blank\">\u00a0civiliedz\u012bvot\u0101jus<\/a>.<\/p>\n<p>2025. gada novembr\u012b ASV prezidents Donalds Tramps parakst\u012bja\u00a0<a data-id=\"623276\" data-type=\"article\" href=\"https:\/\/www.lsm.lv\/raksts\/zinas\/arzemes\/21.11.2025-trampa-miera-plans-paredz-ieguvumus-asv-un-krievijai-ukraina-zaudetu-teritorijas-un-iespeju-iestaties-nato.a623276\/\" class=\"lsm-link\" rel=\"nofollow noopener\" target=\"_blank\">28 punktu miera pl\u0101nu<\/a>, pie k\u0101 iepriek\u0161 str\u0101d\u0101ju\u0161as ASV un Krievijas deleg\u0101tu komandas un kas ekspertu v\u0113rt\u0113jum\u0101 bija \u013coti labv\u0113l\u012bgs tie\u0161i Kremlim.<\/p>\n<p>Ukrainas sabiedrotie Eirop\u0101 pauda neapmierin\u0101t\u012bbu ar \u0161\u0101du pied\u0101v\u0101jumu.\u00a0<a data-id=\"623511\" data-type=\"article\" href=\"https:\/\/www.lsm.lv\/raksts\/zinas\/arzemes\/24.11.2025-vasingtona-un-kijiva-par-kara-izbeigsanu-nepieciesama-vienosanas-kas-apliecina-ukrainas-suverenitati.a623511\/\" class=\"lsm-link\" rel=\"nofollow noopener\" target=\"_blank\">23. novembr\u012b \u017den\u0113v\u0101<\/a>\u00a0notika sarunas starp ASV, Eiropas un Ukrainas l\u012bderiem, kur\u0101s sprieda par izmai\u0146\u0101m ASV pied\u0101v\u0101taj\u0101 pl\u0101n\u0101. Atjaunot\u0101 pl\u0101na deta\u013cas netika atkl\u0101tas, ta\u010du<a data-id=\"623616\" data-type=\"article\" href=\"https:\/\/www.lsm.lv\/raksts\/zinas\/arzemes\/24.11.2025-izdevums-asv-piedavatais-plans-ir-mainits-no-sakotneja-piedavajuma-palikusi-tikai-19-punkti.a623616\/\" class=\"lsm-link\" rel=\"nofollow noopener\" target=\"_blank\">\u00a0mediji zi\u0146oja<\/a>, ka tas tika sa\u012bsin\u0101ts. \u0160obr\u012bd taj\u0101\u00a0<a data-id=\"624767\" data-type=\"article\" href=\"https:\/\/www.lsm.lv\/raksts\/zinas\/arzemes\/02.12.2025-ukraina-un-asv-sarunas-izstradajusas-20-punktu-miera-planu.a624767\/?utm_source=lsm&amp;utm_medium=theme&amp;utm_campaign=theme\" class=\"lsm-link\" rel=\"nofollow noopener\" target=\"_blank\">iek\u013cauti\u00a0<\/a>20 punkti un vair\u0101k iev\u0113rotas Kijivas intereses. Krievija jauno pied\u0101v\u0101jumu nosauca par nepie\u0146emamu, bet Ukraina atzinusi, ka\u00a0<a data-id=\"624437\" data-type=\"article\" href=\"https:\/\/www.lsm.lv\/raksts\/zinas\/arzemes\/01.12.2025-ar-secinajumu-vel-daudz-darama-noslegusas-asv-un-ukrainas-sarunas-florida.a624437\/\" class=\"lsm-link\" rel=\"nofollow noopener\" target=\"_blank\">vissmag\u0101k\u0101s\u00a0<\/a>ir sarunas par teritoriju sadali.<\/p>\n<p>                    Valodas k\u013c\u016bda rakst\u0101?<\/p>\n<p class=\"d-none d-md-block\">Iez\u012bm\u0113jiet tekstu un spiediet Ctrl+Enter, lai nos\u016bt\u012btu labojamo teksta fragmentu redaktoram! Par faktu k\u013c\u016bd\u0101m l\u016bdzam zi\u0146ot e-past\u0101 <a href=\"https:\/\/www.lsm.lv\/cdn-cgi\/l\/email-protection\" class=\"__cf_email__\" data-cfemail=\"11637475707a72787b70517d627c3f7d67\" rel=\"nofollow noopener\" target=\"_blank\">[email\u00a0protected]<\/a>.<\/p>\n<p class=\"d-md-none\">Iez\u012bm\u0113jiet tekstu un spiediet uz Zi\u0146ot par k\u013c\u016bdu pogas, lai nos\u016bt\u012btu labojamo teksta fragmentu redaktoram!<\/p>\n<p>\n                    Zi\u0146ot par k\u013c\u016bdu\n                <\/p>\n","protected":false},"excerpt":{"rendered":"Ukrainas prezidents Volodimirs Zelenskis pie\u013c\u0101vis valsts vad\u012bt\u0101ja v\u0113l\u0113\u0161anu iesp\u0113ju Krievijas agresijas apst\u0101k\u013cos. Ta\u010du t\u0101s var notikt vien\u012bgi gad\u012bjum\u0101,&hellip;\n","protected":false},"author":2,"featured_media":70391,"comment_status":"","ping_status":"","sticky":false,"template":"","format":"standard","meta":{"footnotes":""},"categories":[14],"tags":[23,57,28,29,32,33,22,30,31,35,39,38,36,37,34,40,20,26,27,24,25,54,55,56,21,58],"class_list":{"0":"post-70390","1":"post","2":"type-post","3":"status-publish","4":"format-standard","5":"has-post-thumbnail","7":"category-zinas-no-arvalstim","8":"tag-aktualitates","9":"tag-arvalstim","10":"tag-breaking-news","11":"tag-breakingnews","12":"tag-featured-news","13":"tag-featurednews","14":"tag-headlines","15":"tag-latest-news","16":"tag-latestnews","17":"tag-latvia","18":"tag-latvian","19":"tag-latviesu","20":"tag-latviesu-valoda","21":"tag-latviesuvaloda","22":"tag-latvija","23":"tag-lv","24":"tag-news","25":"tag-popularakas-zinas","26":"tag-popularakaszinas","27":"tag-top-stories","28":"tag-topstories","29":"tag-world","30":"tag-world-news","31":"tag-worldnews","32":"tag-zinas","33":"tag-zinas-no-arvalstim"},"share_on_mastodon":{"url":"https:\/\/pubeurope.com\/@lv\/115693486314453352","error":""},"_links":{"self":[{"href":"https:\/\/www.europesays.com\/lv\/wp-json\/wp\/v2\/posts\/70390","targetHints":{"allow":["GET"]}}],"collection":[{"href":"https:\/\/www.europesays.com\/lv\/wp-json\/wp\/v2\/posts"}],"about":[{"href":"https:\/\/www.europesays.com\/lv\/wp-json\/wp\/v2\/types\/post"}],"author":[{"embeddable":true,"href":"https:\/\/www.europesays.com\/lv\/wp-json\/wp\/v2\/users\/2"}],"replies":[{"embeddable":true,"href":"https:\/\/www.europesays.com\/lv\/wp-json\/wp\/v2\/comments?post=70390"}],"version-history":[{"count":0,"href":"https:\/\/www.europesays.com\/lv\/wp-json\/wp\/v2\/posts\/70390\/revisions"}],"wp:featuredmedia":[{"embeddable":true,"href":"https:\/\/www.europesays.com\/lv\/wp-json\/wp\/v2\/media\/70391"}],"wp:attachment":[{"href":"https:\/\/www.europesays.com\/lv\/wp-json\/wp\/v2\/media?parent=70390"}],"wp:term":[{"taxonomy":"category","embeddable":true,"href":"https:\/\/www.europesays.com\/lv\/wp-json\/wp\/v2\/categories?post=70390"},{"taxonomy":"post_tag","embeddable":true,"href":"https:\/\/www.europesays.com\/lv\/wp-json\/wp\/v2\/tags?post=70390"}],"curies":[{"name":"wp","href":"https:\/\/api.w.org\/{rel}","templated":true}]}}