{"id":70400,"date":"2025-12-10T05:05:07","date_gmt":"2025-12-10T05:05:07","guid":{"rendered":"https:\/\/www.europesays.com\/lv\/70400\/"},"modified":"2025-12-10T05:05:07","modified_gmt":"2025-12-10T05:05:07","slug":"australija-berniem-no-tresdienas-liegta-piekluve-socialajiem-tikliem","status":"publish","type":"post","link":"https:\/\/www.europesays.com\/lv\/70400\/","title":{"rendered":"Austr\u0101lij\u0101 b\u0113rniem no tre\u0161dienas liegta piek\u013cuve soci\u0101lajiem t\u012bkliem"},"content":{"rendered":"<p>Platform\u0101m dots viens gads, lai izstr\u0101d\u0101tu risin\u0101jumus vecuma ierobe\u017eojuma ievie\u0161anai. Aizlieguma neiev\u0113ro\u0161anas gad\u012bjumos platform\u0101m draud bargas soda naudas.<\/p>\n<p>Zi\u0146apmai\u0146as platform\u0101m, piem\u0113ram, \u201cWhatsApp\u201d, elektroniskajam pastam, tie\u0161saistes sp\u0113l\u0113m un da\u017e\u0101diem izgl\u012btojo\u0161iem r\u012bkiem ir pie\u0161\u0137irtas atlaides, jo b\u0113rniem un pusaud\u017eiem tie var b\u016bt nepiecie\u0161ami m\u0101c\u012bb\u0101m skol\u0101, atp\u016btai vai citu iemeslu d\u0113\u013c.<\/p>\n<p>Austr\u0101lijas premjerministrs Entonijs Alban\u012bzs pazi\u0146oja, ka lepojas ar \u0161o aizliegumu. Vi\u0146apr\u0101t, t\u0101s ir vienas no liel\u0101kaj\u0101m soci\u0101laj\u0101m un kultur\u0101laj\u0101m p\u0101rmai\u0146\u0101m, k\u0101das notiku\u0161as Austr\u0101lij\u0101.<\/p>\n<p>Jaunais likums pal\u012bdz\u0113s nodro\u0161in\u0101t b\u0113rniem norm\u0101lu b\u0113rn\u012bbu, dot vec\u0101kiem mieru un kalpos par piem\u0113ru cit\u0101m valst\u012bm, uzskata premjerministrs.<\/p>\n<p>Sagaid\u0101ms, ka valstis, kas apsver l\u012bdz\u012bga likuma ievie\u0161anu, uzman\u012bgi v\u0113ros aizlieguma \u012bsteno\u0161anu Austr\u0101lij\u0101.<\/p>\n<p>Kriti\u0137i apgalvo, ka aizliegums ir nesam\u0113r\u012bgs, un tas jau ir apstr\u012bd\u0113ts Augst\u0101kaj\u0101 ties\u0101. Daudzi ir p\u0101rliecin\u0101ti, ka pusaud\u017ei vienk\u0101r\u0161i p\u0101ries uz citiem pakalpojumiem, kur riskus ir v\u0113l gr\u016bt\u0101k kontrol\u0113t.<\/p>\n<p class=\"ad-desc ad-desc-main\">Saturs turpin\u0101s p\u0113c rekl\u0101mas<\/p>\n<p class=\"ad-desc ad-desc-sec\">Rekl\u0101ma<\/p>\n<p>\u201cTas neb\u016bs ide\u0101ls. T\u0101s ir lielas p\u0101rmai\u0146as,\u201d atzina Alban\u012bzs. \u201cPan\u0101kums ir tas, ka tas notiek. Pan\u0101kums ir fakts, ka mums ir \u0161\u012b diskusija.\u201d<\/p>\n<p class=\"tv3-fw-500\">Zi\u0146o par k\u013c\u016bdu rakst\u0101<\/p>\n<p class=\"d-md-block d-none\">Iez\u012bm\u0113 k\u013c\u016bdaino tekstu un spied Ctrl+Enter.<\/p>\n<p class=\"d-md-none d-block\">Iez\u012bm\u0113 k\u013c\u016bdaino tekstu un zi\u0146o par to!<\/p>\n","protected":false},"excerpt":{"rendered":"Platform\u0101m dots viens gads, lai izstr\u0101d\u0101tu risin\u0101jumus vecuma ierobe\u017eojuma ievie\u0161anai. Aizlieguma neiev\u0113ro\u0161anas gad\u012bjumos platform\u0101m draud bargas soda naudas.&hellip;\n","protected":false},"author":2,"featured_media":70401,"comment_status":"","ping_status":"","sticky":false,"template":"","format":"standard","meta":{"footnotes":""},"categories":[14],"tags":[18006,23,57,28,29,32,33,22,30,31,35,39,38,36,37,34,40,20,26,27,24,25,54,55,56,21,58],"class_list":{"0":"post-70400","1":"post","2":"type-post","3":"status-publish","4":"format-standard","5":"has-post-thumbnail","7":"category-zinas-no-arvalstim","8":"tag-aizliegumsaustralijafacebooksocialie-tiklitiktokwhatsapp","9":"tag-aktualitates","10":"tag-arvalstim","11":"tag-breaking-news","12":"tag-breakingnews","13":"tag-featured-news","14":"tag-featurednews","15":"tag-headlines","16":"tag-latest-news","17":"tag-latestnews","18":"tag-latvia","19":"tag-latvian","20":"tag-latviesu","21":"tag-latviesu-valoda","22":"tag-latviesuvaloda","23":"tag-latvija","24":"tag-lv","25":"tag-news","26":"tag-popularakas-zinas","27":"tag-popularakaszinas","28":"tag-top-stories","29":"tag-topstories","30":"tag-world","31":"tag-world-news","32":"tag-worldnews","33":"tag-zinas","34":"tag-zinas-no-arvalstim"},"share_on_mastodon":{"url":"https:\/\/pubeurope.com\/@lv\/115693533488189201","error":""},"_links":{"self":[{"href":"https:\/\/www.europesays.com\/lv\/wp-json\/wp\/v2\/posts\/70400","targetHints":{"allow":["GET"]}}],"collection":[{"href":"https:\/\/www.europesays.com\/lv\/wp-json\/wp\/v2\/posts"}],"about":[{"href":"https:\/\/www.europesays.com\/lv\/wp-json\/wp\/v2\/types\/post"}],"author":[{"embeddable":true,"href":"https:\/\/www.europesays.com\/lv\/wp-json\/wp\/v2\/users\/2"}],"replies":[{"embeddable":true,"href":"https:\/\/www.europesays.com\/lv\/wp-json\/wp\/v2\/comments?post=70400"}],"version-history":[{"count":0,"href":"https:\/\/www.europesays.com\/lv\/wp-json\/wp\/v2\/posts\/70400\/revisions"}],"wp:featuredmedia":[{"embeddable":true,"href":"https:\/\/www.europesays.com\/lv\/wp-json\/wp\/v2\/media\/70401"}],"wp:attachment":[{"href":"https:\/\/www.europesays.com\/lv\/wp-json\/wp\/v2\/media?parent=70400"}],"wp:term":[{"taxonomy":"category","embeddable":true,"href":"https:\/\/www.europesays.com\/lv\/wp-json\/wp\/v2\/categories?post=70400"},{"taxonomy":"post_tag","embeddable":true,"href":"https:\/\/www.europesays.com\/lv\/wp-json\/wp\/v2\/tags?post=70400"}],"curies":[{"name":"wp","href":"https:\/\/api.w.org\/{rel}","templated":true}]}}