{"id":70406,"date":"2025-12-10T05:11:08","date_gmt":"2025-12-10T05:11:08","guid":{"rendered":"https:\/\/www.europesays.com\/lv\/70406\/"},"modified":"2025-12-10T05:11:08","modified_gmt":"2025-12-10T05:11:08","slug":"australija-stajas-speka-aizliegums-berniem-izmantot-socialos-tiklus-dienas-bizness","status":"publish","type":"post","link":"https:\/\/www.europesays.com\/lv\/70406\/","title":{"rendered":"Austr\u0101lij\u0101 st\u0101jas sp\u0113k\u0101 aizliegums b\u0113rniem izmantot soci\u0101los t\u012bklus :: Dienas Bizness"},"content":{"rendered":"<p class=\"text-font font-size--text-xlarge margin-3--bottom font-weight--bold padding-1--top\">Austr\u0101lij\u0101 tre\u0161dien st\u0101jies sp\u0113k\u0101 aizliegums b\u0113rniem l\u012bdz 16 gadu vecumam izmantot soci\u0101los t\u012bklus.<\/p>\n<p class=\"text-font font-size--text-xlarge margin-3--bottom\">Austr\u0101lija ir pirm\u0101 valsts, kas ieviesusi \u0161\u0101du aizliegumu.<\/p>\n<p class=\"text-font font-size--text-xlarge margin-3--bottom\">B\u0113rniem l\u012bdz 16 gadu vecumam Austr\u0101lij\u0101 turpm\u0101k aizliegts atv\u0113rt kontus soci\u0101lajos t\u012bklos, tai skait\u0101 &#8220;TikTok&#8221;, &#8220;Facebook&#8221;, &#8220;Snapchat&#8221;, &#8220;Reddit&#8221;, &#8220;X&#8221; un &#8220;YouTube&#8221;.<\/p>\n<p class=\"text-font font-size--text-xlarge margin-3--bottom\">Platform\u0101m dots viens gads, lai izstr\u0101d\u0101tu risin\u0101jumus vecuma ierobe\u017eojuma ievie\u0161anai. Aizlieguma neiev\u0113ro\u0161anas gad\u012bjumos platform\u0101m draud bargas soda naudas.<\/p>\n<p class=\"text-font font-size--text-xlarge margin-3--bottom\">Zi\u0146apmai\u0146as platform\u0101m, piem\u0113ram, &#8220;WhatsApp&#8221;, elektroniskajam pastam, tie\u0161saistes sp\u0113l\u0113m un da\u017e\u0101diem izgl\u012btojo\u0161iem r\u012bkiem ir pie\u0161\u0137irtas atlaides, jo b\u0113rniem un pusaud\u017eiem tie var b\u016bt nepiecie\u0161ami m\u0101c\u012bb\u0101m skol\u0101, atp\u016btai vai citu iemeslu d\u0113\u013c.<\/p>\n<p class=\"text-font font-size--text-xlarge margin-3--bottom\">Austr\u0101lijas premjerministrs Entonijs Alban\u012bzs pazi\u0146oja, ka lepojas ar \u0161o aizliegumu. Vi\u0146apr\u0101t, t\u0101s ir vienas no liel\u0101kaj\u0101m soci\u0101laj\u0101m un kultur\u0101laj\u0101m p\u0101rmai\u0146\u0101m, k\u0101das notiku\u0161as Austr\u0101lij\u0101.<\/p>\n<p class=\"text-font font-size--text-xlarge margin-3--bottom\">Jaunais likums pal\u012bdz\u0113s nodro\u0161in\u0101t b\u0113rniem norm\u0101lu b\u0113rn\u012bbu, dot vec\u0101kiem mieru un kalpos par piem\u0113ru cit\u0101m valst\u012bm, uzskata premjerministrs.<\/p>\n<p class=\"text-font font-size--text-xlarge margin-3--bottom\">Sagaid\u0101ms, ka valstis, kas apsver l\u012bdz\u012bga likuma ievie\u0161anu, uzman\u012bgi v\u0113ros aizlieguma \u012bsteno\u0161anu Austr\u0101lij\u0101.<\/p>\n<p class=\"text-font font-size--text-xlarge margin-3--bottom\">Kriti\u0137i apgalvo, ka aizliegums ir nesam\u0113r\u012bgs, un tas jau ir apstr\u012bd\u0113ts Augst\u0101kaj\u0101 ties\u0101. Daudzi ir p\u0101rliecin\u0101ti, ka pusaud\u017ei vienk\u0101r\u0161i p\u0101ries uz citiem pakalpojumiem, kur riskus ir v\u0113l gr\u016bt\u0101k kontrol\u0113t.<\/p>\n<p class=\"text-font font-size--text-xlarge margin-3--bottom\">&#8220;Tas neb\u016bs ide\u0101ls. T\u0101s ir lielas p\u0101rmai\u0146as,&#8221; atzina Alban\u012bzs. &#8220;Pan\u0101kums ir tas, ka tas notiek. Pan\u0101kums ir fakts, ka mums ir \u0161\u012b diskusija.&#8221;<\/p>\n","protected":false},"excerpt":{"rendered":"Austr\u0101lij\u0101 tre\u0161dien st\u0101jies sp\u0113k\u0101 aizliegums b\u0113rniem l\u012bdz 16 gadu vecumam izmantot soci\u0101los t\u012bklus. Austr\u0101lija ir pirm\u0101 valsts, kas&hellip;\n","protected":false},"author":2,"featured_media":70407,"comment_status":"","ping_status":"","sticky":false,"template":"","format":"standard","meta":{"footnotes":""},"categories":[14],"tags":[23,57,869,77,870,28,29,867,32,33,22,30,31,35,39,38,36,37,34,871,868,40,20,26,27,24,25,54,55,56,21,58],"class_list":{"0":"post-70406","1":"post","2":"type-post","3":"status-publish","4":"format-standard","5":"has-post-thumbnail","7":"category-zinas-no-arvalstim","8":"tag-aktualitates","9":"tag-arvalstim","10":"tag-biznesa-zinas","11":"tag-bizness","12":"tag-bizness-latvija","13":"tag-breaking-news","14":"tag-breakingnews","15":"tag-dienas-zinas","16":"tag-featured-news","17":"tag-featurednews","18":"tag-headlines","19":"tag-latest-news","20":"tag-latestnews","21":"tag-latvia","22":"tag-latvian","23":"tag-latviesu","24":"tag-latviesu-valoda","25":"tag-latviesuvaloda","26":"tag-latvija","27":"tag-latvijas-biznesa-zinas","28":"tag-latvijas-zinas","29":"tag-lv","30":"tag-news","31":"tag-popularakas-zinas","32":"tag-popularakaszinas","33":"tag-top-stories","34":"tag-topstories","35":"tag-world","36":"tag-world-news","37":"tag-worldnews","38":"tag-zinas","39":"tag-zinas-no-arvalstim"},"share_on_mastodon":{"url":"","error":"Validation failed: Text character limit of 500 exceeded"},"_links":{"self":[{"href":"https:\/\/www.europesays.com\/lv\/wp-json\/wp\/v2\/posts\/70406","targetHints":{"allow":["GET"]}}],"collection":[{"href":"https:\/\/www.europesays.com\/lv\/wp-json\/wp\/v2\/posts"}],"about":[{"href":"https:\/\/www.europesays.com\/lv\/wp-json\/wp\/v2\/types\/post"}],"author":[{"embeddable":true,"href":"https:\/\/www.europesays.com\/lv\/wp-json\/wp\/v2\/users\/2"}],"replies":[{"embeddable":true,"href":"https:\/\/www.europesays.com\/lv\/wp-json\/wp\/v2\/comments?post=70406"}],"version-history":[{"count":0,"href":"https:\/\/www.europesays.com\/lv\/wp-json\/wp\/v2\/posts\/70406\/revisions"}],"wp:featuredmedia":[{"embeddable":true,"href":"https:\/\/www.europesays.com\/lv\/wp-json\/wp\/v2\/media\/70407"}],"wp:attachment":[{"href":"https:\/\/www.europesays.com\/lv\/wp-json\/wp\/v2\/media?parent=70406"}],"wp:term":[{"taxonomy":"category","embeddable":true,"href":"https:\/\/www.europesays.com\/lv\/wp-json\/wp\/v2\/categories?post=70406"},{"taxonomy":"post_tag","embeddable":true,"href":"https:\/\/www.europesays.com\/lv\/wp-json\/wp\/v2\/tags?post=70406"}],"curies":[{"name":"wp","href":"https:\/\/api.w.org\/{rel}","templated":true}]}}