{"id":70416,"date":"2025-12-10T05:32:09","date_gmt":"2025-12-10T05:32:09","guid":{"rendered":"https:\/\/www.europesays.com\/lv\/70416\/"},"modified":"2025-12-10T05:32:09","modified_gmt":"2025-12-10T05:32:09","slug":"leonardo-dicaprio-atklaj-iemeslus-kapec-slepj-savu-seju-publiski-lente-lv","status":"publish","type":"post","link":"https:\/\/www.europesays.com\/lv\/70416\/","title":{"rendered":"Leonardo DiCaprio atkl\u0101j iemeslus, k\u0101p\u0113c sl\u0113pj savu seju publiski\u00a0\u2014\u00a0Lente.lv"},"content":{"rendered":"<p>Leonardo DiCaprio: K\u0101p\u0113c slavenais aktieris sl\u0113pj savu seju no publikas?<\/p>\n<p>Leonardo DiCaprio, pasaules m\u012bl\u0113ts aktieris, kur\u0161 ieguva glob\u0101lu atzin\u012bbu p\u0113c 1997. gada filmas &#8220;Tit\u0101niks&#8221; milz\u012bgajiem pan\u0101kumiem, atkl\u0101jis savu person\u012bgo strat\u0113\u0123iju, k\u0101 tikt gal\u0101 ar slavas nastu. Lai gan vi\u0146a seja rot\u0101 neskait\u0101mas filmas un \u017eurn\u0101lu v\u0101kus, pats aktieris bie\u017ei vien cen\u0161as palikt nepaman\u012bts, sl\u0113pjot savu seju publisk\u0101s viet\u0101s, ko apliecina vi\u0146a bie\u017e\u0101 cepuru un masku valk\u0101\u0161ana.<\/p>\n<p>V\u0113lme p\u0113c priv\u0101tuma un karjeras ilgm\u016b\u017e\u012bbas<\/p>\n<p>DiCaprio nesenaj\u0101 intervij\u0101 \u017eurn\u0101lam &#8220;TIME&#8221;, kur\u0101 vi\u0146\u0161 tika nosaukts par 2025. gada izklaid\u0113t\u0101ju, atkl\u0101ja, ka vi\u0146a bie\u017e\u0101 seja sl\u0113p\u0161ana publisk\u0101 telp\u0101 ir apzin\u0101ta izv\u0113le, kas sak\u0146ojas dzi\u013c\u0101 v\u0113l\u0113\u0161an\u0101s saglab\u0101t priv\u0101tumu un nodro\u0161in\u0101t savas aktiera karjeras ilgm\u016b\u017e\u012bbu. Vi\u0146\u0161 atz\u012bst, ka slaven\u012bba un publiska uzman\u012bba ir izaicin\u0101jums, ar kuru vi\u0146\u0161 c\u012bn\u0101s visu savu pieaugu\u0161o m\u016b\u017eu. &#8220;Tas ir l\u012bdzsvars, ko esmu m\u0113\u0123in\u0101jis notur\u0113t visu savu pieaugu\u0161o dz\u012bvi, un joproj\u0101m neesmu eksperts,&#8221; vi\u0146\u0161 teica. DiCaprio uzsver savu filozofiju: &#8220;Dariet kaut ko tikai tad, kad jums ir ko teikt vai ko par\u0101d\u012bt. Cit\u0101di vienk\u0101r\u0161i paz\u016bdiet, cik vien iesp\u0113jams.&#8221;<\/p>\n<p>Strat\u0113\u0123ija ilgai karjerai<\/p>\n<p>Aktieris uzskata, ka, uzturot zemu profilu \u0101rpus darba, vi\u0146\u0161 sp\u0113jis nodro\u0161in\u0101t savu ilgo un veiksm\u012bgo karjeru. &#8220;Es dom\u0101ju: &#8216;Labi, k\u0101 man nodro\u0161in\u0101t ilgu karjeru? Jo es m\u012blu to, ko daru, un j\u016btos, ka lab\u0101kais veids, k\u0101 nodro\u0161in\u0101t ilgu karjeru, ir ***neuzb\u0101zties cilv\u0113kiem sej\u0101s***.'&#8221; \u0160\u012b pieeja noz\u012bm\u0113, ka DiCaprio parasti par\u0101d\u0101s publiski vai nu ar cepuri uz galvas, vai ar sejas masku, pat ja tas ir k\u0101ds noz\u012bm\u012bgs pas\u0101kums, piem\u0113ram, D\u017eefa Bezosa un Lor\u0113nas San\u010desas k\u0101zas. Lai gan sejas maskas valk\u0101\u0161ana k\u013cuva par ierastu praksi COVID-19 pand\u0113mijas laik\u0101, aktieris turpin\u0101jis to lietot ar\u012b p\u0113c t\u0101s, lai lab\u0101k saglab\u0101tu anonimit\u0101ti. Tom\u0113r, kad pien\u0101cis laiks populariz\u0113t jaunus projektus, piem\u0113ram, filmu &#8220;One Battle After Another&#8221;, vi\u0146\u0161 ir gatavs no\u0146emt masku un par\u0101d\u012bties publikas un mediju priek\u0161\u0101.<\/p>\n<p>Dz\u012bve slaven\u012bbu pasaul\u0113 kop\u0161 &#8220;Tit\u0101nika&#8221;<\/p>\n<p>DiCaprio jaun\u012bb\u0101 k\u013cuva par ikonu, un milz\u012bg\u0101 popularit\u0101te p\u0113c &#8220;Tit\u0101nika&#8221; bija \u0161ok\u0113jo\u0161a. Vi\u0146\u0161 atkl\u0101jis, ka pirms \u0161\u012bs filmas vi\u0146am nebija ne jausmas par slavas patieso apjomu. &#8220;Pirms &#8220;Tit\u0101nika&#8221; man nebija nek\u0101das izpratnes par to, ko tas viss noz\u012bm\u0113. Tas bija \u0161ok\u0113jo\u0161i,&#8221; vi\u0146\u0161 teica 2016. gad\u0101. Vi\u0146\u0161 pat atzina, ka vi\u0146a seja, kas k\u013cuva paz\u012bstama vis\u0101 pasaul\u0113 &#8220;Tit\u0101nika&#8221; fenomena laik\u0101, ir kaut kas, kam vi\u0146\u0161 vairs nealkst l\u012bdzin\u0101ties un ko vi\u0146\u0161 necer atk\u0101rtot. \u0160odien, b\u016bdams 51 gadu vecs, vi\u0146\u0161 turpina mekl\u0113t l\u012bdzsvaru starp savu karjeru, kas prasa publisku atpaz\u012bstam\u012bbu, un person\u012bgo dz\u012bvi, kuru vi\u0146\u0161 \u013coti v\u0113rt\u0113.<\/p>\n<p>Aktiera strat\u0113\u0123ija at\u0161\u0137irt\u012bb\u0101 no citiem<\/p>\n<p>At\u0161\u0137ir\u012bb\u0101 no daudziem citiem Holivudas zvaigzn\u0113m, kuras labpr\u0101t izmanto jebkuru iesp\u0113ju atrasties uzman\u012bbas centr\u0101, DiCaprio izv\u0113l\u0113jies citu ce\u013cu. Vi\u0146a pieeja ir **m\u0113rena un selekt\u012bva**, cen\u0161oties palikt \u0113n\u0101, kad vien tas ir iesp\u0113jams. Paties\u012bb\u0101 ir zi\u0146ots, ka film\u0113\u0161anas laik\u0101 vi\u0146\u0161 ir noteicis pat \u012bpa\u0161us noteikumus, piem\u0113ram, prasot film\u0113\u0161anas komandai izvair\u012bties no tie\u0161as acu kontakta. Lai gan \u0161\u0101ds piepras\u012bjums var \u0161\u0137ist ekstr\u0113ms, tas atspogu\u013co aktiera dzi\u013co v\u0113lmi saglab\u0101t kontroli p\u0101r savu publisko t\u0113lu un person\u012bgo telpu.<\/p>\n","protected":false},"excerpt":{"rendered":"Leonardo DiCaprio: K\u0101p\u0113c slavenais aktieris sl\u0113pj savu seju no publikas? Leonardo DiCaprio, pasaules m\u012bl\u0113ts aktieris, kur\u0161 ieguva glob\u0101lu&hellip;\n","protected":false},"author":2,"featured_media":70417,"comment_status":"","ping_status":"","sticky":false,"template":"","format":"standard","meta":{"footnotes":""},"categories":[19],"tags":[15711,89,90,35,39,38,36,37,34,18010,40,5404,18011,1675],"class_list":{"0":"post-70416","1":"post","2":"type-post","3":"status-publish","4":"format-standard","5":"has-post-thumbnail","7":"category-izklaide","8":"tag-aktiera-karjera","9":"tag-entertainment","10":"tag-izklaide","11":"tag-latvia","12":"tag-latvian","13":"tag-latviesu","14":"tag-latviesu-valoda","15":"tag-latviesuvaloda","16":"tag-latvija","17":"tag-leonardo-dicaprio","18":"tag-lv","19":"tag-privatums","20":"tag-publiska-telpa","21":"tag-slava"},"share_on_mastodon":{"url":"https:\/\/pubeurope.com\/@lv\/115693639642035922","error":""},"_links":{"self":[{"href":"https:\/\/www.europesays.com\/lv\/wp-json\/wp\/v2\/posts\/70416","targetHints":{"allow":["GET"]}}],"collection":[{"href":"https:\/\/www.europesays.com\/lv\/wp-json\/wp\/v2\/posts"}],"about":[{"href":"https:\/\/www.europesays.com\/lv\/wp-json\/wp\/v2\/types\/post"}],"author":[{"embeddable":true,"href":"https:\/\/www.europesays.com\/lv\/wp-json\/wp\/v2\/users\/2"}],"replies":[{"embeddable":true,"href":"https:\/\/www.europesays.com\/lv\/wp-json\/wp\/v2\/comments?post=70416"}],"version-history":[{"count":0,"href":"https:\/\/www.europesays.com\/lv\/wp-json\/wp\/v2\/posts\/70416\/revisions"}],"wp:featuredmedia":[{"embeddable":true,"href":"https:\/\/www.europesays.com\/lv\/wp-json\/wp\/v2\/media\/70417"}],"wp:attachment":[{"href":"https:\/\/www.europesays.com\/lv\/wp-json\/wp\/v2\/media?parent=70416"}],"wp:term":[{"taxonomy":"category","embeddable":true,"href":"https:\/\/www.europesays.com\/lv\/wp-json\/wp\/v2\/categories?post=70416"},{"taxonomy":"post_tag","embeddable":true,"href":"https:\/\/www.europesays.com\/lv\/wp-json\/wp\/v2\/tags?post=70416"}],"curies":[{"name":"wp","href":"https:\/\/api.w.org\/{rel}","templated":true}]}}