{"id":70430,"date":"2025-12-10T06:01:10","date_gmt":"2025-12-10T06:01:10","guid":{"rendered":"https:\/\/www.europesays.com\/lv\/70430\/"},"modified":"2025-12-10T06:01:10","modified_gmt":"2025-12-10T06:01:10","slug":"maskava-legalize-liela-meroga-marodierismu-paatrinata-gaita-pienemts-jauns-likums-par-sliktu-ukrainiem","status":"publish","type":"post","link":"https:\/\/www.europesays.com\/lv\/70430\/","title":{"rendered":"Maskava legaliz\u0113 liela m\u0113roga marodierismu: pa\u0101trin\u0101t\u0101 gait\u0101 pie\u0146emts jauns likums par sliktu ukrai\u0146iem"},"content":{"rendered":"<p>    <img decoding=\"async\" src=\"https:\/\/www.europesays.com\/lv\/wp-content\/uploads\/2025\/12\/za7ie3sljqc-1024x683.jpg\" alt=\"&#10;Vladimirs Putins&#10;\"\/><\/p>\n<p>Vladimirs Putins<\/p>\n<p>Foto. Scanpix\/Sergei Bobylev, Sputnik, Kremlin Pool Photo via AP\n<\/p>\n<p>Maskava legaliz\u0113 liela m\u0113roga laup\u012b\u0161anas: Valsts dome pie\u0146\u0113ma likumu par Ukrainas m\u0101ju sagr\u0101b\u0161anu. Krievijas varas iest\u0101des gatavo meh\u0101nismu masveida m\u0101jok\u013cu konfisk\u0101cijai ukrai\u0146iem okup\u0113taj\u0101s teritorij\u0101s, raksta <a href=\"https:\/\/www.dialog.ua\/war\/325200_1765298415\" rel=\"nofollow noopener\" target=\"_blank\">dialog.ua<\/a>.<\/p>\n<p>        Las\u012bt\u0101kie<br \/>\n        <a data-imagesrc=\"{&quot;300&quot;:&quot;https:\\\/\\\/lastatic.ams3.cdn.digitaloceanspaces.com\\\/2025\\\/12\\\/ebec6d04-2bab-4e8f-9a6f-fe6b288a6aa4-300x200.jpg&quot;,&quot;1024&quot;:&quot;https:\\\/\\\/lastatic.ams3.cdn.digitaloceanspaces.com\\\/2025\\\/12\\\/ebec6d04-2bab-4e8f-9a6f-fe6b288a6aa4-1024x683.jpg&quot;,&quot;1536&quot;:&quot;https:\\\/\\\/lastatic.ams3.cdn.digitaloceanspaces.com\\\/2025\\\/12\\\/ebec6d04-2bab-4e8f-9a6f-fe6b288a6aa4-1536x1024.jpg&quot;,&quot;500&quot;:&quot;https:\\\/\\\/lastatic.ams3.cdn.digitaloceanspaces.com\\\/2025\\\/12\\\/ebec6d04-2bab-4e8f-9a6f-fe6b288a6aa4-500x333.jpg&quot;,&quot;800&quot;:&quot;https:\\\/\\\/lastatic.ams3.cdn.digitaloceanspaces.com\\\/2025\\\/12\\\/ebec6d04-2bab-4e8f-9a6f-fe6b288a6aa4-800x533.jpg&quot;,&quot;1800&quot;:&quot;https:\\\/\\\/lastatic.ams3.cdn.digitaloceanspaces.com\\\/2025\\\/12\\\/ebec6d04-2bab-4e8f-9a6f-fe6b288a6aa4.jpg&quot;}\" data-focuspoint=\"&quot;&quot;\" data-p=\"2478450\" href=\"https:\/\/www.la.lv\/sajos-menesos-dzimusie-ir-galigi-nepiemeroti-parastam-darbam-no-pulksten-8-30-17-00\" class=\"content-item lazy-load\" wp_automatic_readability=\"26\" rel=\"nofollow noopener\" target=\"_blank\"><\/p>\n<p>                                <img decoding=\"async\" src=\"\" alt=\"\" style=\"\" data-imageid=\"\"\/><\/p>\n<p>                                Kokteilis<\/p>\n<p>\n                                                \u0160ajos 5 m\u0113ne\u0161os dzimu\u0161ie ir nepiem\u0113roti parastam darbam no pulksten 8.30 \u2013 17.00\n                            <\/p>\n<p><\/a><a data-imagesrc=\"{&quot;300&quot;:&quot;https:\\\/\\\/lastatic.ams3.cdn.digitaloceanspaces.com\\\/2024\\\/12\\\/FotoJet-46-300x200.jpg&quot;,&quot;1024&quot;:&quot;https:\\\/\\\/lastatic.ams3.cdn.digitaloceanspaces.com\\\/2024\\\/12\\\/FotoJet-46-1024x683.jpg&quot;,&quot;768&quot;:&quot;https:\\\/\\\/lastatic.ams3.cdn.digitaloceanspaces.com\\\/2024\\\/12\\\/FotoJet-46-768x512.jpg&quot;,&quot;1536&quot;:&quot;https:\\\/\\\/lastatic.ams3.cdn.digitaloceanspaces.com\\\/2024\\\/12\\\/FotoJet-46-1536x1024.jpg&quot;,&quot;200&quot;:&quot;https:\\\/\\\/lastatic.ams3.cdn.digitaloceanspaces.com\\\/2024\\\/12\\\/FotoJet-46-200x133.jpg&quot;,&quot;400&quot;:&quot;https:\\\/\\\/lastatic.ams3.cdn.digitaloceanspaces.com\\\/2024\\\/12\\\/FotoJet-46-400x267.jpg&quot;,&quot;500&quot;:&quot;https:\\\/\\\/lastatic.ams3.cdn.digitaloceanspaces.com\\\/2024\\\/12\\\/FotoJet-46-500x333.jpg&quot;,&quot;800&quot;:&quot;https:\\\/\\\/lastatic.ams3.cdn.digitaloceanspaces.com\\\/2024\\\/12\\\/FotoJet-46-800x533.jpg&quot;,&quot;1000&quot;:&quot;https:\\\/\\\/lastatic.ams3.cdn.digitaloceanspaces.com\\\/2024\\\/12\\\/FotoJet-46-1000x667.jpg&quot;,&quot;1800&quot;:&quot;https:\\\/\\\/lastatic.ams3.cdn.digitaloceanspaces.com\\\/2024\\\/12\\\/FotoJet-46.jpg&quot;}\" data-focuspoint=\"&quot;&quot;\" data-p=\"2478193\" href=\"https:\/\/www.la.lv\/kuri-konservetie-partikas-produkti-ir-labi-zarnu-veselibai-specialisti-nosauc-6-labakos\" class=\"content-item lazy-load\" wp_automatic_readability=\"26\" rel=\"nofollow noopener\" target=\"_blank\"><\/p>\n<p>                                <img decoding=\"async\" src=\"\" alt=\"\" style=\"\" data-imageid=\"\"\/><\/p>\n<p>                                Veselam<\/p>\n<p>\n                                                Kuri konserv\u0113tie p\u0101rtikas produkti ir labi zarnu vesel\u012bbai:  speci\u0101listi nosauc 6 lab\u0101kos\n                            <\/p>\n<p><\/a><a data-imagesrc=\"{&quot;300&quot;:&quot;https:\\\/\\\/lastatic.ams3.cdn.digitaloceanspaces.com\\\/2023\\\/04\\\/kafija_saruna-300x197.jpg&quot;,&quot;1024&quot;:&quot;https:\\\/\\\/lastatic.ams3.cdn.digitaloceanspaces.com\\\/2023\\\/04\\\/kafija_saruna-1024x673.jpg&quot;,&quot;768&quot;:&quot;https:\\\/\\\/lastatic.ams3.cdn.digitaloceanspaces.com\\\/2023\\\/04\\\/kafija_saruna-768x505.jpg&quot;,&quot;200&quot;:&quot;https:\\\/\\\/lastatic.ams3.cdn.digitaloceanspaces.com\\\/2023\\\/04\\\/kafija_saruna-200x132.jpg&quot;,&quot;400&quot;:&quot;https:\\\/\\\/lastatic.ams3.cdn.digitaloceanspaces.com\\\/2023\\\/04\\\/kafija_saruna-400x263.jpg&quot;,&quot;500&quot;:&quot;https:\\\/\\\/lastatic.ams3.cdn.digitaloceanspaces.com\\\/2023\\\/04\\\/kafija_saruna-500x329.jpg&quot;,&quot;800&quot;:&quot;https:\\\/\\\/lastatic.ams3.cdn.digitaloceanspaces.com\\\/2023\\\/04\\\/kafija_saruna-800x526.jpg&quot;,&quot;1000&quot;:&quot;https:\\\/\\\/lastatic.ams3.cdn.digitaloceanspaces.com\\\/2023\\\/04\\\/kafija_saruna-1000x658.jpg&quot;,&quot;1408&quot;:&quot;https:\\\/\\\/lastatic.ams3.cdn.digitaloceanspaces.com\\\/2023\\\/04\\\/kafija_saruna.jpg&quot;}\" data-focuspoint=\"&quot;&quot;\" data-p=\"2477580\" href=\"https:\/\/www.la.lv\/ko-nedrikst-lietot-kopa-ar-kafiju-petnieki-izcel-piecus-bistamus-partikas-produktus\" class=\"content-item lazy-load\" wp_automatic_readability=\"26\" rel=\"nofollow noopener\" target=\"_blank\"><\/p>\n<p>                                <img decoding=\"async\" src=\"\" alt=\"\" style=\"\" data-imageid=\"\"\/><\/p>\n<p>                                Veselam<\/p>\n<p>\n                                                Ko nedr\u012bkst lietot kop\u0101 ar kafiju: p\u0113tnieki izce\u013c piecus b\u012bstamus p\u0101rtikas produktus\n                            <\/p>\n<p><\/a><br \/>\n        <a class=\"read-more\" href=\"https:\/\/www.la.lv\/top\" rel=\"nofollow noopener\" target=\"_blank\">Las\u012bt citas zi\u0146as<\/a><\/p>\n<p>\u0160\u012b iniciat\u012bva, kuras izcelsme, visticam\u0101k, ir Kreml\u012b, tika izstr\u0101d\u0101ta un \u0101tri virz\u012bta cauri varas gaite\u0146iem \u2013 tikai divu m\u0113ne\u0161u laik\u0101. Par to zi\u0146oja Krievijas neatkar\u012bgais izdevums \u201cM\u0113s varam izskaidrot\u201d.<\/p>\n<p>Likums nesen tika pie\u0146emts gan otraj\u0101, gan tre\u0161aj\u0101 las\u012bjum\u0101. Tas ir nos\u016bt\u012bts izskat\u012b\u0161anai Krievijas diktatoram Vladimiram Putinam. Un nav \u0161aubu, ka vi\u0146\u0161 parakst\u012bs \u0161o dokumentu, kas legaliz\u0113 laup\u012b\u0161anas. <\/p>\n<p>    CITI \u0160OBR\u012aD LASA<\/p>\n<p>Dokument\u0101 b\u016bt\u012bb\u0101 aprakst\u012bta sh\u0113ma, ar kuras pal\u012bdz\u012bbu Krievijas okupanti pl\u0101no konfisc\u0113t m\u0101jok\u013cus ukrai\u0146iem. T\u0101 jau tiek akt\u012bvi izmantota Krievijas armijas ie\u0146emtaj\u0101s Donbasa un Ukrainas dienvidu teritorij\u0101s. Vispirms m\u0101joklis tiek pasludin\u0101ts par \u201cbezsaimnieka\u201d, p\u0113c tam tas tiek nodots Krievijas \u012bpa\u0161um\u0101. <\/p>\n<p>J\u0101atz\u012bm\u0113, ka saska\u0146\u0101 ar likumu \u201cbezsaimnieka\u201d krit\u0113rijus noteiks viet\u0113j\u0101s okup\u0101cijas \u201cvaras iest\u0101des\u201d. <\/p>\n<p>Valsts dome otrajam las\u012bjumam iesniedza tr\u012bs b\u016btiskus dokumenta groz\u012bjumus. Pirmk\u0101rt, \u012bpa\u0161uma p\u0101rdale b\u016bs ierobe\u017eota laik\u0101: m\u0101jok\u013ci ukrai\u0146iem tiks konfisc\u0113ti pa\u0101trin\u0101t\u0101 temp\u0101 l\u012bdz 2030. gadam, l\u012bdz Putina piekt\u0101 pilnvaru termi\u0146a beig\u0101m. <\/p>\n<p>Otrk\u0101rt, konfisc\u0113tais \u012bpa\u0161ums tiks nodots Krievijas Teritori\u0101l\u0101s att\u012bst\u012bbas fondam (TDF). \u0160\u012b strukt\u016bra b\u016bs pilnvarota iz\u012br\u0113t m\u0101jok\u013cus, p\u0101rdot tos, samazin\u0101t to cenu un veikt dar\u012bjumus bez konkursa. <\/p>\n<p>Tre\u0161k\u0101rt, preciz\u0113ts to personu loks, kur\u0101m tiks nodoti konfisc\u0113tie dz\u012bvok\u013ci: vald\u012bbas amatpersonas, dro\u0161\u012bbas sp\u0113ki, milit\u0101rpersonas un pa\u0161vald\u012bbu darbinieki. <\/p>\n<p>Krievijas vald\u012bbas vad\u012bt\u0101ja vietniekam Maratam Husnulinam ir uzdots veikt \u0161\u012bs liela m\u0113roga laup\u012b\u0161anas okup\u0113taj\u0101s Ukrainas teritorij\u0101s. Husnulins un citas ap vi\u0146u tuvu eso\u0161as personas laikrakst\u0101 Financial Times un citos izdevumos ir min\u0113tas k\u0101 galvenie b\u016bvniec\u012bbas l\u012bgumu sa\u0146\u0113m\u0113ji okup\u0113taj\u0101 Mariupol\u0113. Tur krievi jau akt\u012bvi konfisc\u0113 m\u0101jok\u013cus viet\u0113jiem iedz\u012bvot\u0101jiem, tostarp tiem, kas paliek pils\u0113t\u0101.<\/p>\n<p>T\u0113mas<\/p>\n<p>    SAIST\u012aTIE RAKSTI<\/p>\n","protected":false},"excerpt":{"rendered":"Vladimirs Putins Foto. Scanpix\/Sergei Bobylev, Sputnik, Kremlin Pool Photo via AP Maskava legaliz\u0113 liela m\u0113roga laup\u012b\u0161anas: Valsts dome&hellip;\n","protected":false},"author":2,"featured_media":70431,"comment_status":"","ping_status":"","sticky":false,"template":"","format":"standard","meta":{"footnotes":""},"categories":[5],"tags":[23,28,29,32,33,22,30,31,35,39,38,36,37,34,40,20,26,27,24,25,21],"class_list":{"0":"post-70430","1":"post","2":"type-post","3":"status-publish","4":"format-standard","5":"has-post-thumbnail","7":"category-aktualitates","8":"tag-aktualitates","9":"tag-breaking-news","10":"tag-breakingnews","11":"tag-featured-news","12":"tag-featurednews","13":"tag-headlines","14":"tag-latest-news","15":"tag-latestnews","16":"tag-latvia","17":"tag-latvian","18":"tag-latviesu","19":"tag-latviesu-valoda","20":"tag-latviesuvaloda","21":"tag-latvija","22":"tag-lv","23":"tag-news","24":"tag-popularakas-zinas","25":"tag-popularakaszinas","26":"tag-top-stories","27":"tag-topstories","28":"tag-zinas"},"share_on_mastodon":{"url":"https:\/\/pubeurope.com\/@lv\/115693753733470756","error":""},"_links":{"self":[{"href":"https:\/\/www.europesays.com\/lv\/wp-json\/wp\/v2\/posts\/70430","targetHints":{"allow":["GET"]}}],"collection":[{"href":"https:\/\/www.europesays.com\/lv\/wp-json\/wp\/v2\/posts"}],"about":[{"href":"https:\/\/www.europesays.com\/lv\/wp-json\/wp\/v2\/types\/post"}],"author":[{"embeddable":true,"href":"https:\/\/www.europesays.com\/lv\/wp-json\/wp\/v2\/users\/2"}],"replies":[{"embeddable":true,"href":"https:\/\/www.europesays.com\/lv\/wp-json\/wp\/v2\/comments?post=70430"}],"version-history":[{"count":0,"href":"https:\/\/www.europesays.com\/lv\/wp-json\/wp\/v2\/posts\/70430\/revisions"}],"wp:featuredmedia":[{"embeddable":true,"href":"https:\/\/www.europesays.com\/lv\/wp-json\/wp\/v2\/media\/70431"}],"wp:attachment":[{"href":"https:\/\/www.europesays.com\/lv\/wp-json\/wp\/v2\/media?parent=70430"}],"wp:term":[{"taxonomy":"category","embeddable":true,"href":"https:\/\/www.europesays.com\/lv\/wp-json\/wp\/v2\/categories?post=70430"},{"taxonomy":"post_tag","embeddable":true,"href":"https:\/\/www.europesays.com\/lv\/wp-json\/wp\/v2\/tags?post=70430"}],"curies":[{"name":"wp","href":"https:\/\/api.w.org\/{rel}","templated":true}]}}