{"id":70440,"date":"2025-12-10T06:11:08","date_gmt":"2025-12-10T06:11:08","guid":{"rendered":"https:\/\/www.europesays.com\/lv\/70440\/"},"modified":"2025-12-10T06:11:08","modified_gmt":"2025-12-10T06:11:08","slug":"trampa-sutni-spiez-zelenski-apstiprinat-miera-planu-asv-cer-to-panakt-lidz-ziemassvetkiem","status":"publish","type":"post","link":"https:\/\/www.europesays.com\/lv\/70440\/","title":{"rendered":"Trampa s\u016bt\u0146i spie\u017e Zelenski apstiprin\u0101t \u201cmiera pl\u0101nu\u201d; ASV cer to pan\u0101kt l\u012bdz Ziemassv\u0113tkiem"},"content":{"rendered":"<p>Ukrainas prezidents Eiropas kol\u0113\u0123iem sac\u012bjis, ka sestdien, 6. decembr\u012b, divu stundu ilgas sarunas laik\u0101 Trampa \u012bpa\u0161ais s\u016btnis St\u012bvs Vitkofs un ASV prezidenta znots D\u017eareds Ku\u0161ners izdar\u012bju\u0161i spiedienu, prasot, lai Zelenskis \u0101tri pie\u0146em l\u0113mumu. Tramps iecer\u0113jis, ka vieno\u0161an\u0101s tiks pan\u0101kta \u201cl\u012bdz Ziemassv\u0113tkiem\u201d.<\/p>\n<p>Amatpersonas sac\u012bju\u0161as, ka Zelenskis ASV s\u016bt\u0146iem atbild\u0113jis \u2013 vi\u0146am nepiecie\u0161ams laiks, lai konsult\u0113tos ar citiem Eiropas sabiedrotajiem, pirms rea\u0123\u0113t uz Va\u0161ingtonas priek\u0161likumu, kas, k\u0101 ba\u017e\u012bjas Kijiva, var\u0113tu graut Rietumu vienot\u012bbu, gad\u012bjum\u0101, ja ASV r\u012bkosies bez Eiropas atbalsta.<\/p>\n<p>Viena no Rietumu amatperson\u0101m raksturoja Ukrainu k\u0101 iesprostotu starp pras\u012bb\u0101m attiec\u012bb\u0101 uz teritorij\u0101m, ko ukrai\u0146i nesp\u0113j pie\u0146emt, un ASV atbalstu, ko nevar noraid\u012bt. \u201cGod\u012bgi sakot, amerik\u0101\u0146i mekl\u0113 kompromisu,\u201d pirmdienas, 8. decembra, vakar\u0101 \u017eurn\u0101listiem br\u012bfing\u0101, izmantojot \u201cWhatsApp\u201d, sac\u012bja Zelenskis.<\/p>\n<p>Ukrainas prezidents pirmdien, 8. decembr\u012b, London\u0101 tik\u0101s ar Francijas, V\u0101cijas, Apvienot\u0101s Karalistes l\u012bderiem. V\u0101cijas kanclers Fr\u012bdrihs Mercs tik\u0161an\u0101s s\u0101kum\u0101 Dauningstr\u012bt\u0101 10 deva m\u0101jienu, ka situ\u0101cija ir steidzama. Vi\u0146\u0161 nor\u0101dija, ka turpm\u0101k\u0101s dienas var b\u016bt iz\u0161\u0137iro\u0161s laiks \u201cmums visiem\u201d.<\/p>\n<p>Zelenskis otrdienas, 9. decembra, vakar\u0101 pazi\u0146oja, ka \u201c\u013coti akt\u012bvi\u201d str\u0101d\u0101 pie vieno\u0161an\u0101s komponentiem, lai izbeigtu karu. \u201cUkrainas un Eiropas komponentes jau ir izstr\u0101d\u0101tas detaliz\u0113t\u0101k, un m\u0113s esam gatavi t\u0101s prezent\u0113t saviem partneriem Amerik\u0101,\u201d vi\u0146\u0161 teica. \u201cKop\u0101 ar Amerikas pusi m\u0113s ceram padar\u012bt iesp\u0113jamos so\u013cus p\u0113c iesp\u0113jas efekt\u012bv\u0101kus un \u0101tr\u0101kus.\u201d<\/p>\n<p class=\"ad-desc ad-desc-main\">Saturs turpin\u0101s p\u0113c rekl\u0101mas<\/p>\n<p class=\"ad-desc ad-desc-sec\">Rekl\u0101ma<\/p>\n<p>Iepriek\u0161 ASV izdevums \u201cAxios\u201d, atsaucoties uz Ukrainas un Amerikas amatperson\u0101m, zi\u0146oja, ka ASV pa\u0161laik izdara arvien liel\u0101ku spiedienu uz Zelenski, lai tas piekristu ierosin\u0101tajam pl\u0101nam.<\/p>\n<p>Saska\u0146\u0101 ar port\u0101la sniegto inform\u0101ciju, ASV priek\u0161likums tagad ietver stingr\u0101kus nosac\u012bjumus nek\u0101 iepriek\u0161\u0113j\u0101s versijas t\u0101dos jaut\u0101jumos k\u0101 teritorija un Zaporo\u017ejes atomelektrostacijas kontrole. Neatbild\u0113ti paliku\u0161i galvenie jaut\u0101jumi par dro\u0161\u012bbas garantij\u0101m. Neskatoties uz to, Vitkofs un Ku\u0161ners sestdien, 6. decembr\u012b, telefonsarun\u0101 l\u016bdza Zelenskim paust nep\u0101rprotamu \u201cj\u0101\u201d miera pl\u0101nam.<\/p>\n<p>Ze\u013censkis pirmdien, 6. decembr\u012b, Eiropas l\u012bderiem ar\u012b sac\u012bja, ka ba\u017e\u012bjas \u2013 ES atteiksies no pl\u0101na par \u201crepar\u0101ciju aizdevumu\u201d Ukrainai, kas b\u016btu balst\u012bta iesald\u0113tajos Krievijas centr\u0101l\u0101s bankas akt\u012bvos. Tas var\u0113tu notikt, baidoties satraukt Va\u0161ingtonu un zaud\u0113t ASV atbalstu Eiropas aizsardz\u012bbas un dro\u0161\u012bbas garantij\u0101m.<\/p>\n<p>Tramps pirmdien, 8. decembr\u012b, Trampam vaic\u0101ja, vai ir noteikts laika grafiks, kur\u0101 Zelenskim ir j\u0101pan\u0101k vieno\u0161an\u0101s par mieru Ukrain\u0101.\u00a0\u201cNu, vi\u0146am b\u016bs j\u0101sa\u0146emas un j\u0101s\u0101k, pie\u0146emt lietas\u2026 jo vi\u0146\u0161 zaud\u0113,\u201d t\u0101 sac\u012bja ASV prezidents.<\/p>\n<p class=\"tv3-fw-500\">Zi\u0146o par k\u013c\u016bdu rakst\u0101<\/p>\n<p class=\"d-md-block d-none\">Iez\u012bm\u0113 k\u013c\u016bdaino tekstu un spied Ctrl+Enter.<\/p>\n<p class=\"d-md-none d-block\">Iez\u012bm\u0113 k\u013c\u016bdaino tekstu un zi\u0146o par to!<\/p>\n","protected":false},"excerpt":{"rendered":"Ukrainas prezidents Eiropas kol\u0113\u0123iem sac\u012bjis, ka sestdien, 6. decembr\u012b, divu stundu ilgas sarunas laik\u0101 Trampa \u012bpa\u0161ais s\u016btnis St\u012bvs&hellip;\n","protected":false},"author":2,"featured_media":70441,"comment_status":"","ping_status":"","sticky":false,"template":"","format":"standard","meta":{"footnotes":""},"categories":[14],"tags":[23,57,28,29,32,33,22,18020,30,31,35,39,38,36,37,34,40,20,26,27,24,25,54,55,56,21,58],"class_list":{"0":"post-70440","1":"post","2":"type-post","3":"status-publish","4":"format-standard","5":"has-post-thumbnail","7":"category-zinas-no-arvalstim","8":"tag-aktualitates","9":"tag-arvalstim","10":"tag-breaking-news","11":"tag-breakingnews","12":"tag-featured-news","13":"tag-featurednews","14":"tag-headlines","15":"tag-kars-ukrainakrievijas-iebrukums-ukrainavolodimirs-zelenskis","16":"tag-latest-news","17":"tag-latestnews","18":"tag-latvia","19":"tag-latvian","20":"tag-latviesu","21":"tag-latviesu-valoda","22":"tag-latviesuvaloda","23":"tag-latvija","24":"tag-lv","25":"tag-news","26":"tag-popularakas-zinas","27":"tag-popularakaszinas","28":"tag-top-stories","29":"tag-topstories","30":"tag-world","31":"tag-world-news","32":"tag-worldnews","33":"tag-zinas","34":"tag-zinas-no-arvalstim"},"share_on_mastodon":{"url":"https:\/\/pubeurope.com\/@lv\/115693793117083906","error":""},"_links":{"self":[{"href":"https:\/\/www.europesays.com\/lv\/wp-json\/wp\/v2\/posts\/70440","targetHints":{"allow":["GET"]}}],"collection":[{"href":"https:\/\/www.europesays.com\/lv\/wp-json\/wp\/v2\/posts"}],"about":[{"href":"https:\/\/www.europesays.com\/lv\/wp-json\/wp\/v2\/types\/post"}],"author":[{"embeddable":true,"href":"https:\/\/www.europesays.com\/lv\/wp-json\/wp\/v2\/users\/2"}],"replies":[{"embeddable":true,"href":"https:\/\/www.europesays.com\/lv\/wp-json\/wp\/v2\/comments?post=70440"}],"version-history":[{"count":0,"href":"https:\/\/www.europesays.com\/lv\/wp-json\/wp\/v2\/posts\/70440\/revisions"}],"wp:featuredmedia":[{"embeddable":true,"href":"https:\/\/www.europesays.com\/lv\/wp-json\/wp\/v2\/media\/70441"}],"wp:attachment":[{"href":"https:\/\/www.europesays.com\/lv\/wp-json\/wp\/v2\/media?parent=70440"}],"wp:term":[{"taxonomy":"category","embeddable":true,"href":"https:\/\/www.europesays.com\/lv\/wp-json\/wp\/v2\/categories?post=70440"},{"taxonomy":"post_tag","embeddable":true,"href":"https:\/\/www.europesays.com\/lv\/wp-json\/wp\/v2\/tags?post=70440"}],"curies":[{"name":"wp","href":"https:\/\/api.w.org\/{rel}","templated":true}]}}