{"id":70448,"date":"2025-12-10T06:17:07","date_gmt":"2025-12-10T06:17:07","guid":{"rendered":"https:\/\/www.europesays.com\/lv\/70448\/"},"modified":"2025-12-10T06:17:07","modified_gmt":"2025-12-10T06:17:07","slug":"australija-stajas-speka-socialo-mediju-aizliegums-berniem-raksts","status":"publish","type":"post","link":"https:\/\/www.europesays.com\/lv\/70448\/","title":{"rendered":"Austr\u0101lij\u0101 st\u0101jas sp\u0113k\u0101 soci\u0101lo mediju aizliegums b\u0113rniem \/ Raksts"},"content":{"rendered":"<p>10. decembr\u012b Austr\u0101lij\u0101 st\u0101jas sp\u0113k\u0101 <a href=\"https:\/\/www.lsm.lv\/raksts\/zinas\/arzemes\/04.12.2025-lielas-parmainas-jauniesiem-australija-lidz-16-gadu-vecumam-ierobezo-piekluvi-socialajiem-tikliem.a624996\/?utm_source=lsm&amp;utm_medium=theme&amp;utm_campaign=theme\" rel=\"nofollow noopener\" target=\"_blank\">soci\u0101lo mediju aizliegums<\/a>\u00a0b\u0113rniem, kuri jaun\u0101ki par 16\u00a0gadiem. Ierobe\u017eojumus atbalsta liel\u0101k\u0101 sabiedr\u012bbas da\u013ca, bet ir ba\u017eas par \u0161\u012b l\u0113muma izpildes kontroli.<\/p>\n<p>Probl\u0113ma ir aktu\u0101la vis\u0101 pasaul\u0113, un par minim\u0101l\u0101 vecuma noteik\u0161anu diskut\u0113 ar\u012b D\u0101nij\u0101, Francij\u0101, Grie\u0137ij\u0101, Rum\u0101nij\u0101 un cit\u0101s valst\u012bs. Ta\u010du Austr\u0101lija ir pirm\u0101 valsts, kas tiesiski nostiprin\u0101jusi aizliegumu, un no \u0161odienas par 16\u00a0gadiem jaun\u0101ki b\u0113rni vairs nevar\u0113s uztur\u0113t kontus soci\u0101lo mediju platform\u0101s &#8220;Snapchat&#8221;, &#8220;Facebook&#8221;, &#8220;Instagram&#8221;, &#8220;Reddit&#8221;, &#8220;Threads&#8221;, &#8220;TikTok&#8221;, &#8220;X&#8221;, &#8220;YouTube&#8221;, k\u0101 ar\u012b straum\u0113\u0161anas vietn\u0113s &#8220;Kick&#8221; un &#8220;Twitch&#8221;.<\/p>\n<p>Medijiem draud\u0113s l\u012bdz 50\u00a0miljoniem Austr\u0101lijas dol\u0101ru\u00a0jeb\u00a0l\u012bdz 28,5\u00a0miljoniem eiro liels naudas sods, ja tie neveiks pas\u0101kumus, lai dz\u0113stu \u0161o personu kontus.<\/p>\n<p>Premjers Entonijs Alban\u012bzs intervij\u0101s medijiem nor\u0101d\u012bja, ka l\u0113mumu inici\u0113ju\u0161i vec\u0101ki, kas nev\u0113las piedz\u012bvot person\u012bgas tra\u0123\u0113dijas.<\/p>\n<blockquote>\n<p>Valst\u012b pieaugot jaunie\u0161u gar\u012bg\u0101s vesel\u012bbas probl\u0113mas un soci\u0101lo mediju nodar\u012btais kait\u0113jums, t\u0101p\u0113c\u00a0vald\u012bba v\u0113las, lai b\u0113rniem b\u016btu iesp\u0113ja baud\u012bt b\u0113rn\u012bbu.<\/p>\n<\/blockquote>\n<p>Ties\u012bbas piedal\u012bties \u0161aj\u0101 diskusij\u0101 esot ar\u012b vec\u0101kiem.<\/p>\n<p>                    Valodas k\u013c\u016bda rakst\u0101?<\/p>\n<p class=\"d-none d-md-block\">Iez\u012bm\u0113jiet tekstu un spiediet Ctrl+Enter, lai nos\u016bt\u012btu labojamo teksta fragmentu redaktoram! Par faktu k\u013c\u016bd\u0101m l\u016bdzam zi\u0146ot e-past\u0101 <a href=\"https:\/\/www.lsm.lv\/cdn-cgi\/l\/email-protection\" class=\"__cf_email__\" data-cfemail=\"64160100050f070d0e05240817094a0812\" rel=\"nofollow noopener\" target=\"_blank\">[email\u00a0protected]<\/a>.<\/p>\n<p class=\"d-md-none\">Iez\u012bm\u0113jiet tekstu un spiediet uz Zi\u0146ot par k\u013c\u016bdu pogas, lai nos\u016bt\u012btu labojamo teksta fragmentu redaktoram!<\/p>\n<p>\n                    Zi\u0146ot par k\u013c\u016bdu\n                <\/p>\n","protected":false},"excerpt":{"rendered":"10. decembr\u012b Austr\u0101lij\u0101 st\u0101jas sp\u0113k\u0101 soci\u0101lo mediju aizliegums\u00a0b\u0113rniem, kuri jaun\u0101ki par 16\u00a0gadiem. Ierobe\u017eojumus atbalsta liel\u0101k\u0101 sabiedr\u012bbas da\u013ca, bet&hellip;\n","protected":false},"author":2,"featured_media":70449,"comment_status":"","ping_status":"","sticky":false,"template":"","format":"standard","meta":{"footnotes":""},"categories":[14],"tags":[23,57,28,29,32,33,22,30,31,35,39,38,36,37,34,40,20,26,27,24,25,54,55,56,21,58],"class_list":{"0":"post-70448","1":"post","2":"type-post","3":"status-publish","4":"format-standard","5":"has-post-thumbnail","7":"category-zinas-no-arvalstim","8":"tag-aktualitates","9":"tag-arvalstim","10":"tag-breaking-news","11":"tag-breakingnews","12":"tag-featured-news","13":"tag-featurednews","14":"tag-headlines","15":"tag-latest-news","16":"tag-latestnews","17":"tag-latvia","18":"tag-latvian","19":"tag-latviesu","20":"tag-latviesu-valoda","21":"tag-latviesuvaloda","22":"tag-latvija","23":"tag-lv","24":"tag-news","25":"tag-popularakas-zinas","26":"tag-popularakaszinas","27":"tag-top-stories","28":"tag-topstories","29":"tag-world","30":"tag-world-news","31":"tag-worldnews","32":"tag-zinas","33":"tag-zinas-no-arvalstim"},"share_on_mastodon":{"url":"https:\/\/pubeurope.com\/@lv\/115693816605189699","error":""},"_links":{"self":[{"href":"https:\/\/www.europesays.com\/lv\/wp-json\/wp\/v2\/posts\/70448","targetHints":{"allow":["GET"]}}],"collection":[{"href":"https:\/\/www.europesays.com\/lv\/wp-json\/wp\/v2\/posts"}],"about":[{"href":"https:\/\/www.europesays.com\/lv\/wp-json\/wp\/v2\/types\/post"}],"author":[{"embeddable":true,"href":"https:\/\/www.europesays.com\/lv\/wp-json\/wp\/v2\/users\/2"}],"replies":[{"embeddable":true,"href":"https:\/\/www.europesays.com\/lv\/wp-json\/wp\/v2\/comments?post=70448"}],"version-history":[{"count":0,"href":"https:\/\/www.europesays.com\/lv\/wp-json\/wp\/v2\/posts\/70448\/revisions"}],"wp:featuredmedia":[{"embeddable":true,"href":"https:\/\/www.europesays.com\/lv\/wp-json\/wp\/v2\/media\/70449"}],"wp:attachment":[{"href":"https:\/\/www.europesays.com\/lv\/wp-json\/wp\/v2\/media?parent=70448"}],"wp:term":[{"taxonomy":"category","embeddable":true,"href":"https:\/\/www.europesays.com\/lv\/wp-json\/wp\/v2\/categories?post=70448"},{"taxonomy":"post_tag","embeddable":true,"href":"https:\/\/www.europesays.com\/lv\/wp-json\/wp\/v2\/tags?post=70448"}],"curies":[{"name":"wp","href":"https:\/\/api.w.org\/{rel}","templated":true}]}}