{"id":70473,"date":"2025-12-10T06:55:12","date_gmt":"2025-12-10T06:55:12","guid":{"rendered":"https:\/\/www.europesays.com\/lv\/70473\/"},"modified":"2025-12-10T06:55:12","modified_gmt":"2025-12-10T06:55:12","slug":"australija-stajas-speka-aizliegums-berniem-izmantot-socialos-tiklus","status":"publish","type":"post","link":"https:\/\/www.europesays.com\/lv\/70473\/","title":{"rendered":"Austr\u0101lij\u0101 st\u0101jas sp\u0113k\u0101 aizliegums b\u0113rniem izmantot soci\u0101los t\u012bklus"},"content":{"rendered":"<p>                        <img fetchpriority=\"high\" decoding=\"async\" width=\"1000\" height=\"500\" src=\"https:\/\/www.europesays.com\/lv\/wp-content\/uploads\/2025\/12\/1765349712_352_1000x500.webp.webp\" alt=\"\" class=\"wp-image-1086625\"  \/>B\u0113rnu un pusaud\u017eu hronisk\u0101 \u201cneizl\u012b\u0161ana\u201d no soci\u0101lajiem medijiem k\u013cuvusi par nopietnu probl\u0113mu (foto: Shutterstock)<\/p>\n<p>Austr\u0101lij\u0101 tre\u0161dien st\u0101jies sp\u0113k\u0101 aizliegums b\u0113rniem l\u012bdz 16 gadu vecumam izmantot soci\u0101los t\u012bklus.<\/p>\n<p>Austr\u0101lija ir pirm\u0101 valsts, kas ieviesusi \u0161\u0101du aizliegumu.<\/p>\n<p>B\u0113rniem l\u012bdz 16 gadu vecumam Austr\u0101lij\u0101 turpm\u0101k aizliegts atv\u0113rt kontus soci\u0101lajos t\u012bklos, tai skait\u0101 \u201cTikTok\u201d, \u201cFacebook\u201d, \u201cSnapchat\u201d, \u201cReddit\u201d, \u201cX\u201d un \u201cYouTube\u201d.<\/p>\n<p>Platform\u0101m dots viens gads, lai izstr\u0101d\u0101tu risin\u0101jumus vecuma ierobe\u017eojuma ievie\u0161anai. Aizlieguma neiev\u0113ro\u0161anas gad\u012bjumos platform\u0101m draud bargas soda naudas.<\/p>\n<p>Zi\u0146apmai\u0146as platform\u0101m, piem\u0113ram, \u201cWhatsApp\u201d, elektroniskajam pastam, tie\u0161saistes sp\u0113l\u0113m un da\u017e\u0101diem izgl\u012btojo\u0161iem r\u012bkiem ir pie\u0161\u0137irtas atlaides, jo b\u0113rniem un pusaud\u017eiem tie var b\u016bt nepiecie\u0161ami m\u0101c\u012bb\u0101m skol\u0101, atp\u016btai vai citu iemeslu d\u0113\u013c.<\/p>\n<p>Austr\u0101lijas premjerministrs Entonijs Alban\u012bzs pazi\u0146oja, ka lepojas ar \u0161o aizliegumu. Vi\u0146apr\u0101t, t\u0101s ir vienas no liel\u0101kaj\u0101m soci\u0101laj\u0101m un kultur\u0101laj\u0101m p\u0101rmai\u0146\u0101m, k\u0101das notiku\u0161as Austr\u0101lij\u0101.<\/p>\n<p>Jaunais likums pal\u012bdz\u0113s nodro\u0161in\u0101t b\u0113rniem norm\u0101lu b\u0113rn\u012bbu, dot vec\u0101kiem mieru un kalpos par piem\u0113ru cit\u0101m valst\u012bm, uzskata premjerministrs.<\/p>\n<p>Sagaid\u0101ms, ka valstis, kas apsver l\u012bdz\u012bga likuma ievie\u0161anu, uzman\u012bgi v\u0113ros aizlieguma \u012bsteno\u0161anu Austr\u0101lij\u0101.<\/p>\n<p>Kriti\u0137i apgalvo, ka aizliegums ir nesam\u0113r\u012bgs, un tas jau ir apstr\u012bd\u0113ts Augst\u0101kaj\u0101 ties\u0101. Daudzi ir p\u0101rliecin\u0101ti, ka pusaud\u017ei vienk\u0101r\u0161i p\u0101ries uz citiem pakalpojumiem, kur riskus ir v\u0113l gr\u016bt\u0101k kontrol\u0113t.<\/p>\n<p>\u201cTas neb\u016bs ide\u0101ls. T\u0101s ir lielas p\u0101rmai\u0146as,\u201d atzina Alban\u012bzs. \u201cPan\u0101kums ir tas, ka tas notiek. Pan\u0101kums ir fakts, ka mums ir \u0161\u012b diskusija.\u201d<\/p>\n","protected":false},"excerpt":{"rendered":"B\u0113rnu un pusaud\u017eu hronisk\u0101 \u201cneizl\u012b\u0161ana\u201d no soci\u0101lajiem medijiem k\u013cuvusi par nopietnu probl\u0113mu (foto: Shutterstock) Austr\u0101lij\u0101 tre\u0161dien st\u0101jies sp\u0113k\u0101&hellip;\n","protected":false},"author":2,"featured_media":70474,"comment_status":"","ping_status":"","sticky":false,"template":"","format":"standard","meta":{"footnotes":""},"categories":[5],"tags":[23,28,29,32,33,22,30,31,35,39,38,36,37,34,40,20,26,27,24,25,21],"class_list":{"0":"post-70473","1":"post","2":"type-post","3":"status-publish","4":"format-standard","5":"has-post-thumbnail","7":"category-aktualitates","8":"tag-aktualitates","9":"tag-breaking-news","10":"tag-breakingnews","11":"tag-featured-news","12":"tag-featurednews","13":"tag-headlines","14":"tag-latest-news","15":"tag-latestnews","16":"tag-latvia","17":"tag-latvian","18":"tag-latviesu","19":"tag-latviesu-valoda","20":"tag-latviesuvaloda","21":"tag-latvija","22":"tag-lv","23":"tag-news","24":"tag-popularakas-zinas","25":"tag-popularakaszinas","26":"tag-top-stories","27":"tag-topstories","28":"tag-zinas"},"share_on_mastodon":{"url":"https:\/\/pubeurope.com\/@lv\/115693966096667757","error":""},"_links":{"self":[{"href":"https:\/\/www.europesays.com\/lv\/wp-json\/wp\/v2\/posts\/70473","targetHints":{"allow":["GET"]}}],"collection":[{"href":"https:\/\/www.europesays.com\/lv\/wp-json\/wp\/v2\/posts"}],"about":[{"href":"https:\/\/www.europesays.com\/lv\/wp-json\/wp\/v2\/types\/post"}],"author":[{"embeddable":true,"href":"https:\/\/www.europesays.com\/lv\/wp-json\/wp\/v2\/users\/2"}],"replies":[{"embeddable":true,"href":"https:\/\/www.europesays.com\/lv\/wp-json\/wp\/v2\/comments?post=70473"}],"version-history":[{"count":0,"href":"https:\/\/www.europesays.com\/lv\/wp-json\/wp\/v2\/posts\/70473\/revisions"}],"wp:featuredmedia":[{"embeddable":true,"href":"https:\/\/www.europesays.com\/lv\/wp-json\/wp\/v2\/media\/70474"}],"wp:attachment":[{"href":"https:\/\/www.europesays.com\/lv\/wp-json\/wp\/v2\/media?parent=70473"}],"wp:term":[{"taxonomy":"category","embeddable":true,"href":"https:\/\/www.europesays.com\/lv\/wp-json\/wp\/v2\/categories?post=70473"},{"taxonomy":"post_tag","embeddable":true,"href":"https:\/\/www.europesays.com\/lv\/wp-json\/wp\/v2\/tags?post=70473"}],"curies":[{"name":"wp","href":"https:\/\/api.w.org\/{rel}","templated":true}]}}