{"id":70576,"date":"2025-12-10T08:36:05","date_gmt":"2025-12-10T08:36:05","guid":{"rendered":"https:\/\/www.europesays.com\/lv\/70576\/"},"modified":"2025-12-10T08:36:05","modified_gmt":"2025-12-10T08:36:05","slug":"bus-ka-karuseli-laika-prognoze-brivdienam-un-jaunnedelai-la-lv","status":"publish","type":"post","link":"https:\/\/www.europesays.com\/lv\/70576\/","title":{"rendered":"B\u016bs k\u0101 karusel\u012b. Laika prognoze br\u012bvdien\u0101m un jaunned\u0113\u013cai &#8211; LA.LV"},"content":{"rendered":"<ol>\n<li><a href=\"https:\/\/news.google.com\/rss\/articles\/CBMif0FVX3lxTFBMVXFKcC16ZXh0dG93WmQzWEYxbTdfY2RJd1hnNDBKeWZ2eWFqQ3lNS3BPdXdqeldncE1hbXR0dWtBSVV4Y0VZYUZ6NDEtZkpocUxpYWpFVmNfUFlQZzd3STVHNW9mUTB3Ujl1OWhkc1VTZGxiS3V0ZzNxUTVYVGs?oc=5\" target=\"_blank\" rel=\"nofollow noopener\">B\u016bs k\u0101 karusel\u012b. Laika prognoze br\u012bvdien\u0101m un jaunned\u0113\u013cai<\/a>&nbsp;&nbsp;LA.LV<\/li>\n<li><a href=\"https:\/\/news.google.com\/rss\/articles\/CBMikwFBVV95cUxPclB3d0F1c0NYNjZoNGxDeFE3UlJPcll5Q3BGSDdXUm8tM1Y4cEZlTHNNQ0xjYWl4QXljOXR6Z2hpZUMycXkzYXV6QWhqOFhkVnJFaXdaZ0xtTGtMSEZRQ1plVXk5aEFsVFF2QzVzd0pLWlhidzYwX2w3Q3R0dnJwaERVOXh0YWJyR2lsTzlaNVdFWmc?oc=5\" target=\"_blank\" rel=\"nofollow noopener\">Ned\u0113\u013cas nogal\u0113 gaisa temperat\u016bra nosl\u012bd\u0113s zem nulles<\/a>&nbsp;&nbsp;Jauns.lv<\/li>\n<li><a href=\"https:\/\/news.google.com\/rss\/articles\/CBMiggFBVV95cUxON2UzQkx5Q0lEbURESU1nSnJIOEZhc2FBQTk1cTl6SkZuOTJjMVdpdHpSQ0s3T19GdVRlRGZwTV81ZUNDT29icW9JdE9mZ3lrVmM2LVdMdHhIR0FZemJ6Y2ZHUjlBdlY0eVpOY0NMbHNhdm9DNl9CYTRiYjR5OUlUOGVn?oc=5\" target=\"_blank\" rel=\"nofollow noopener\">Ar\u012b piektdiena Latvij\u0101 b\u016bs dr\u016bma un apm\u0101kusies<\/a>&nbsp;&nbsp;Apollo.lv<\/li>\n<li><a href=\"https:\/\/news.google.com\/rss\/articles\/CBMipAFBVV95cUxOcU5WeUI3MjU1UGxKdnp4V2ZVMkJSYkpiU0JJcUZ4QUtYdUJFV3NfWkRYeWFzd094TXRfbUFUV2RXUWRJc0pPRVh4clMxTl9Bd0YxS3BWbThab1RsSzhwdHRhM2hyd3ZSM1ZMYU0xUHR1eFhxVlFKUHp4LVQzSTgwRWdNUVdackVqWUkxeEpEOTdTWndTS2Z5c3pLWEJUbHdTTmduQw?oc=5\" target=\"_blank\" rel=\"nofollow noopener\">Piektdien Latvij\u0101 gaid\u0101ms neliels lietus un m\u0101ko\u0146ains laiks<\/a>&nbsp;&nbsp;Lente.lv<\/li>\n<li><a href=\"https:\/\/news.google.com\/rss\/articles\/CBMirAFBVV95cUxPcFctdTczbmEwaS1OV1U0bGJISHpWSG1kYk53czV6ODA5UTNwZkxaZjFRcGpIWGZ1bHdtNFZxNUE5NmJTVkZ6a0kwNVdHWDBJbUZ3b19MZnFwWmtoOWk3LUotalJaTktMUVkzVEtxbjV3bjhhQU51UFZ0ZXRIYkRNSzA5QWR4djZXWGlJNzlMVURFSU5uWnplekZYSUxLSnE4N0lWaXg2SHZtMnQy?oc=5\" target=\"_blank\" rel=\"nofollow noopener\">Ar k\u0101du laiku ies\u0101ksies ned\u0113\u013cas nogale? Sinopti\u0137i ieskic\u0113 jaun\u0101k\u0101s prognozes<\/a>&nbsp;&nbsp;tv3.lv<\/li>\n<\/ol>\n","protected":false},"excerpt":{"rendered":"B\u016bs k\u0101 karusel\u012b. Laika prognoze br\u012bvdien\u0101m un jaunned\u0113\u013cai&nbsp;&nbsp;LA.LV Ned\u0113\u013cas nogal\u0113 gaisa temperat\u016bra nosl\u012bd\u0113s zem nulles&nbsp;&nbsp;Jauns.lv Ar\u012b piektdiena Latvij\u0101&hellip;\n","protected":false},"author":2,"featured_media":70577,"comment_status":"","ping_status":"","sticky":false,"template":"","format":"standard","meta":{"footnotes":""},"categories":[12],"tags":[23,28,29,32,33,22,30,31,35,39,38,36,37,34,40,20,26,27,24,25,21],"class_list":{"0":"post-70576","1":"post","2":"type-post","3":"status-publish","4":"format-standard","5":"has-post-thumbnail","7":"category-latvija","8":"tag-aktualitates","9":"tag-breaking-news","10":"tag-breakingnews","11":"tag-featured-news","12":"tag-featurednews","13":"tag-headlines","14":"tag-latest-news","15":"tag-latestnews","16":"tag-latvia","17":"tag-latvian","18":"tag-latviesu","19":"tag-latviesu-valoda","20":"tag-latviesuvaloda","21":"tag-latvija","22":"tag-lv","23":"tag-news","24":"tag-popularakas-zinas","25":"tag-popularakaszinas","26":"tag-top-stories","27":"tag-topstories","28":"tag-zinas"},"share_on_mastodon":{"url":"https:\/\/pubeurope.com\/@lv\/115694363136340136","error":""},"_links":{"self":[{"href":"https:\/\/www.europesays.com\/lv\/wp-json\/wp\/v2\/posts\/70576","targetHints":{"allow":["GET"]}}],"collection":[{"href":"https:\/\/www.europesays.com\/lv\/wp-json\/wp\/v2\/posts"}],"about":[{"href":"https:\/\/www.europesays.com\/lv\/wp-json\/wp\/v2\/types\/post"}],"author":[{"embeddable":true,"href":"https:\/\/www.europesays.com\/lv\/wp-json\/wp\/v2\/users\/2"}],"replies":[{"embeddable":true,"href":"https:\/\/www.europesays.com\/lv\/wp-json\/wp\/v2\/comments?post=70576"}],"version-history":[{"count":0,"href":"https:\/\/www.europesays.com\/lv\/wp-json\/wp\/v2\/posts\/70576\/revisions"}],"wp:featuredmedia":[{"embeddable":true,"href":"https:\/\/www.europesays.com\/lv\/wp-json\/wp\/v2\/media\/70577"}],"wp:attachment":[{"href":"https:\/\/www.europesays.com\/lv\/wp-json\/wp\/v2\/media?parent=70576"}],"wp:term":[{"taxonomy":"category","embeddable":true,"href":"https:\/\/www.europesays.com\/lv\/wp-json\/wp\/v2\/categories?post=70576"},{"taxonomy":"post_tag","embeddable":true,"href":"https:\/\/www.europesays.com\/lv\/wp-json\/wp\/v2\/tags?post=70576"}],"curies":[{"name":"wp","href":"https:\/\/api.w.org\/{rel}","templated":true}]}}