{"id":70584,"date":"2025-12-10T08:47:10","date_gmt":"2025-12-10T08:47:10","guid":{"rendered":"https:\/\/www.europesays.com\/lv\/70584\/"},"modified":"2025-12-10T08:47:10","modified_gmt":"2025-12-10T08:47:10","slug":"kapec-trampa-redzejums-par-eiropu-var-izradities-bistams-latvijai","status":"publish","type":"post","link":"https:\/\/www.europesays.com\/lv\/70584\/","title":{"rendered":"K\u0101p\u0113c Trampa redz\u0113jums par Eiropu var izr\u0101d\u012bties b\u012bstams Latvijai"},"content":{"rendered":"<p>Pirmk\u0101rt, Trampa vald\u012bba nost\u0101d\u012bjusi sevi k\u0101 neapejamu vidut\u0101ju starp Krieviju un Ukrainu. Otrk\u0101rt, vi\u0146a dro\u0161\u012bbas padomnieki tikko p\u0101rrakst\u012bju\u0161i NATO vado\u0161\u0101s dal\u012bbvalsts strat\u0113\u0123isko skat\u012bjumu uz Eiropu, tostarp atz\u012bstot, ka atbalst\u012bs nacion\u0101listisku politisko sp\u0113ku poz\u012bcijas Eiropas Savien\u012bbas dal\u012bbvalst\u012bs un cent\u012bsies mazin\u0101t Briseles ietekmi. Nelielai ES un NATO dal\u012bbvalstij, kas atrodas tie\u0161i blakus agresorvalstij, tas vairs neizskat\u0101s p\u0113c \u012bslaic\u012bgas sa\u0161\u016bpo\u0161an\u0101s transatlantiskaj\u0101s attiec\u012bb\u0101s \u2013 t\u0101s ir struktur\u0101las p\u0101rmai\u0146as, kas tie\u0161\u0101 veid\u0101 ietekm\u0113 m\u016bsu dro\u0161\u012bbu.<\/p>\n<p>Tas, kas pag\u0101ju\u0161aj\u0101 ned\u0113\u013c\u0101 public\u0113taj\u0101 jaunaj\u0101 <a href=\"https:\/\/www.tvnet.lv\/term\/555410\/asv\" class=\"topicLink\" target=\"_blank\" rel=\"nofollow noopener\">ASV<\/a> Nacion\u0101l\u0101s dro\u0161\u012bbas strat\u0113\u0123ij\u0101 rakst\u012bts par Eiropu, br\u012b\u017eiem vair\u0101k izklaus\u0101s p\u0113c sprieduma m\u016bsu civiliz\u0101cijai, nevis p\u0113c dro\u0161\u012bbas strat\u0113\u0123ijas.<\/p>\n","protected":false},"excerpt":{"rendered":"Pirmk\u0101rt, Trampa vald\u012bba nost\u0101d\u012bjusi sevi k\u0101 neapejamu vidut\u0101ju starp Krieviju un Ukrainu. Otrk\u0101rt, vi\u0146a dro\u0161\u012bbas padomnieki tikko p\u0101rrakst\u012bju\u0161i&hellip;\n","protected":false},"author":2,"featured_media":70585,"comment_status":"","ping_status":"","sticky":false,"template":"","format":"standard","meta":{"footnotes":""},"categories":[14],"tags":[23,57,292,28,29,542,514,32,33,22,74,30,31,35,39,38,36,37,34,40,20,26,27,24,25,2238,54,55,56,21,58],"class_list":{"0":"post-70584","1":"post","2":"type-post","3":"status-publish","4":"format-standard","5":"has-post-thumbnail","7":"category-zinas-no-arvalstim","8":"tag-aktualitates","9":"tag-arvalstim","10":"tag-asv","11":"tag-breaking-news","12":"tag-breakingnews","13":"tag-donalds-tramps","14":"tag-eiropas-savieniba","15":"tag-featured-news","16":"tag-featurednews","17":"tag-headlines","18":"tag-krievijas-iebrukums-ukraina","19":"tag-latest-news","20":"tag-latestnews","21":"tag-latvia","22":"tag-latvian","23":"tag-latviesu","24":"tag-latviesu-valoda","25":"tag-latviesuvaloda","26":"tag-latvija","27":"tag-lv","28":"tag-news","29":"tag-popularakas-zinas","30":"tag-popularakaszinas","31":"tag-top-stories","32":"tag-topstories","33":"tag-tvnet-arvalstis","34":"tag-world","35":"tag-world-news","36":"tag-worldnews","37":"tag-zinas","38":"tag-zinas-no-arvalstim"},"share_on_mastodon":{"url":"https:\/\/pubeurope.com\/@lv\/115694406401522612","error":""},"_links":{"self":[{"href":"https:\/\/www.europesays.com\/lv\/wp-json\/wp\/v2\/posts\/70584","targetHints":{"allow":["GET"]}}],"collection":[{"href":"https:\/\/www.europesays.com\/lv\/wp-json\/wp\/v2\/posts"}],"about":[{"href":"https:\/\/www.europesays.com\/lv\/wp-json\/wp\/v2\/types\/post"}],"author":[{"embeddable":true,"href":"https:\/\/www.europesays.com\/lv\/wp-json\/wp\/v2\/users\/2"}],"replies":[{"embeddable":true,"href":"https:\/\/www.europesays.com\/lv\/wp-json\/wp\/v2\/comments?post=70584"}],"version-history":[{"count":0,"href":"https:\/\/www.europesays.com\/lv\/wp-json\/wp\/v2\/posts\/70584\/revisions"}],"wp:featuredmedia":[{"embeddable":true,"href":"https:\/\/www.europesays.com\/lv\/wp-json\/wp\/v2\/media\/70585"}],"wp:attachment":[{"href":"https:\/\/www.europesays.com\/lv\/wp-json\/wp\/v2\/media?parent=70584"}],"wp:term":[{"taxonomy":"category","embeddable":true,"href":"https:\/\/www.europesays.com\/lv\/wp-json\/wp\/v2\/categories?post=70584"},{"taxonomy":"post_tag","embeddable":true,"href":"https:\/\/www.europesays.com\/lv\/wp-json\/wp\/v2\/tags?post=70584"}],"curies":[{"name":"wp","href":"https:\/\/api.w.org\/{rel}","templated":true}]}}