{"id":70590,"date":"2025-12-10T09:01:09","date_gmt":"2025-12-10T09:01:09","guid":{"rendered":"https:\/\/www.europesays.com\/lv\/70590\/"},"modified":"2025-12-10T09:01:09","modified_gmt":"2025-12-10T09:01:09","slug":"valdiba-butiski-kapina-finansejumu-dronu-un-pretdronu-tehnologijam-jekabpils-laiks-jekabpils-zinas","status":"publish","type":"post","link":"https:\/\/www.europesays.com\/lv\/70590\/","title":{"rendered":"Vald\u012bba b\u016btiski k\u0101pina finans\u0113jumu dronu un pretdronu tehnolo\u0123ij\u0101m \/ J\u0113kabpils Laiks: J\u0113kabpils zi\u0146as"},"content":{"rendered":"<p>N\u0101kamaj\u0101 gad\u0101 pretgaisa aizsardz\u012bbas stiprin\u0101\u0161anai pl\u0101nots novirz\u012bt 200,54 miljonus eiro, savuk\u0101rt 50 miljoni eiro tiks ieguld\u012bti bezpilota lidapar\u0101tu sp\u0113j\u0101s, kas ir iev\u0113rojams finans\u0113juma pieaugums, sal\u012bdzinot ar \u0161o gadu, kad \u0161\u012bm sp\u0113j\u0101m tika novirz\u012bti 20 miljoni eiro.<\/p>\n<p>Vald\u012bba uzklaus\u012bjusi informat\u012bvo zi\u0146ojumu par trieciendronu ra\u017eo\u0161anas projektu &#8220;BETA&#8221;, ta\u010du ministrija pla\u0161\u0101k nek\u0101du inform\u0101ciju par \u0161o projektu nesniedz.<\/p>\n<p>Latvija ir k\u013cuvusi par pirmo NATO dal\u012bbvalsti, kas ieviesusi akustisko dronu detekciju vis\u0101 austrumu robe\u017e\u0101, b\u016btiski uzlabojot sp\u0113ju savlaic\u012bgi atkl\u0101t zemu lidojo\u0161us objektus. Paral\u0113li tiek integr\u0113tas jaunas nov\u0113ro\u0161anas sist\u0113mas \u2013 to vid\u016b ar\u012b pavisam nesen sa\u0146emtie &#8220;Giraffe&#8221; 1X radari.<\/p>\n<blockquote><p>&#13;<\/p>\n<p>&#8220;\u0160ie risin\u0101jumi ir noz\u012bm\u012bgs solis &#8220;dronu sienas&#8221; izveid\u0113, kas ietver gan detekciju, gan dronu pretdarb\u012bbas pas\u0101kumus un stiprina Latvijas sp\u0113ju aizsarg\u0101t savu gaisa telpu,&#8221; uzsv\u0113ris aizsardz\u012bbas ministrs Andris Spr\u016bds (P).<\/p>\n<p>&#13;\n<\/p><\/blockquote>\n<p>Vienlaikus akt\u012bvi tiek att\u012bst\u012btas pretdronu sist\u0113mas cie\u0161\u0101 sadarb\u012bb\u0101 ar viet\u0113jo aizsardz\u012bbas industriju. Gada s\u0101kum\u0101 nosl\u0113gta virkne p\u0113tniec\u012bbas un att\u012bst\u012bbas projektu, kas v\u0113rsti uz elektronisk\u0101s karadarb\u012bbas tehnolo\u0123ij\u0101m, milit\u0101ri mobilaj\u0101m platform\u0101m, p\u0101rtv\u0113r\u0113jdroniem un vad\u0101maj\u0101m ra\u0137et\u0113m.<\/p>\n<p>Milit\u0101raj\u0101 poligon\u0101 &#8220;S\u0113lija&#8221; veikti pirmie p\u0101rtv\u0113r\u0113jdronu testi, un l\u012bdz gada beig\u0101m Nacion\u0101lie bru\u0146otie sp\u0113ki sa\u0146ems pirmos viet\u0113ji ra\u017eotos p\u0101rtv\u0113r\u0113jdronus, kas tiks izvietoti pierobe\u017e\u0101. Turkl\u0101t Latvija ieg\u0101d\u0101sies ar\u012b Ukrain\u0101 test\u0113tus dronus, lai izv\u0113rt\u0113tu to efektivit\u0101ti. Paral\u0113li s\u0101kts darbs pie n\u0101kam\u0101s paaudzes p\u0101rtv\u0113r\u0113jdronu izv\u0113rt\u0113\u0161anas, \u0146emot v\u0113r\u0101 tehnolo\u0123iju straujo att\u012bst\u012bbu.<\/p>\n<p>Latvija, N\u012bderlande un Horv\u0101tija decembra s\u0101kum\u0101 Brisel\u0113 notiku\u0161aj\u0101 Eiropas Savien\u012bbas \u0100rlietu padomes aizsardz\u012bbas ministru san\u0101ksm\u0113 vienoj\u0101s par cie\u0161\u0101ku sadarb\u012bbu dronu un pretdronu sist\u0113mu att\u012bst\u012bb\u0101. K\u0101 nor\u0101da ministrij\u0101, \u0161\u012b partner\u012bba apliecina Latvijas l\u012bder\u012bbu un nostiprina m\u016bsu valsts lomu Eiropas kop\u0113j\u0101s dro\u0161\u012bbas telpas veido\u0161an\u0101, vienlaikus veicinot t\u0101du risin\u0101jumu izstr\u0101di, kas uzlabos gan Latvijas, gan visas Eiropas Savien\u012bbas aizsardz\u012bbas sp\u0113jas.<\/p>\n","protected":false},"excerpt":{"rendered":"N\u0101kamaj\u0101 gad\u0101 pretgaisa aizsardz\u012bbas stiprin\u0101\u0161anai pl\u0101nots novirz\u012bt 200,54 miljonus eiro, savuk\u0101rt 50 miljoni eiro tiks ieguld\u012bti bezpilota lidapar\u0101tu&hellip;\n","protected":false},"author":2,"featured_media":70591,"comment_status":"","ping_status":"","sticky":false,"template":"","format":"standard","meta":{"footnotes":""},"categories":[5],"tags":[23,28,29,32,33,22,987,986,30,31,35,39,38,36,37,34,40,20,26,27,24,25,21],"class_list":{"0":"post-70590","1":"post","2":"type-post","3":"status-publish","4":"format-standard","5":"has-post-thumbnail","7":"category-aktualitates","8":"tag-aktualitates","9":"tag-breaking-news","10":"tag-breakingnews","11":"tag-featured-news","12":"tag-featurednews","13":"tag-headlines","14":"tag-jekabpils-zinas","15":"tag-jekabpilslaiks","16":"tag-latest-news","17":"tag-latestnews","18":"tag-latvia","19":"tag-latvian","20":"tag-latviesu","21":"tag-latviesu-valoda","22":"tag-latviesuvaloda","23":"tag-latvija","24":"tag-lv","25":"tag-news","26":"tag-popularakas-zinas","27":"tag-popularakaszinas","28":"tag-top-stories","29":"tag-topstories","30":"tag-zinas"},"share_on_mastodon":{"url":"https:\/\/pubeurope.com\/@lv\/115694461554836519","error":""},"_links":{"self":[{"href":"https:\/\/www.europesays.com\/lv\/wp-json\/wp\/v2\/posts\/70590","targetHints":{"allow":["GET"]}}],"collection":[{"href":"https:\/\/www.europesays.com\/lv\/wp-json\/wp\/v2\/posts"}],"about":[{"href":"https:\/\/www.europesays.com\/lv\/wp-json\/wp\/v2\/types\/post"}],"author":[{"embeddable":true,"href":"https:\/\/www.europesays.com\/lv\/wp-json\/wp\/v2\/users\/2"}],"replies":[{"embeddable":true,"href":"https:\/\/www.europesays.com\/lv\/wp-json\/wp\/v2\/comments?post=70590"}],"version-history":[{"count":0,"href":"https:\/\/www.europesays.com\/lv\/wp-json\/wp\/v2\/posts\/70590\/revisions"}],"wp:featuredmedia":[{"embeddable":true,"href":"https:\/\/www.europesays.com\/lv\/wp-json\/wp\/v2\/media\/70591"}],"wp:attachment":[{"href":"https:\/\/www.europesays.com\/lv\/wp-json\/wp\/v2\/media?parent=70590"}],"wp:term":[{"taxonomy":"category","embeddable":true,"href":"https:\/\/www.europesays.com\/lv\/wp-json\/wp\/v2\/categories?post=70590"},{"taxonomy":"post_tag","embeddable":true,"href":"https:\/\/www.europesays.com\/lv\/wp-json\/wp\/v2\/tags?post=70590"}],"curies":[{"name":"wp","href":"https:\/\/api.w.org\/{rel}","templated":true}]}}