{"id":70594,"date":"2025-12-10T09:05:07","date_gmt":"2025-12-10T09:05:07","guid":{"rendered":"https:\/\/www.europesays.com\/lv\/70594\/"},"modified":"2025-12-10T09:05:07","modified_gmt":"2025-12-10T09:05:07","slug":"ukraina-ir-gatava-velesanam-ja-tiktu-garanteta-to-drosiba-pazino-zelenskis","status":"publish","type":"post","link":"https:\/\/www.europesays.com\/lv\/70594\/","title":{"rendered":"Ukraina ir gatava v\u0113l\u0113\u0161an\u0101m, ja tiktu garant\u0113ta to dro\u0161\u012bba, pazi\u0146o Zelenskis"},"content":{"rendered":"<p>\u201cT\u0101 k\u0101 \u0161o jaut\u0101jumu \u0161odien ir aktualiz\u0113jis ASV prezidents, m\u016bsu partneri, es atbild\u0113\u0161u \u013coti \u012bsi \u2013 es esmu gatavs v\u0113l\u0113\u0161an\u0101m,\u201d otrdienas vakar\u0101 \u017eurn\u0101listiem pav\u0113st\u012bja Zelenskis.<\/p>\n<p>Lai k\u0101das v\u0113l\u0113\u0161anas notiktu, tom\u0113r vispirms vajag garant\u0113t to dro\u0161\u012bbu, sac\u012bja Zelenskis, l\u016bdzot ASV un \u201cEiropas kol\u0113\u0123iem\u201d pal\u012bdz\u0113t to nodro\u0161in\u0101t.<\/p>\n<p>P\u0113c Zelenska sac\u012bt\u0101, ar ASV un Eiropas dro\u0161\u012bbu garantij\u0101m n\u0101kamo divu l\u012bdz tr\u012bs m\u0113ne\u0161u laik\u0101 Ukraina b\u016btu gatava r\u012bkot v\u0113l\u0113\u0161anas.<\/p>\n<p>Prezidents piebilda, ka vi\u0146\u0161 l\u016bdz likumdev\u0113jus sagatavot \u201cpriek\u0161likumus par iesp\u0113ju izdar\u012bt groz\u012bjumus likumdo\u0161anas pamatos un likum\u0101 par v\u0113l\u0113\u0161an\u0101m karast\u0101vok\u013ca laik\u0101\u201d.<\/p>\n<p>Karast\u0101voklis Ukrain\u0101 ir sp\u0113k\u0101 kop\u0161 2022. gada 24. febru\u0101ra, kad Krievija s\u0101ka pilna m\u0113roga iebrukumu. V\u0113l\u0113\u0161anu r\u012bko\u0161ana kara laik\u0101 ir aizliegta.<\/p>\n<p class=\"tv3-fw-500\">Zi\u0146o par k\u013c\u016bdu rakst\u0101<\/p>\n<p class=\"d-md-block d-none\">Iez\u012bm\u0113 k\u013c\u016bdaino tekstu un spied Ctrl+Enter.<\/p>\n<p class=\"d-md-none d-block\">Iez\u012bm\u0113 k\u013c\u016bdaino tekstu un zi\u0146o par to!<\/p>\n","protected":false},"excerpt":{"rendered":"\u201cT\u0101 k\u0101 \u0161o jaut\u0101jumu \u0161odien ir aktualiz\u0113jis ASV prezidents, m\u016bsu partneri, es atbild\u0113\u0161u \u013coti \u012bsi \u2013 es esmu&hellip;\n","protected":false},"author":2,"featured_media":70595,"comment_status":"","ping_status":"","sticky":false,"template":"","format":"standard","meta":{"footnotes":""},"categories":[14],"tags":[23,57,28,29,32,33,22,3585,30,31,35,39,38,36,37,34,40,20,26,27,24,25,54,55,56,21,58],"class_list":{"0":"post-70594","1":"post","2":"type-post","3":"status-publish","4":"format-standard","5":"has-post-thumbnail","7":"category-zinas-no-arvalstim","8":"tag-aktualitates","9":"tag-arvalstim","10":"tag-breaking-news","11":"tag-breakingnews","12":"tag-featured-news","13":"tag-featurednews","14":"tag-headlines","15":"tag-kars-ukrainavolodimirs-zelenskis","16":"tag-latest-news","17":"tag-latestnews","18":"tag-latvia","19":"tag-latvian","20":"tag-latviesu","21":"tag-latviesu-valoda","22":"tag-latviesuvaloda","23":"tag-latvija","24":"tag-lv","25":"tag-news","26":"tag-popularakas-zinas","27":"tag-popularakaszinas","28":"tag-top-stories","29":"tag-topstories","30":"tag-world","31":"tag-world-news","32":"tag-worldnews","33":"tag-zinas","34":"tag-zinas-no-arvalstim"},"share_on_mastodon":{"url":"https:\/\/pubeurope.com\/@lv\/115694477169746363","error":""},"_links":{"self":[{"href":"https:\/\/www.europesays.com\/lv\/wp-json\/wp\/v2\/posts\/70594","targetHints":{"allow":["GET"]}}],"collection":[{"href":"https:\/\/www.europesays.com\/lv\/wp-json\/wp\/v2\/posts"}],"about":[{"href":"https:\/\/www.europesays.com\/lv\/wp-json\/wp\/v2\/types\/post"}],"author":[{"embeddable":true,"href":"https:\/\/www.europesays.com\/lv\/wp-json\/wp\/v2\/users\/2"}],"replies":[{"embeddable":true,"href":"https:\/\/www.europesays.com\/lv\/wp-json\/wp\/v2\/comments?post=70594"}],"version-history":[{"count":0,"href":"https:\/\/www.europesays.com\/lv\/wp-json\/wp\/v2\/posts\/70594\/revisions"}],"wp:featuredmedia":[{"embeddable":true,"href":"https:\/\/www.europesays.com\/lv\/wp-json\/wp\/v2\/media\/70595"}],"wp:attachment":[{"href":"https:\/\/www.europesays.com\/lv\/wp-json\/wp\/v2\/media?parent=70594"}],"wp:term":[{"taxonomy":"category","embeddable":true,"href":"https:\/\/www.europesays.com\/lv\/wp-json\/wp\/v2\/categories?post=70594"},{"taxonomy":"post_tag","embeddable":true,"href":"https:\/\/www.europesays.com\/lv\/wp-json\/wp\/v2\/tags?post=70594"}],"curies":[{"name":"wp","href":"https:\/\/api.w.org\/{rel}","templated":true}]}}