{"id":70614,"date":"2025-12-10T09:25:10","date_gmt":"2025-12-10T09:25:10","guid":{"rendered":"https:\/\/www.europesays.com\/lv\/70614\/"},"modified":"2025-12-10T09:25:10","modified_gmt":"2025-12-10T09:25:10","slug":"krievijas-draudi-eiropas-tiltiem-un-dzelzceliem","status":"publish","type":"post","link":"https:\/\/www.europesays.com\/lv\/70614\/","title":{"rendered":"Krievijas draudi Eiropas tiltiem un dzelzce\u013ciem"},"content":{"rendered":"<p class=\"descr\">Krievijas a\u0123enti p\u0113ta kritisko infrastrukt\u016bru un integr\u0113jas k\u0101 &#8220;gu\u013co\u0161ie&#8221; diversanti.<\/p>\n<p>Eirop\u0101 pieaug ba\u017eas par iesp\u0113jam\u0101m diversijas oper\u0101cij\u0101m, ko Krievija var\u0113tu pl\u0101not pret strat\u0113\u0123iskiem m\u0113r\u0137iem. Eiropas izl\u016bkdienesti zi\u0146o, ka <a href=\"https:\/\/nra.lv\/birka\/krievijas-agenti\/\" target=\"_blank\" rel=\"noopener nofollow\">Krievijas a\u0123enti<\/a> akt\u012bvi p\u0113ta tiltus, dzelzce\u013ca mezglus un citu kritisko infrastrukt\u016bru. \u0160\u0101da aktivit\u0101te, vi\u0146upr\u0101t, var\u0113tu liecin\u0101t par gatavo\u0161anos uzbrukumiem.<\/p>\n<blockquote><p>Augst\u0101ka l\u012bme\u0146a Eiropas izl\u016bkdienestu amatpersona laikrakstam Financial Times past\u0101st\u012bja, ka Krievija cen\u0161as integr\u0113t ES augsti kvalific\u0113tus a\u0123entus, lai tie darbotos k\u0101 sl\u0113pti diversanti. Eksperti nor\u0101da, ka publiskotie gad\u012bjumi ir tikai pla\u0161\u0101ka m\u0113roga darb\u012bbas virspuse.<\/p><\/blockquote>\n<p>Chatham House anal\u012bti\u0137is K\u012brs D\u017eailzs uzsver, ka re\u0123istr\u0113to incidentu skaits neatspogu\u013co faktiskos draudus, jo liel\u0101k\u0101 da\u013ca dar\u012bjumu netiek atkl\u0101ti. Vi\u0146\u0161 to sal\u012bdzina ar Krievijas faktisko karu pret Eiropu, kur hibr\u012bduzbrukumi ir k\u013cuvu\u0161i par strat\u0113\u0123ijas da\u013cu.<\/p>\n<p>Financial Times nor\u0101da, ka Krievija akt\u012bvi izmanto izl\u016bko\u0161anas taktiku, p\u0101rbaudot pretinieku ievainojam\u012bbu. Tas var\u0113tu izskaidrot dronu skaita pieaugumu, kas \u0161\u0137\u0113rso Eiropas gaisa telpu. Tom\u0113r ES amatpersonas baid\u0101s, ka p\u0101rsp\u012bl\u0113ta reakcija var\u0113tu n\u0101kt par labu Maskavai.<\/p>\n<p>Re\u0123ions arvien vair\u0101k uztraucas par incidentiem, kas v\u0113l pirms gada var\u0113tu b\u016bt uzskat\u012bti par nenoz\u012bm\u012bgiem. Da\u017e\u0101s valst\u012bs, \u012bpa\u0161i Polij\u0101, Krievijas draudi jau tiek sal\u012bdzin\u0101ti ar iepriek\u0161\u0113jo desmitga\u017eu teroristu uzbrukumiem.<\/p>\n<p>\t\t\t\t\t\tinfo<\/p>\n<p>Uzzini pirmais<br \/>kas interesants noticis Latvij\u0101 un pasaul\u0113,<br \/>pievienojoties mums <a href=\"https:\/\/t.me\/neatkariga\" rel=\"nofollow\">Telegram<\/a> vai <a href=\"https:\/\/whatsapp.com\/channel\/0029VaMLFUH5K3zLU5s4wm3y\" rel=\"nofollow noopener\" target=\"_blank\">Whatsapp<\/a> kan\u0101l\u0101<\/p>\n","protected":false},"excerpt":{"rendered":"Krievijas a\u0123enti p\u0113ta kritisko infrastrukt\u016bru un integr\u0113jas k\u0101 &#8220;gu\u013co\u0161ie&#8221; diversanti. Eirop\u0101 pieaug ba\u017eas par iesp\u0113jam\u0101m diversijas oper\u0101cij\u0101m, ko&hellip;\n","protected":false},"author":2,"featured_media":70615,"comment_status":"","ping_status":"","sticky":false,"template":"","format":"standard","meta":{"footnotes":""},"categories":[5],"tags":[23,28,29,32,33,22,30,31,35,39,38,36,37,34,40,20,26,27,24,25,21],"class_list":{"0":"post-70614","1":"post","2":"type-post","3":"status-publish","4":"format-standard","5":"has-post-thumbnail","7":"category-aktualitates","8":"tag-aktualitates","9":"tag-breaking-news","10":"tag-breakingnews","11":"tag-featured-news","12":"tag-featurednews","13":"tag-headlines","14":"tag-latest-news","15":"tag-latestnews","16":"tag-latvia","17":"tag-latvian","18":"tag-latviesu","19":"tag-latviesu-valoda","20":"tag-latviesuvaloda","21":"tag-latvija","22":"tag-lv","23":"tag-news","24":"tag-popularakas-zinas","25":"tag-popularakaszinas","26":"tag-top-stories","27":"tag-topstories","28":"tag-zinas"},"share_on_mastodon":{"url":"https:\/\/pubeurope.com\/@lv\/115694555885307234","error":""},"_links":{"self":[{"href":"https:\/\/www.europesays.com\/lv\/wp-json\/wp\/v2\/posts\/70614","targetHints":{"allow":["GET"]}}],"collection":[{"href":"https:\/\/www.europesays.com\/lv\/wp-json\/wp\/v2\/posts"}],"about":[{"href":"https:\/\/www.europesays.com\/lv\/wp-json\/wp\/v2\/types\/post"}],"author":[{"embeddable":true,"href":"https:\/\/www.europesays.com\/lv\/wp-json\/wp\/v2\/users\/2"}],"replies":[{"embeddable":true,"href":"https:\/\/www.europesays.com\/lv\/wp-json\/wp\/v2\/comments?post=70614"}],"version-history":[{"count":0,"href":"https:\/\/www.europesays.com\/lv\/wp-json\/wp\/v2\/posts\/70614\/revisions"}],"wp:featuredmedia":[{"embeddable":true,"href":"https:\/\/www.europesays.com\/lv\/wp-json\/wp\/v2\/media\/70615"}],"wp:attachment":[{"href":"https:\/\/www.europesays.com\/lv\/wp-json\/wp\/v2\/media?parent=70614"}],"wp:term":[{"taxonomy":"category","embeddable":true,"href":"https:\/\/www.europesays.com\/lv\/wp-json\/wp\/v2\/categories?post=70614"},{"taxonomy":"post_tag","embeddable":true,"href":"https:\/\/www.europesays.com\/lv\/wp-json\/wp\/v2\/tags?post=70614"}],"curies":[{"name":"wp","href":"https:\/\/api.w.org\/{rel}","templated":true}]}}