{"id":70648,"date":"2025-12-10T10:18:08","date_gmt":"2025-12-10T10:18:08","guid":{"rendered":"https:\/\/www.europesays.com\/lv\/70648\/"},"modified":"2025-12-10T10:18:08","modified_gmt":"2025-12-10T10:18:08","slug":"zemes-nomas-maksas-limitesana-lidz-4-no-kadastralas-vertibas-neatbilst-satversmei-2","status":"publish","type":"post","link":"https:\/\/www.europesays.com\/lv\/70648\/","title":{"rendered":"Zemes nomas maksas limit\u0113\u0161ana l\u012bdz 4% no kadastr\u0101l\u0101s v\u0113rt\u012bbas neatbilst Satversmei"},"content":{"rendered":"<p>Likumdev\u0113js ar min\u0113to normu ir r\u016bp\u0113jies par dz\u012bvojamo \u0113ku \u012bpa\u0161nieku ties\u012bbu aizsardz\u012bbu, balstoties pie\u0146\u0113mum\u0101, ka vi\u0146i visi ir soci\u0101li maz\u0101k aizsarg\u0101ti nek\u0101 zemes \u012bpa\u0161nieki. Tom\u0113r ST \u0161\u0101du visp\u0101r\u012bgu pie\u0146\u0113mumu atzina par nepamatotu. \u0160\u012b norma vienl\u012bdz attiecas ar\u012b uz juridisk\u0101m person\u0101m, kuras nevar uzskat\u012bt par soci\u0101li maz\u0101k aizsarg\u0101tu personu grupu. Savuk\u0101rt situ\u0101cijas, kad dz\u012bvojamo \u0113ku \u012bpa\u0161niekiem var rasties gr\u016bt\u012bbas samaks\u0101t zemes likumisk\u0101s lieto\u0161anas maksu, ir iesp\u0113jams risin\u0101t cit\u0101di, nor\u0101da ST.<\/p>\n<p>Lai dotu likumdev\u0113jam laiku tiesisk\u0101s attiec\u012bbas noregul\u0113t t\u0101d\u0101 veid\u0101, lai visi zemes \u012bpa\u0161nieki sa\u0146emtu t\u0101du zemes likumisk\u0101s lieto\u0161anas maksu, kas pilda atl\u012bdz\u012bbas funkciju, bet vienlaikus tiktu iev\u0113rotas ar\u012b b\u016bvju \u012bpa\u0161nieku ties\u012bbas, ST atzina apstr\u012bd\u0113t\u0101s normas attiec\u012bb\u0101 uz zemes likumisk\u0101s lieto\u0161anas tiesiskaj\u0101m attiec\u012bb\u0101m par sp\u0113k\u0101 neeso\u0161\u0101m no 2027. gada 1. janv\u0101ra.<\/p>\n<p>Vienlaikus ST noteica, ka likumdev\u0113jam l\u012bdz 2026. gada 1. j\u016bnijam j\u0101pie\u0146em regul\u0113jums, kas nodro\u0161in\u0101s zemes \u012bpa\u0161niekiem ties\u012bbas uz atbilst\u012bgu atl\u012bdzin\u0101jumu par vi\u0146u pamatties\u012bbu nepamatotu aizsk\u0101rumu gad\u012bjumos, kad zemes likumisk\u0101s lieto\u0161anas maksa nesedz nekustam\u0101 \u012bpa\u0161uma nodok\u013ca maks\u0101jumu par konkr\u0113to zemi, ir vien\u0101da ar to vai kad p\u0113c \u0161\u0101 nodok\u013ca samaksas atl\u012bdz\u012bba paliek nesam\u0113r\u012bgi maza.<\/p>\n","protected":false},"excerpt":{"rendered":"Likumdev\u0113js ar min\u0113to normu ir r\u016bp\u0113jies par dz\u012bvojamo \u0113ku \u012bpa\u0161nieku ties\u012bbu aizsardz\u012bbu, balstoties pie\u0146\u0113mum\u0101, ka vi\u0146i visi ir&hellip;\n","protected":false},"author":2,"featured_media":70649,"comment_status":"","ping_status":"","sticky":false,"template":"","format":"standard","meta":{"footnotes":""},"categories":[12],"tags":[23,28,29,32,33,22,30,31,35,39,38,36,37,34,40,20,26,27,2022,13246,24,25,21],"class_list":{"0":"post-70648","1":"post","2":"type-post","3":"status-publish","4":"format-standard","5":"has-post-thumbnail","7":"category-latvija","8":"tag-aktualitates","9":"tag-breaking-news","10":"tag-breakingnews","11":"tag-featured-news","12":"tag-featurednews","13":"tag-headlines","14":"tag-latest-news","15":"tag-latestnews","16":"tag-latvia","17":"tag-latvian","18":"tag-latviesu","19":"tag-latviesu-valoda","20":"tag-latviesuvaloda","21":"tag-latvija","22":"tag-lv","23":"tag-news","24":"tag-popularakas-zinas","25":"tag-popularakaszinas","26":"tag-satversme","27":"tag-satversmes-tiesa","28":"tag-top-stories","29":"tag-topstories","30":"tag-zinas"},"share_on_mastodon":{"url":"https:\/\/pubeurope.com\/@lv\/115694764266995163","error":""},"_links":{"self":[{"href":"https:\/\/www.europesays.com\/lv\/wp-json\/wp\/v2\/posts\/70648","targetHints":{"allow":["GET"]}}],"collection":[{"href":"https:\/\/www.europesays.com\/lv\/wp-json\/wp\/v2\/posts"}],"about":[{"href":"https:\/\/www.europesays.com\/lv\/wp-json\/wp\/v2\/types\/post"}],"author":[{"embeddable":true,"href":"https:\/\/www.europesays.com\/lv\/wp-json\/wp\/v2\/users\/2"}],"replies":[{"embeddable":true,"href":"https:\/\/www.europesays.com\/lv\/wp-json\/wp\/v2\/comments?post=70648"}],"version-history":[{"count":0,"href":"https:\/\/www.europesays.com\/lv\/wp-json\/wp\/v2\/posts\/70648\/revisions"}],"wp:featuredmedia":[{"embeddable":true,"href":"https:\/\/www.europesays.com\/lv\/wp-json\/wp\/v2\/media\/70649"}],"wp:attachment":[{"href":"https:\/\/www.europesays.com\/lv\/wp-json\/wp\/v2\/media?parent=70648"}],"wp:term":[{"taxonomy":"category","embeddable":true,"href":"https:\/\/www.europesays.com\/lv\/wp-json\/wp\/v2\/categories?post=70648"},{"taxonomy":"post_tag","embeddable":true,"href":"https:\/\/www.europesays.com\/lv\/wp-json\/wp\/v2\/tags?post=70648"}],"curies":[{"name":"wp","href":"https:\/\/api.w.org\/{rel}","templated":true}]}}