{"id":70691,"date":"2025-12-10T10:59:20","date_gmt":"2025-12-10T10:59:20","guid":{"rendered":"https:\/\/www.europesays.com\/lv\/70691\/"},"modified":"2025-12-10T10:59:20","modified_gmt":"2025-12-10T10:59:20","slug":"krievija-sabruka-lielakais-turboventilatora-lidmasina-pasaule-ko-zinam-par-katastrofu","status":"publish","type":"post","link":"https:\/\/www.europesays.com\/lv\/70691\/","title":{"rendered":"Krievij\u0101 sabruka liel\u0101kais turboventilatora lidma\u0161\u012bna pasaul\u0113. Ko zin\u0101m par katastrofu?"},"content":{"rendered":"<p>Milit\u0101r\u0101 transporta lidma\u0161\u012bna An-22 piedz\u012bvoja av\u0101riju Ivanovas apgabal\u0101. Gaisa ku\u0123is sabruka Furmanov\u0101, Uvodkovas \u016bdenskr\u0101tuv\u0113 net\u0101lu no ciemata Ivanovo.<\/p>\n<p>Saska\u0146\u0101 ar inform\u0101ciju no Shot, apkalpes locek\u013ci novirz\u012bja lidma\u0161\u012bnu no dz\u012bvojam\u0101m m\u0101j\u0101m kritiena laik\u0101, un An-22 sabruka da\u013c\u0101s. Inform\u0101cija par katastrofas c\u0113lo\u0146iem pagaid\u0101m nav pieejama.<\/p>\n<p>Milit\u0101r\u0101 transporta An-22 ir liel\u0101k\u0101 turboventilatora lidma\u0161\u012bna pasaul\u0113, kas paredz\u0113ta karasp\u0113ka un tehnikas p\u0101rvad\u0101\u0161anai lielos att\u0101lumos. Lidma\u0161\u012bna veica pl\u0101noto lidojumu p\u0113c remonta.<\/p>\n<p>Saska\u0146\u0101 ar avotu, kritu\u0161\u0101s An-22 apkalpe, iesp\u0113jams, nav izdz\u012bvojusi. Gl\u0101b\u0113ji mekl\u0113 pilotus vai vi\u0146u \u0137erme\u0146us. Av\u0101rijas viet\u0101 \u016bdenskr\u0101tuv\u0113 pagaid\u0101m atrasti tikai lidma\u0161\u012bnas atl\u016bzas. Zin\u0101ms, ka p\u0113d\u0113jo reizi apkalpes locek\u013ci sazin\u0101j\u0101s plkst. 11:00.<\/p>\n<p>An-22 \u00abAnt\u0113js\u00bb ir padomju smag\u0101 turboventilatora transporta lidma\u0161\u012bna, pirm\u0101 pasaul\u0113 pla\u0161f\u016bz\u0113ta un liel\u0101k\u0101 turboventilatora lidma\u0161\u012bna pasaul\u0113.<\/p>\n<p>Starpcitu, pag\u0101ju\u0161aj\u0101 gad\u0101 Ivanovas apgabal\u0101 notika cita milit\u0101r\u0101 lidma\u0161\u012bna av\u0101rija: 2024. gada 12. mart\u0101 re\u0123ion\u0101 sabruka smag\u0101 milit\u0101r\u0101 transporta lidma\u0161\u012bna Il-76. Katastrof\u0101 g\u0101ja boj\u0101 16 cilv\u0113ki.<\/p>\n<p>\n                            Valodas k\u013c\u016bda rakst\u0101?<br \/>Iez\u012bm\u0113jiet tekstu un spiediet Zi\u0146ot par k\u013c\u016bdu pogas   , lai nos\u016bt\u012btu labojamo teksta fragmentu redaktoram!<\/p>\n<p>                                Zi\u0146ot par k\u013c\u016bdu<\/p>\n","protected":false},"excerpt":{"rendered":"Milit\u0101r\u0101 transporta lidma\u0161\u012bna An-22 piedz\u012bvoja av\u0101riju Ivanovas apgabal\u0101. Gaisa ku\u0123is sabruka Furmanov\u0101, Uvodkovas \u016bdenskr\u0101tuv\u0113 net\u0101lu no ciemata Ivanovo.&hellip;\n","protected":false},"author":2,"featured_media":70692,"comment_status":"","ping_status":"","sticky":false,"template":"","format":"standard","meta":{"footnotes":""},"categories":[14],"tags":[23,57,28,29,32,33,22,30,31,35,39,38,36,37,34,40,20,26,27,24,25,54,55,56,21,58],"class_list":{"0":"post-70691","1":"post","2":"type-post","3":"status-publish","4":"format-standard","5":"has-post-thumbnail","7":"category-zinas-no-arvalstim","8":"tag-aktualitates","9":"tag-arvalstim","10":"tag-breaking-news","11":"tag-breakingnews","12":"tag-featured-news","13":"tag-featurednews","14":"tag-headlines","15":"tag-latest-news","16":"tag-latestnews","17":"tag-latvia","18":"tag-latvian","19":"tag-latviesu","20":"tag-latviesu-valoda","21":"tag-latviesuvaloda","22":"tag-latvija","23":"tag-lv","24":"tag-news","25":"tag-popularakas-zinas","26":"tag-popularakaszinas","27":"tag-top-stories","28":"tag-topstories","29":"tag-world","30":"tag-world-news","31":"tag-worldnews","32":"tag-zinas","33":"tag-zinas-no-arvalstim"},"share_on_mastodon":{"url":"https:\/\/pubeurope.com\/@lv\/115694925412815936","error":""},"_links":{"self":[{"href":"https:\/\/www.europesays.com\/lv\/wp-json\/wp\/v2\/posts\/70691","targetHints":{"allow":["GET"]}}],"collection":[{"href":"https:\/\/www.europesays.com\/lv\/wp-json\/wp\/v2\/posts"}],"about":[{"href":"https:\/\/www.europesays.com\/lv\/wp-json\/wp\/v2\/types\/post"}],"author":[{"embeddable":true,"href":"https:\/\/www.europesays.com\/lv\/wp-json\/wp\/v2\/users\/2"}],"replies":[{"embeddable":true,"href":"https:\/\/www.europesays.com\/lv\/wp-json\/wp\/v2\/comments?post=70691"}],"version-history":[{"count":0,"href":"https:\/\/www.europesays.com\/lv\/wp-json\/wp\/v2\/posts\/70691\/revisions"}],"wp:featuredmedia":[{"embeddable":true,"href":"https:\/\/www.europesays.com\/lv\/wp-json\/wp\/v2\/media\/70692"}],"wp:attachment":[{"href":"https:\/\/www.europesays.com\/lv\/wp-json\/wp\/v2\/media?parent=70691"}],"wp:term":[{"taxonomy":"category","embeddable":true,"href":"https:\/\/www.europesays.com\/lv\/wp-json\/wp\/v2\/categories?post=70691"},{"taxonomy":"post_tag","embeddable":true,"href":"https:\/\/www.europesays.com\/lv\/wp-json\/wp\/v2\/tags?post=70691"}],"curies":[{"name":"wp","href":"https:\/\/api.w.org\/{rel}","templated":true}]}}