{"id":70695,"date":"2025-12-10T11:02:29","date_gmt":"2025-12-10T11:02:29","guid":{"rendered":"https:\/\/www.europesays.com\/lv\/70695\/"},"modified":"2025-12-10T11:02:29","modified_gmt":"2025-12-10T11:02:29","slug":"mes-neprotam-maksligi-radit-dramas-lente-lv","status":"publish","type":"post","link":"https:\/\/www.europesays.com\/lv\/70695\/","title":{"rendered":"&#8220;M\u0113s neprotam m\u0101ksl\u012bgi rad\u012bt dr\u0101mas&#8221;\u00a0\u2014\u00a0Lente.lv"},"content":{"rendered":"<p>Gluzunovu p\u0101ris pamet realit\u0101tes \u0161ovu, mekl\u0113jot patiesumu un priv\u0101tumu<\/p>\n<p>Dzied\u0101t\u0101ja El\u012bna Gluzunova kop\u0101 ar savu v\u012bru Artjomu ir pie\u0146\u0113musi izsv\u0113rtu l\u0113mumu beigt dal\u012bbu realit\u0101tes \u0161ov\u0101, uzsverot, ka vi\u0146i nev\u0113las m\u0101ksl\u012bgi rad\u012bt dr\u0101mu skat\u012bt\u0101ju izklaidei. P\u0113c 13 gadu kopdz\u012bves un nesen\u0101m k\u0101z\u0101m, p\u0101ris nol\u0113mis savu dz\u012bvi turpm\u0101k patur\u0113t \u0101rpus telev\u012bzijas kameru un sabiedr\u012bbas uzman\u012bbas loka, dodot priek\u0161roku person\u012bg\u0101s telpas un attiec\u012bbu intimit\u0101tei.<\/p>\n<p>Vair\u0101k nek\u0101 nauda \u2013 v\u0113rt\u012bba priv\u0101tum\u0101<\/p>\n<p>K\u0101 atkl\u0101jis pats p\u0101ris, galvenais iemesls \u0161\u0101dam solim ir nevis finansi\u0101li apsv\u0113rumi, lai gan ar\u012b piebilstot, ka pied\u0101v\u0101t\u0101 summa nebija tik liela, lai attaisnotu sevi p\u0101rv\u0113r\u0161anu par \u201cklauniem\u201d, bet gan dzi\u013c\u0101ka p\u0101rliec\u012bba par savu v\u0113rt\u012bbu. Gluzunova uzsver, ka vi\u0146i nav rad\u012bti m\u0101kslotai dr\u0101mai un ka vi\u0146u priorit\u0101te ir saglab\u0101t savu autentiskumu un person\u012bgo dz\u012bvi. \u0160\u012b izv\u0113le ir skaidrs sign\u0101ls, ka vi\u0146i mekl\u0113 dzi\u013c\u0101ku piepild\u012bjumu un nev\u0113las upur\u0113t savu labsaj\u016btu un priv\u0101tumu izklaides industrijas nol\u016bkos.<\/p>\n<p>Jauns dz\u012bves posms un person\u012bg\u0101s robe\u017eas<\/p>\n<p>\u0160is l\u0113mums iez\u012bm\u0113 noz\u012bm\u012bgu pagrieziena punktu El\u012bnas un Artjoma dz\u012bv\u0113. P\u0113c ilgsto\u0161a kopdz\u012bves posma, kas nu vainagojies ar laul\u012bb\u0101m, vi\u0146i apzin\u0101s nepiecie\u0161am\u012bbu p\u0113c priv\u0101tuma un mier\u012bgas kop\u0101 b\u016b\u0161anas, kas nav pak\u013cauta nep\u0101rtrauktai publiskai anal\u012bzei. Realit\u0101tes \u0161ovu pasaule bie\u017ei vien prasa dal\u012bbniekiem atkl\u0101t savas emocijas un attiec\u012bbu nianses, kas var rad\u012bt spriedzi un ne\u0113rt\u012bbas. Gluzunovi ir izv\u0113l\u0113ju\u0161ies citu ce\u013cu \u2013 ce\u013cu, kas ved uz liel\u0101ku person\u012bgo br\u012bv\u012bbu un kontroli p\u0101r savu st\u0101stu.<\/p>\n<p>Autentiskums pret izklaidi: Dilemma m\u016bsdienu sabiedr\u012bb\u0101<\/p>\n<p>Gad\u012bjums ar Gluzunovu p\u0101ri atspogu\u013co pla\u0161\u0101ku tendenci un dilemmu m\u016bsdienu sabiedr\u012bb\u0101, kur robe\u017eas starp publisko un priv\u0101to dz\u012bvi k\u013c\u016bst arvien izpl\u016bdu\u0161\u0101kas. Daudzi, kas non\u0101k slavas un publicit\u0101tes priek\u0161pl\u0101n\u0101, saskaras ar jaut\u0101jumu, cik t\u0101lu vi\u0146i ir gatavi iet, lai nodro\u0161in\u0101tu savu vietu mediju telp\u0101. El\u012bna Gluzunova un Artjoms ir demonstr\u0113ju\u0161i drosmi un pa\u0161cie\u0146u, nor\u0101dot, ka patiesa laime un harmonija mekl\u0113jama nevis m\u0101ksl\u012bgi rad\u012btos notikumos, bet gan autentisk\u0101s cilv\u0113cisk\u0101s attiec\u012bb\u0101s un dro\u0161\u012bbas saj\u016bt\u0101, ko sniedz priv\u0101tums. Vi\u0146u izv\u0113le ir aicin\u0101jums apdom\u0101t, ko patie\u0161\u0101m v\u0113lamies redz\u0113t un piedz\u012bvot mediju satur\u0101, un k\u0101das v\u0113rt\u012bbas m\u0113s k\u0101 sabiedr\u012bba nov\u0113rt\u0113jam.<\/p>\n","protected":false},"excerpt":{"rendered":"Gluzunovu p\u0101ris pamet realit\u0101tes \u0161ovu, mekl\u0113jot patiesumu un priv\u0101tumu Dzied\u0101t\u0101ja El\u012bna Gluzunova kop\u0101 ar savu v\u012bru Artjomu ir&hellip;\n","protected":false},"author":2,"featured_media":70696,"comment_status":"","ping_status":"","sticky":false,"template":"","format":"standard","meta":{"footnotes":""},"categories":[19],"tags":[18076,17825,89,90,35,39,38,194,36,37,34,40,5404,18077],"class_list":{"0":"post-70695","1":"post","2":"type-post","3":"status-publish","4":"format-standard","5":"has-post-thumbnail","7":"category-izklaide","8":"tag-artjoms","9":"tag-elina-gluzunova","10":"tag-entertainment","11":"tag-izklaide","12":"tag-latvia","13":"tag-latvian","14":"tag-latviesu","15":"tag-latviesu-muzika","16":"tag-latviesu-valoda","17":"tag-latviesuvaloda","18":"tag-latvija","19":"tag-lv","20":"tag-privatums","21":"tag-realitates-sovs"},"share_on_mastodon":{"url":"https:\/\/pubeurope.com\/@lv\/115694937246681428","error":""},"_links":{"self":[{"href":"https:\/\/www.europesays.com\/lv\/wp-json\/wp\/v2\/posts\/70695","targetHints":{"allow":["GET"]}}],"collection":[{"href":"https:\/\/www.europesays.com\/lv\/wp-json\/wp\/v2\/posts"}],"about":[{"href":"https:\/\/www.europesays.com\/lv\/wp-json\/wp\/v2\/types\/post"}],"author":[{"embeddable":true,"href":"https:\/\/www.europesays.com\/lv\/wp-json\/wp\/v2\/users\/2"}],"replies":[{"embeddable":true,"href":"https:\/\/www.europesays.com\/lv\/wp-json\/wp\/v2\/comments?post=70695"}],"version-history":[{"count":0,"href":"https:\/\/www.europesays.com\/lv\/wp-json\/wp\/v2\/posts\/70695\/revisions"}],"wp:featuredmedia":[{"embeddable":true,"href":"https:\/\/www.europesays.com\/lv\/wp-json\/wp\/v2\/media\/70696"}],"wp:attachment":[{"href":"https:\/\/www.europesays.com\/lv\/wp-json\/wp\/v2\/media?parent=70695"}],"wp:term":[{"taxonomy":"category","embeddable":true,"href":"https:\/\/www.europesays.com\/lv\/wp-json\/wp\/v2\/categories?post=70695"},{"taxonomy":"post_tag","embeddable":true,"href":"https:\/\/www.europesays.com\/lv\/wp-json\/wp\/v2\/tags?post=70695"}],"curies":[{"name":"wp","href":"https:\/\/api.w.org\/{rel}","templated":true}]}}