{"id":70703,"date":"2025-12-10T11:12:08","date_gmt":"2025-12-10T11:12:08","guid":{"rendered":"https:\/\/www.europesays.com\/lv\/70703\/"},"modified":"2025-12-10T11:12:08","modified_gmt":"2025-12-10T11:12:08","slug":"jauni-atvieglojumi-rigas-sabiedriska-transporta-pasazieriem","status":"publish","type":"post","link":"https:\/\/www.europesays.com\/lv\/70703\/","title":{"rendered":"Jauni atvieglojumi R\u012bgas sabiedrisk\u0101 transporta pasa\u017eieriem"},"content":{"rendered":"<p class=\"descr\">R\u012bgas dome pl\u0101no papla\u0161in\u0101t atlaides brauk\u0161anai galvaspils\u0113tas sabiedriskaj\u0101 transport\u0101.<\/p>\n<p>Piektdien, 12. decembr\u012b, sasaukta <a href=\"https:\/\/nra.lv\/latvija\/riga\/500725-rigas-iedzivotajiem-lidz-1-datumam-japiesakas-nin-atlaidem.htm\" data-item-link=\"true\" data-item-id=\"500725\" rel=\"nofollow noopener\" target=\"_blank\">R\u012bgas domes<\/a> Satiksmes un transporta lietu komitejas s\u0113de, kur\u0101 deput\u0101ti skat\u012bs groz\u012bjumus saisto\u0161ajos noteikumos par brauk\u0161anas maksas atvieglojumiem <a href=\"https:\/\/nra.lv\/latvija\/riga\/507066-rigas-sabiedriska-transporta-kustibas-izmainas-no-22-novembra.htm\" data-item-link=\"true\" data-item-id=\"507066\" rel=\"nofollow noopener\" target=\"_blank\">R\u012bgas sabiedrisk\u0101 transporta<\/a> mar\u0161rutu t\u012bkl\u0101.<\/p>\n<p>Groz\u012bjumi paredz noteikt, ka nacion\u0101l\u0101s preto\u0161an\u0101s kust\u012bbas dal\u012bbniekiem brauk\u0161anas maksas atvieglojums ir 100% apm\u0113r\u0101 no bi\u013cetes cenas. L\u012bdz \u0161im saisto\u0161ie noteikumi noteica, ka galvaspils\u0113tas sabiedriskaj\u0101 transport\u0101 bez maksas var braukt tikai tie nacion\u0101l\u0101s preto\u0161an\u0101s kust\u012bbas dal\u012bbnieki, kuri deklar\u0113ti R\u012bg\u0101.<\/p>\n<p>Savuk\u0101rt p\u0113c saisto\u0161o noteikumu groz\u012bjumu pie\u0146em\u0161anas bez maksas galvaspils\u0113t\u0101 var\u0113s braukt ar\u012b cit\u0101s pa\u0161vald\u012bb\u0101s deklar\u0113ti nacion\u0101l\u0101s preto\u0161an\u0101s kust\u012bbas dal\u012bbnieki.<\/p>\n<p>Atlaidi 50% apm\u0113r\u0101 pl\u0101nots noteikt Labkl\u0101j\u012bbas departamenta pak\u013caut\u012bbas iest\u0101\u017eu soci\u0101l\u0101 darba tehniskajiem darbiniekiem, kuru ned\u0113\u013cas darba laiks ir vismaz 20 stundas.<\/p>\n<p>Pa\u0161laik \u0161\u0101da atlaide piem\u0113rota Labkl\u0101j\u012bbas departamenta pak\u013caut\u012bbas iest\u0101\u017eu soci\u0101l\u0101 darba speci\u0101listiem, apr\u016bp\u0113t\u0101jiem, vesel\u012bbas apr\u016bpes person\u0101lam, audzin\u0101t\u0101jiem un aukl\u0113m.<\/p>\n<p>Papildus iepriek\u0161 noteiktaj\u0101m dien\u0101m, kad visi pasa\u017eieri R\u012bgas sabiedriskaj\u0101 transport\u0101 var braukt bez maksas, pl\u0101nots noteikt, ka bez maksas var\u0113s braukt m\u0101c\u012bbu gada pirmaj\u0101 dien\u0101.<\/p>\n<p>T\u0101pat l\u012bdz n\u0101kam\u0101 gada 30. j\u016bnijam pagarin\u0101ta iesp\u0113ja Ukrainas b\u0113g\u013ciem braukt bez maksas sabiedriskaj\u0101 transport\u0101. Pa\u0161laik \u0161ie atvieglojumi ir sp\u0113k\u0101 l\u012bdz 2025. gada beig\u0101m.<\/p>\n<p>K\u0101 nor\u0101d\u012bts saisto\u0161o noteikumu projekta paskaidrojumu rakst\u0101, pie\u0161\u0137irot brauk\u0161anas maksas atvieglojumus R\u012bgas sabiedrisk\u0101 transporta mar\u0161rutu t\u012bkl\u0101 nacion\u0101l\u0101s preto\u0161an\u0101s kust\u012bbas dal\u012bbniekiem, pa\u0161vald\u012bbas dot\u0101cija b\u016btu j\u0101palielina l\u012bdz 43 567 eiro.<\/p>\n<p>Atlaides Labkl\u0101j\u012bbas departamenta pak\u013caut\u012bbas iest\u0101\u017eu soci\u0101l\u0101 darba tehniskajiem darbiniekiem var\u0113tu izmaks\u0101t 136 254 eiro.<\/p>\n<p>Nosakot bezmaksas brauk\u0161anu m\u0101c\u012bbu gada s\u0101kuma dien\u0101, pa\u0161vald\u012bbai b\u016bs j\u0101samaks\u0101 R\u012bgas satiksmei 707 057 eiro.<\/p>\n<p>Savuk\u0101rt bezmaksas brauk\u0161anas pagarin\u0101\u0161ana par pusgadu Ukrainas b\u0113g\u013ciem izmaks\u0101s 3,5 miljonus eiro.<\/p>\n<p>Gala l\u0113mums par groz\u012bjumiem saisto\u0161ajos noteikumos j\u0101pie\u0146em R\u012bgas domei.<\/p>\n","protected":false},"excerpt":{"rendered":"R\u012bgas dome pl\u0101no papla\u0161in\u0101t atlaides brauk\u0161anai galvaspils\u0113tas sabiedriskaj\u0101 transport\u0101. Piektdien, 12. decembr\u012b, sasaukta R\u012bgas domes Satiksmes un transporta&hellip;\n","protected":false},"author":2,"featured_media":70704,"comment_status":"","ping_status":"","sticky":false,"template":"","format":"standard","meta":{"footnotes":""},"categories":[12],"tags":[23,28,29,32,33,22,30,31,35,39,38,36,37,34,40,20,26,27,24,25,21],"class_list":{"0":"post-70703","1":"post","2":"type-post","3":"status-publish","4":"format-standard","5":"has-post-thumbnail","7":"category-latvija","8":"tag-aktualitates","9":"tag-breaking-news","10":"tag-breakingnews","11":"tag-featured-news","12":"tag-featurednews","13":"tag-headlines","14":"tag-latest-news","15":"tag-latestnews","16":"tag-latvia","17":"tag-latvian","18":"tag-latviesu","19":"tag-latviesu-valoda","20":"tag-latviesuvaloda","21":"tag-latvija","22":"tag-lv","23":"tag-news","24":"tag-popularakas-zinas","25":"tag-popularakaszinas","26":"tag-top-stories","27":"tag-topstories","28":"tag-zinas"},"share_on_mastodon":{"url":"https:\/\/pubeurope.com\/@lv\/115694976699086456","error":""},"_links":{"self":[{"href":"https:\/\/www.europesays.com\/lv\/wp-json\/wp\/v2\/posts\/70703","targetHints":{"allow":["GET"]}}],"collection":[{"href":"https:\/\/www.europesays.com\/lv\/wp-json\/wp\/v2\/posts"}],"about":[{"href":"https:\/\/www.europesays.com\/lv\/wp-json\/wp\/v2\/types\/post"}],"author":[{"embeddable":true,"href":"https:\/\/www.europesays.com\/lv\/wp-json\/wp\/v2\/users\/2"}],"replies":[{"embeddable":true,"href":"https:\/\/www.europesays.com\/lv\/wp-json\/wp\/v2\/comments?post=70703"}],"version-history":[{"count":0,"href":"https:\/\/www.europesays.com\/lv\/wp-json\/wp\/v2\/posts\/70703\/revisions"}],"wp:featuredmedia":[{"embeddable":true,"href":"https:\/\/www.europesays.com\/lv\/wp-json\/wp\/v2\/media\/70704"}],"wp:attachment":[{"href":"https:\/\/www.europesays.com\/lv\/wp-json\/wp\/v2\/media?parent=70703"}],"wp:term":[{"taxonomy":"category","embeddable":true,"href":"https:\/\/www.europesays.com\/lv\/wp-json\/wp\/v2\/categories?post=70703"},{"taxonomy":"post_tag","embeddable":true,"href":"https:\/\/www.europesays.com\/lv\/wp-json\/wp\/v2\/tags?post=70703"}],"curies":[{"name":"wp","href":"https:\/\/api.w.org\/{rel}","templated":true}]}}