{"id":70729,"date":"2025-12-10T11:43:11","date_gmt":"2025-12-10T11:43:11","guid":{"rendered":"https:\/\/www.europesays.com\/lv\/70729\/"},"modified":"2025-12-10T11:43:11","modified_gmt":"2025-12-10T11:43:11","slug":"video-neticesiet-kas-ir-ta-aizsargajama-stelle-juras-mesli-atklajas-noklusetais-ka-birokratija-nogalinas-zvejniekus","status":"publish","type":"post","link":"https:\/\/www.europesays.com\/lv\/70729\/","title":{"rendered":"VIDEO. \u201cNetic\u0113siet, kas ir t\u0101 aizsarg\u0101jam\u0101 \u0161telle. J\u016bras m\u0113sli!\u201d Atkl\u0101jas noklus\u0113tais, k\u0101 birokr\u0101tija \u201cnogalin\u0101s\u201d zvejniekus"},"content":{"rendered":"<p>    <img decoding=\"async\" src=\"https:\/\/www.europesays.com\/lv\/wp-content\/uploads\/2025\/12\/Zvejnieki1_TS_6-800x532.jpg\" alt=\"&#10;\"\/><\/p>\n<p>Foto: Timurs Subhankulovs\n<\/p>\n<p>10:33, 10. decembris 2025<\/p>\n<p>K\u0101 lai sabalans\u0113 dabas aizsardz\u012bbas un piekrastes zvejnieku intereses? \u0160is jaut\u0101jums \u0161obr\u012bd aktu\u0101ls daudziem \u0161\u012b v\u0113sturisk\u0101 aroda prat\u0113jiem, jo ir s\u0101kusies sabiedrisk\u0101 apspriede par tikko izstr\u0101d\u0101to Aizsarg\u0101jamo j\u016bras teritoriju dabas aizsardz\u012bbas pl\u0101nu. Tas paredz b\u016btiski ierobe\u017eot jebk\u0101du saimniecisko darb\u012bbu pla\u0161\u0101 piekrastes zon\u0101, tostarp ar\u012b aizliegt zvejniekiem doties j\u016br\u0101. Par \u0161o vair\u0101k zi\u0146o <a href=\"https:\/\/tv3.lv\/zinas\/latvija\/sabiedriba\/tas-bus-loti-liels-posts-zvejniekiem-salacgriva-soks-par-iecereto-juras-aizsardzibas-planu\/?utm_social_handle_id=326333184059682&amp;utm_campaign=owned&amp;utm_social_post_id=615815455&amp;utm_medium=social&amp;utm_source=facebook&amp;utm_content=tv3zinas&amp;fbclid=IwY2xjawOmCiBleHRuA2FlbQIxMQBzcnRjBmFwcF9pZBAyMjIwMzkxNzg4MjAwODkyAAEee4mTyFj4WgpRVTQCBzNngtVPaOORFKuMAb1BQU81rIqCeOiB0kqsikX-aIc_aem_4mRkm8jnbe_hMDipMuKWaw\" rel=\"nofollow noopener\" target=\"_blank\">TV3<\/a>.<\/p>\n<p>        Las\u012bt\u0101kie<br \/>\n        <a data-imagesrc=\"{&quot;300&quot;:&quot;https:\\\/\\\/lastatic.ams3.cdn.digitaloceanspaces.com\\\/2024\\\/06\\\/za7ie3sljqc-300x200.jpg&quot;,&quot;1024&quot;:&quot;https:\\\/\\\/lastatic.ams3.cdn.digitaloceanspaces.com\\\/2024\\\/06\\\/za7ie3sljqc-1024x683.jpg&quot;,&quot;768&quot;:&quot;https:\\\/\\\/lastatic.ams3.cdn.digitaloceanspaces.com\\\/2024\\\/06\\\/za7ie3sljqc-768x512.jpg&quot;,&quot;1536&quot;:&quot;https:\\\/\\\/lastatic.ams3.cdn.digitaloceanspaces.com\\\/2024\\\/06\\\/za7ie3sljqc-1536x1024.jpg&quot;,&quot;2048&quot;:&quot;https:\\\/\\\/lastatic.ams3.cdn.digitaloceanspaces.com\\\/2024\\\/06\\\/za7ie3sljqc-2048x1366.jpg&quot;,&quot;200&quot;:&quot;https:\\\/\\\/lastatic.ams3.cdn.digitaloceanspaces.com\\\/2024\\\/06\\\/za7ie3sljqc-200x133.jpg&quot;,&quot;400&quot;:&quot;https:\\\/\\\/lastatic.ams3.cdn.digitaloceanspaces.com\\\/2024\\\/06\\\/za7ie3sljqc-400x267.jpg&quot;,&quot;500&quot;:&quot;https:\\\/\\\/lastatic.ams3.cdn.digitaloceanspaces.com\\\/2024\\\/06\\\/za7ie3sljqc-500x333.jpg&quot;,&quot;800&quot;:&quot;https:\\\/\\\/lastatic.ams3.cdn.digitaloceanspaces.com\\\/2024\\\/06\\\/za7ie3sljqc-800x534.jpg&quot;,&quot;1000&quot;:&quot;https:\\\/\\\/lastatic.ams3.cdn.digitaloceanspaces.com\\\/2024\\\/06\\\/za7ie3sljqc-1000x667.jpg&quot;,&quot;2560&quot;:&quot;https:\\\/\\\/lastatic.ams3.cdn.digitaloceanspaces.com\\\/2024\\\/06\\\/za7ie3sljqc-scaled.jpg&quot;}\" data-focuspoint=\"&quot;&quot;\" data-p=\"2478548\" href=\"https:\/\/www.la.lv\/maskava-legalize-liela-meroga-marodierismu-paatrinata-gaita-pienemts-jauns-likums-par-sliktu-ukrainiem\" class=\"content-item lazy-load\" wp_automatic_readability=\"26.5\" rel=\"nofollow noopener\" target=\"_blank\"><\/p>\n<p>                                <img decoding=\"async\" src=\"\" alt=\"\" style=\"\" data-imageid=\"\"\/><\/p>\n<p>\n                                                Maskava legaliz\u0113 liela m\u0113roga marodierismu: pa\u0101trin\u0101t\u0101 gait\u0101 pie\u0146emts jauns likums par sliktu ukrai\u0146iem\n                            <\/p>\n<p><\/a><a data-imagesrc=\"{&quot;300&quot;:&quot;https:\\\/\\\/lastatic.ams3.cdn.digitaloceanspaces.com\\\/2025\\\/12\\\/ebec6d04-2bab-4e8f-9a6f-fe6b288a6aa4-300x200.jpg&quot;,&quot;1024&quot;:&quot;https:\\\/\\\/lastatic.ams3.cdn.digitaloceanspaces.com\\\/2025\\\/12\\\/ebec6d04-2bab-4e8f-9a6f-fe6b288a6aa4-1024x683.jpg&quot;,&quot;1536&quot;:&quot;https:\\\/\\\/lastatic.ams3.cdn.digitaloceanspaces.com\\\/2025\\\/12\\\/ebec6d04-2bab-4e8f-9a6f-fe6b288a6aa4-1536x1024.jpg&quot;,&quot;500&quot;:&quot;https:\\\/\\\/lastatic.ams3.cdn.digitaloceanspaces.com\\\/2025\\\/12\\\/ebec6d04-2bab-4e8f-9a6f-fe6b288a6aa4-500x333.jpg&quot;,&quot;800&quot;:&quot;https:\\\/\\\/lastatic.ams3.cdn.digitaloceanspaces.com\\\/2025\\\/12\\\/ebec6d04-2bab-4e8f-9a6f-fe6b288a6aa4-800x533.jpg&quot;,&quot;1800&quot;:&quot;https:\\\/\\\/lastatic.ams3.cdn.digitaloceanspaces.com\\\/2025\\\/12\\\/ebec6d04-2bab-4e8f-9a6f-fe6b288a6aa4.jpg&quot;}\" data-focuspoint=\"&quot;&quot;\" data-p=\"2478450\" href=\"https:\/\/www.la.lv\/sajos-menesos-dzimusie-ir-galigi-nepiemeroti-parastam-darbam-no-pulksten-8-30-17-00\" class=\"content-item lazy-load\" wp_automatic_readability=\"26\" rel=\"nofollow noopener\" target=\"_blank\"><\/p>\n<p>                                <img decoding=\"async\" src=\"\" alt=\"\" style=\"\" data-imageid=\"\"\/><\/p>\n<p>                                Kokteilis<\/p>\n<p>\n                                                \u0160ajos 5 m\u0113ne\u0161os dzimu\u0161ie ir nepiem\u0113roti parastam darbam no pulksten 8.30 \u2013 17.00\n                            <\/p>\n<p><\/a><a data-imagesrc=\"{&quot;300&quot;:&quot;https:\\\/\\\/lastatic.ams3.cdn.digitaloceanspaces.com\\\/2024\\\/12\\\/FotoJet-46-300x200.jpg&quot;,&quot;1024&quot;:&quot;https:\\\/\\\/lastatic.ams3.cdn.digitaloceanspaces.com\\\/2024\\\/12\\\/FotoJet-46-1024x683.jpg&quot;,&quot;768&quot;:&quot;https:\\\/\\\/lastatic.ams3.cdn.digitaloceanspaces.com\\\/2024\\\/12\\\/FotoJet-46-768x512.jpg&quot;,&quot;1536&quot;:&quot;https:\\\/\\\/lastatic.ams3.cdn.digitaloceanspaces.com\\\/2024\\\/12\\\/FotoJet-46-1536x1024.jpg&quot;,&quot;200&quot;:&quot;https:\\\/\\\/lastatic.ams3.cdn.digitaloceanspaces.com\\\/2024\\\/12\\\/FotoJet-46-200x133.jpg&quot;,&quot;400&quot;:&quot;https:\\\/\\\/lastatic.ams3.cdn.digitaloceanspaces.com\\\/2024\\\/12\\\/FotoJet-46-400x267.jpg&quot;,&quot;500&quot;:&quot;https:\\\/\\\/lastatic.ams3.cdn.digitaloceanspaces.com\\\/2024\\\/12\\\/FotoJet-46-500x333.jpg&quot;,&quot;800&quot;:&quot;https:\\\/\\\/lastatic.ams3.cdn.digitaloceanspaces.com\\\/2024\\\/12\\\/FotoJet-46-800x533.jpg&quot;,&quot;1000&quot;:&quot;https:\\\/\\\/lastatic.ams3.cdn.digitaloceanspaces.com\\\/2024\\\/12\\\/FotoJet-46-1000x667.jpg&quot;,&quot;1800&quot;:&quot;https:\\\/\\\/lastatic.ams3.cdn.digitaloceanspaces.com\\\/2024\\\/12\\\/FotoJet-46.jpg&quot;}\" data-focuspoint=\"&quot;&quot;\" data-p=\"2478193\" href=\"https:\/\/www.la.lv\/kuri-konservetie-partikas-produkti-ir-labi-zarnu-veselibai-specialisti-nosauc-6-labakos\" class=\"content-item lazy-load\" wp_automatic_readability=\"26\" rel=\"nofollow noopener\" target=\"_blank\"><\/p>\n<p>                                <img decoding=\"async\" src=\"\" alt=\"\" style=\"\" data-imageid=\"\"\/><\/p>\n<p>                                Veselam<\/p>\n<p>\n                                                Kuri konserv\u0113tie p\u0101rtikas produkti ir labi zarnu vesel\u012bbai:  speci\u0101listi nosauc 6 lab\u0101kos\n                            <\/p>\n<p><\/a><br \/>\n        <a class=\"read-more\" href=\"https:\/\/www.la.lv\/top\" rel=\"nofollow noopener\" target=\"_blank\">Las\u012bt citas zi\u0146as<\/a><\/p>\n<p>Aizvad\u012btaj\u0101 ned\u0113\u013c\u0101 Salacgr\u012bv\u0101 notika pirm\u0101 \u0161\u012b pl\u0101na sabiedrisk\u0101 apspriede, un, k\u0101 jau bija sagaid\u0101ms, diskusijas notika paaugstin\u0101tos to\u0146os, jo sava aroda prat\u0113ji to uzskata par piekrastes zvejniec\u012bbas galu. Pla\u0161\u0101 j\u016bras teritorij\u0101 tiks aizliegta jebk\u0101da saimniecisk\u0101 darb\u012bba \u2013 tas ietver ar\u012b zvejo\u0161anu. \u201cVai ar\u012b b\u016bs j\u0101brauc kaut k\u0101di nenorm\u0101li kilometri t\u0101l\u0101k prom, j\u0101transport\u0113 visas laivas, visi lielie zvejas r\u012bki un visu to apjomu transport\u0113t\u2026 Tas nav re\u0101li,\u201d telev\u012bzijai atkl\u0101j viet\u0113jais zvejnieks.<\/p>\n<p>Nikolajs Kolu\u0161kins, zvejnieks no Salacgr\u012bvas, saka: \u201cTas noz\u012bm\u0113, ka mums, mazajiem piekrastniekiem, viss ir beidzies. Varam sav\u0101kt savas pandalas un no j\u016bras \u0101r\u0101, s\u0113d\u0113t krast\u0101. Vair\u0101k nek\u0101 20 gadus es esmu zvejniec\u012bb\u0101, p\u0113d\u0113jie gadi akt\u012bvi. Pamest \u0161o visu? Kur lai to bag\u0101t\u012bbu lieku? Visi \u0161\u0137\u016b\u0146i ir pilni ar murdiem, t\u012bkliem\u2026 Cilv\u0113ki prasa zivis. Ko tad pirksim \u2013 norv\u0113\u0123u zivis? Nu, n\u0113. Mums ir j\u0101c\u012bn\u0101s pret\u012b \u0161im visam birokr\u0101tiskajam kantorim.\u201d<\/p>\n<p>    CITI \u0160OBR\u012aD LASA<\/p>\n<p>Ja pl\u0101nu pie\u0146ems t\u0101du, k\u0101ds tas ir \u0161obr\u012bd, zvejnieku r\u012bkus un laivas var\u0113s izmantot k\u0101 muzeja ekspon\u0101tus.<\/p>\n<p>Kas ir probl\u0113mas pamat\u0101?<\/p>\n<p>Dabas aizsardz\u012bbas eksperti skaidro, ka jaunas aizsarg\u0101jamas j\u016bras teritorijas nepiecie\u0161amas gan Eiropas regulu d\u0113\u013c, gan t\u0101d\u0113\u013c, ka ir ak\u016bti nepiecie\u0161ams saglab\u0101t un atjaunot Baltijas j\u016bras biolo\u0123isko daudzveid\u012bbu. Piem\u0113ram, svar\u012bgi saglab\u0101t v\u0113rt\u012bg\u0101s p\u016b\u0161\u013ca\u013c\u0123es, kas ir noz\u012bm\u012bgas j\u016bras ekosist\u0113mas sast\u0101vda\u013ca.<\/p>\n<p>T\u0101d\u0113\u013c vides p\u0113tnieki aicina lielu da\u013cu piekrastes noteikt k\u0101 aizsarg\u0101jamu. To atra\u0161an\u0101s vietas \u0161obr\u012bd Vidzemes pus\u0113 iez\u012bm\u0113tas no Salacgr\u012bvas l\u012bdz pat T\u016bjai, un \u0161aj\u0101 teritorij\u0101 saimniecisk\u0101 darb\u012bba b\u016btu aizliegta \u2013 zvejot dr\u012bkst\u0113tu tikai invaz\u012bv\u0101s sugas, piem\u0113ram, apa\u013co j\u016brasgrunduli.<\/p>\n<p>Sabiedrisk\u0101s apspriedes par \u0161o pl\u0101nu turpin\u0101sies ar\u012b san\u0101ksm\u0113s Kolk\u0101, \u0136emeros un Gaviez\u0113, jo l\u012bdz\u012bgi ierobe\u017eojumi \u0161obr\u012bd iecer\u0113ti ne tikai Vidzemes j\u016brmal\u0101, bet ar\u012b vair\u0101kos posmos Kurzem\u0113 \u2013 Lapme\u017eciem\u0101 un Ragaciem\u0101, V\u0113rgales pagast\u0101 un J\u016brmalciem\u0101.<\/p>\n<p>\u0160im aspektam piev\u0113rsies ar\u012b \u0112riks Stendzenieks, atkl\u0101jot, kas tautas valod\u0101 ir \u0161ie aizsarg\u0101jamie br\u012bnumi. Daudziem tas noteikti b\u016bs br\u012bnums. Vi\u0146\u0161 ir nikns par \u0161o birokr\u0101tijas ielau\u0161anos mazo zvejnieku r\u016bpal\u0101, vietn\u0113 \u201cX\u201d nor\u0101dot: \u201cNetic\u0113siet, kas ir t\u0101 aizsarg\u0101jam\u0101 \u0161telle. J\u016bras m\u0113sli, kurus ar traktoriem \u0161\u0137\u016br\u0113 un kas smird. Iet apak\u0161\u0101 zem kora\u013c\u013cu kategorijas Eirop\u0101. Latvijas piekrastes zvejniekiem neb\u016bs zvejot zivis un jums neb\u016bs t\u0101s \u0113st, jo m\u0113sli j\u0101gl\u0101bj. M\u0113sli.\u201d<\/p>\n<blockquote class=\"twitter-tweet\" wp_automatic_readability=\"13.343108504399\">\n<p lang=\"lv\" dir=\"ltr\">Atbilde ir acu priek\u0161\u0101\u261d\ufe0f Lob\u0113sim sve\u0161zemju zivis\u203c\ufe0f\u0112rik, ne\u0137er la\u0161us, ker kopainu\ud83d\udc4dPie dirsas ir t\u0101s a\u013c\u0123es u.t.t.. Atkal k\u0101ds(to vienu idiotu m\u0113s zinam) v\u0113l\u0101s aizliegt \u0137ert Latvie\u0161iem zivis, lai lib\u0113tu citas valsts industri\u0101l\u0101s intreses \u0161aj\u0101 jom\u0101\ud83e\udd37 D\u0100\u0100\u0100,\u0112RIK\ud83d\ude33<\/p>\n<p>\u2014 Richijs (@Richijs13) <a href=\"https:\/\/twitter.com\/Richijs13\/status\/1998484469741740330?ref_src=twsrc%5Etfw\" rel=\"nofollow noopener\" target=\"_blank\">December 9, 2025<\/a><\/p>\n<\/blockquote>\n<blockquote class=\"twitter-tweet\" wp_automatic_readability=\"9.3013100436681\">\n<p lang=\"lv\" dir=\"ltr\">Past\u0101tst\u012bt, ka nez\u0101les ir aizsarg\u0101jamas\u2026nj\u0101.. to vajag m\u0101c\u0113t. T\u0101pat k\u0101 aizliegt Latvju zvejniekiem lasi Latvij\u0101 o\u0101rdot. Cik ku\u0123i tika tolmet\u0101 noditi???!\ud83e\udd2c\ud83e\udd2c\ud83e\udd2c\ud83e\udd2c\ud83e\udd2c<\/p>\n<p>\u2014 Richijs (@Richijs13) <a href=\"https:\/\/twitter.com\/Richijs13\/status\/1998485926704455749?ref_src=twsrc%5Etfw\" rel=\"nofollow noopener\" target=\"_blank\">December 9, 2025<\/a><\/p>\n<\/blockquote>\n<blockquote class=\"twitter-tweet\" wp_automatic_readability=\"8.8111888111888\">\n<p lang=\"lv\" dir=\"ltr\">Otrdien prezent\u0113s Kolk\u0101.<br \/>Ar nazi pa rite\u0146iem, s\u016bdus uz kapota, ar k\u0101ju pa dirsu.<\/p>\n<p>\u2014 Eriks Stendzenieks (@E_Stendzenieks) <a href=\"https:\/\/twitter.com\/E_Stendzenieks\/status\/1998583023688888814?ref_src=twsrc%5Etfw\" rel=\"nofollow noopener\" target=\"_blank\">December 10, 2025<\/a><\/p>\n<\/blockquote>\n<blockquote class=\"twitter-tweet\" wp_automatic_readability=\"4.6923076923077\">\n<p lang=\"lv\" dir=\"ltr\">Ir pat v\u0113l lab\u0101k <a href=\"https:\/\/t.co\/ls6Mr3n5iy\" rel=\"nofollow\">pic.twitter.com\/ls6Mr3n5iy<\/a><\/p>\n<p>\u2014 Eriks Stendzenieks (@E_Stendzenieks) <a href=\"https:\/\/twitter.com\/E_Stendzenieks\/status\/1998663037478187265?ref_src=twsrc%5Etfw\" rel=\"nofollow noopener\" target=\"_blank\">December 10, 2025<\/a><\/p>\n<\/blockquote>\n<p>T\u0113mas<\/p>\n<p>    SAIST\u012aTIE RAKSTI<\/p>\n<p>                            <script async src=\"https:\/\/platform.twitter.com\/widgets.js\" charset=\"utf-8\"><\/script><\/p>\n","protected":false},"excerpt":{"rendered":"Foto: Timurs Subhankulovs 10:33, 10. decembris 2025 K\u0101 lai sabalans\u0113 dabas aizsardz\u012bbas un piekrastes zvejnieku intereses? \u0160is jaut\u0101jums&hellip;\n","protected":false},"author":2,"featured_media":70730,"comment_status":"","ping_status":"","sticky":false,"template":"","format":"standard","meta":{"footnotes":""},"categories":[5],"tags":[23,28,29,32,33,22,30,31,35,39,38,36,37,34,40,20,26,27,24,25,21],"class_list":{"0":"post-70729","1":"post","2":"type-post","3":"status-publish","4":"format-standard","5":"has-post-thumbnail","7":"category-aktualitates","8":"tag-aktualitates","9":"tag-breaking-news","10":"tag-breakingnews","11":"tag-featured-news","12":"tag-featurednews","13":"tag-headlines","14":"tag-latest-news","15":"tag-latestnews","16":"tag-latvia","17":"tag-latvian","18":"tag-latviesu","19":"tag-latviesu-valoda","20":"tag-latviesuvaloda","21":"tag-latvija","22":"tag-lv","23":"tag-news","24":"tag-popularakas-zinas","25":"tag-popularakaszinas","26":"tag-top-stories","27":"tag-topstories","28":"tag-zinas"},"share_on_mastodon":{"url":"https:\/\/pubeurope.com\/@lv\/115695098671226624","error":""},"_links":{"self":[{"href":"https:\/\/www.europesays.com\/lv\/wp-json\/wp\/v2\/posts\/70729","targetHints":{"allow":["GET"]}}],"collection":[{"href":"https:\/\/www.europesays.com\/lv\/wp-json\/wp\/v2\/posts"}],"about":[{"href":"https:\/\/www.europesays.com\/lv\/wp-json\/wp\/v2\/types\/post"}],"author":[{"embeddable":true,"href":"https:\/\/www.europesays.com\/lv\/wp-json\/wp\/v2\/users\/2"}],"replies":[{"embeddable":true,"href":"https:\/\/www.europesays.com\/lv\/wp-json\/wp\/v2\/comments?post=70729"}],"version-history":[{"count":0,"href":"https:\/\/www.europesays.com\/lv\/wp-json\/wp\/v2\/posts\/70729\/revisions"}],"wp:featuredmedia":[{"embeddable":true,"href":"https:\/\/www.europesays.com\/lv\/wp-json\/wp\/v2\/media\/70730"}],"wp:attachment":[{"href":"https:\/\/www.europesays.com\/lv\/wp-json\/wp\/v2\/media?parent=70729"}],"wp:term":[{"taxonomy":"category","embeddable":true,"href":"https:\/\/www.europesays.com\/lv\/wp-json\/wp\/v2\/categories?post=70729"},{"taxonomy":"post_tag","embeddable":true,"href":"https:\/\/www.europesays.com\/lv\/wp-json\/wp\/v2\/tags?post=70729"}],"curies":[{"name":"wp","href":"https:\/\/api.w.org\/{rel}","templated":true}]}}