{"id":70731,"date":"2025-12-10T11:49:08","date_gmt":"2025-12-10T11:49:08","guid":{"rendered":"https:\/\/www.europesays.com\/lv\/70731\/"},"modified":"2025-12-10T11:49:08","modified_gmt":"2025-12-10T11:49:08","slug":"vilcienu-ziemas-kustibas-grafiks-stasies-speka-svetdien","status":"publish","type":"post","link":"https:\/\/www.europesays.com\/lv\/70731\/","title":{"rendered":"Vilcienu ziemas kust\u012bbas grafiks st\u0101sies sp\u0113k\u0101 sv\u0113tdien"},"content":{"rendered":"<p>Savuk\u0101rt ekspresvilciens R\u012bga-R\u0113zekne tiks pagarin\u0101ts l\u012bdz Ludzai, kas b\u016btiski ietekm\u0113s vilciena atie\u0161anas laiku atpaka\u013cce\u013c\u0101 uz R\u012bgu. Savuk\u0101rt mar\u0161rut\u0101 R\u012bga-Zilupe saglab\u0101sies divi vilcieni katr\u0101 virzien\u0101, ta\u010du ir main\u012bti to kurs\u0113\u0161anas laiki. Liep\u0101jas, Kr\u0101slavas, Indras, Madonas un Gulbenes virzien\u0101 saglab\u0101sies l\u012bdz\u0161in\u0113jais vilcienu kust\u012bbas grafiks ar neb\u016btisk\u0101m izmai\u0146\u0101m vilcienu atie\u0161anas un pien\u0101k\u0161anas laikos, min komp\u0101nij\u0101.<\/p>\n","protected":false},"excerpt":{"rendered":"Savuk\u0101rt ekspresvilciens R\u012bga-R\u0113zekne tiks pagarin\u0101ts l\u012bdz Ludzai, kas b\u016btiski ietekm\u0113s vilciena atie\u0161anas laiku atpaka\u013cce\u013c\u0101 uz R\u012bgu. Savuk\u0101rt mar\u0161rut\u0101&hellip;\n","protected":false},"author":2,"featured_media":70732,"comment_status":"","ping_status":"","sticky":false,"template":"","format":"standard","meta":{"footnotes":""},"categories":[5],"tags":[23,28,29,32,33,22,30,31,35,39,38,36,37,34,40,20,26,27,24,25,21],"class_list":{"0":"post-70731","1":"post","2":"type-post","3":"status-publish","4":"format-standard","5":"has-post-thumbnail","7":"category-aktualitates","8":"tag-aktualitates","9":"tag-breaking-news","10":"tag-breakingnews","11":"tag-featured-news","12":"tag-featurednews","13":"tag-headlines","14":"tag-latest-news","15":"tag-latestnews","16":"tag-latvia","17":"tag-latvian","18":"tag-latviesu","19":"tag-latviesu-valoda","20":"tag-latviesuvaloda","21":"tag-latvija","22":"tag-lv","23":"tag-news","24":"tag-popularakas-zinas","25":"tag-popularakaszinas","26":"tag-top-stories","27":"tag-topstories","28":"tag-zinas"},"share_on_mastodon":{"url":"https:\/\/pubeurope.com\/@lv\/115695122041418369","error":""},"_links":{"self":[{"href":"https:\/\/www.europesays.com\/lv\/wp-json\/wp\/v2\/posts\/70731","targetHints":{"allow":["GET"]}}],"collection":[{"href":"https:\/\/www.europesays.com\/lv\/wp-json\/wp\/v2\/posts"}],"about":[{"href":"https:\/\/www.europesays.com\/lv\/wp-json\/wp\/v2\/types\/post"}],"author":[{"embeddable":true,"href":"https:\/\/www.europesays.com\/lv\/wp-json\/wp\/v2\/users\/2"}],"replies":[{"embeddable":true,"href":"https:\/\/www.europesays.com\/lv\/wp-json\/wp\/v2\/comments?post=70731"}],"version-history":[{"count":0,"href":"https:\/\/www.europesays.com\/lv\/wp-json\/wp\/v2\/posts\/70731\/revisions"}],"wp:featuredmedia":[{"embeddable":true,"href":"https:\/\/www.europesays.com\/lv\/wp-json\/wp\/v2\/media\/70732"}],"wp:attachment":[{"href":"https:\/\/www.europesays.com\/lv\/wp-json\/wp\/v2\/media?parent=70731"}],"wp:term":[{"taxonomy":"category","embeddable":true,"href":"https:\/\/www.europesays.com\/lv\/wp-json\/wp\/v2\/categories?post=70731"},{"taxonomy":"post_tag","embeddable":true,"href":"https:\/\/www.europesays.com\/lv\/wp-json\/wp\/v2\/tags?post=70731"}],"curies":[{"name":"wp","href":"https:\/\/api.w.org\/{rel}","templated":true}]}}