{"id":70749,"date":"2025-12-10T12:37:08","date_gmt":"2025-12-10T12:37:08","guid":{"rendered":"https:\/\/www.europesays.com\/lv\/70749\/"},"modified":"2025-12-10T12:37:08","modified_gmt":"2025-12-10T12:37:08","slug":"nem-vera-no-svetdienas-vilcieni-kurses-pec-ziemas-grafika","status":"publish","type":"post","link":"https:\/\/www.europesays.com\/lv\/70749\/","title":{"rendered":"\u0145em v\u0113r\u0101! No sv\u0113tdienas vilcieni kurs\u0113s p\u0113c ziemas grafika"},"content":{"rendered":"<p>Komp\u0101nij\u0101 inform\u0113, ka ziemas sezonas grafik\u0101 nav b\u016btisku izmai\u0146u, tom\u0113r vair\u0101kiem reisiem par da\u017e\u0101m min\u016bt\u0113m ir main\u012bju\u0161ies pien\u0101k\u0161anas un atie\u0161anas laiki, atsevi\u0161\u0137i reisi ir pagarin\u0101ti, k\u0101 ar\u012b ieviestas citas izmai\u0146as.<\/p>\n<p>Tostarp Aizkraukles dzelzce\u013ca l\u012bnij\u0101 tiek atjaunots interv\u0101la grafiks, kas noz\u012bm\u0113, ka vilcieni kurs\u0113s vienm\u0113r\u012bgos interv\u0101los. Vienlaikus Aizkraukles l\u012bnij\u0101 ar\u012b turpm\u0101k vilcieni maksimumstund\u0101s kurs\u0113s divas reizes stund\u0101, bet dienas vid\u016b un p\u0113c devi\u0146iem vakar\u0101 vilcieni kurs\u0113s vienu reizi stund\u0101. Papildu tam darba dien\u0101s \u0161aj\u0101 l\u012bnij\u0101 kurs\u0113s v\u0113l tr\u012bs vilcieni l\u012bdz Ogrei ar atie\u0161anu no R\u012bgas Centr\u0101l\u0101s stacijas plkst. 5.39, 6.24 un 17.24.<\/p>\n<p>Savuk\u0101rt ekspresvilciens R\u012bga-R\u0113zekne tiks pagarin\u0101ts l\u012bdz Ludzai, kas b\u016btiski ietekm\u0113s vilciena atie\u0161anas laiku atpaka\u013cce\u013c\u0101 uz R\u012bgu. Savuk\u0101rt mar\u0161rut\u0101 R\u012bga-Zilupe saglab\u0101sies divi vilcieni katr\u0101 virzien\u0101, ta\u010du ir main\u012bti to kurs\u0113\u0161anas laiki. Liep\u0101jas, Kr\u0101slavas, Indras, Madonas un Gulbenes virzien\u0101 saglab\u0101sies l\u012bdz\u0161in\u0113jais vilcienu kust\u012bbas grafiks ar neb\u016btisk\u0101m izmai\u0146\u0101m vilcienu atie\u0161anas un pien\u0101k\u0161anas laikos, min komp\u0101nij\u0101.<\/p>\n","protected":false},"excerpt":{"rendered":"Komp\u0101nij\u0101 inform\u0113, ka ziemas sezonas grafik\u0101 nav b\u016btisku izmai\u0146u, tom\u0113r vair\u0101kiem reisiem par da\u017e\u0101m min\u016bt\u0113m ir main\u012bju\u0161ies pien\u0101k\u0161anas&hellip;\n","protected":false},"author":2,"featured_media":39424,"comment_status":"","ping_status":"","sticky":false,"template":"","format":"standard","meta":{"footnotes":""},"categories":[5],"tags":[5869,23,28,29,32,33,22,30,31,35,39,38,36,37,34,40,20,1359,26,27,24,25,6156,21],"class_list":{"0":"post-70749","1":"post","2":"type-post","3":"status-publish","4":"format-standard","5":"has-post-thumbnail","7":"category-aktualitates","8":"tag-ziema","9":"tag-aktualitates","10":"tag-breaking-news","11":"tag-breakingnews","12":"tag-featured-news","13":"tag-featurednews","14":"tag-headlines","15":"tag-latest-news","16":"tag-latestnews","17":"tag-latvia","18":"tag-latvian","19":"tag-latviesu","20":"tag-latviesu-valoda","21":"tag-latviesuvaloda","22":"tag-latvija","23":"tag-lv","24":"tag-news","25":"tag-pasazieru-vilciens","26":"tag-popularakas-zinas","27":"tag-popularakaszinas","28":"tag-top-stories","29":"tag-topstories","30":"tag-vivi","31":"tag-zinas"},"share_on_mastodon":{"url":"https:\/\/pubeurope.com\/@lv\/115695310887704174","error":""},"_links":{"self":[{"href":"https:\/\/www.europesays.com\/lv\/wp-json\/wp\/v2\/posts\/70749","targetHints":{"allow":["GET"]}}],"collection":[{"href":"https:\/\/www.europesays.com\/lv\/wp-json\/wp\/v2\/posts"}],"about":[{"href":"https:\/\/www.europesays.com\/lv\/wp-json\/wp\/v2\/types\/post"}],"author":[{"embeddable":true,"href":"https:\/\/www.europesays.com\/lv\/wp-json\/wp\/v2\/users\/2"}],"replies":[{"embeddable":true,"href":"https:\/\/www.europesays.com\/lv\/wp-json\/wp\/v2\/comments?post=70749"}],"version-history":[{"count":0,"href":"https:\/\/www.europesays.com\/lv\/wp-json\/wp\/v2\/posts\/70749\/revisions"}],"wp:featuredmedia":[{"embeddable":true,"href":"https:\/\/www.europesays.com\/lv\/wp-json\/wp\/v2\/media\/39424"}],"wp:attachment":[{"href":"https:\/\/www.europesays.com\/lv\/wp-json\/wp\/v2\/media?parent=70749"}],"wp:term":[{"taxonomy":"category","embeddable":true,"href":"https:\/\/www.europesays.com\/lv\/wp-json\/wp\/v2\/categories?post=70749"},{"taxonomy":"post_tag","embeddable":true,"href":"https:\/\/www.europesays.com\/lv\/wp-json\/wp\/v2\/tags?post=70749"}],"curies":[{"name":"wp","href":"https:\/\/api.w.org\/{rel}","templated":true}]}}