{"id":70755,"date":"2025-12-10T12:45:13","date_gmt":"2025-12-10T12:45:13","guid":{"rendered":"https:\/\/www.europesays.com\/lv\/70755\/"},"modified":"2025-12-10T12:45:13","modified_gmt":"2025-12-10T12:45:13","slug":"siguldas-posma-latviju-parstaves-cetri-skeletonisti-un-tris-bobsleja-ekipazas","status":"publish","type":"post","link":"https:\/\/www.europesays.com\/lv\/70755\/","title":{"rendered":"Siguldas posm\u0101 Latviju p\u0101rst\u0101v\u0113s \u010detri skeletonisti un tr\u012bs bobsleja ekip\u0101\u017eas"},"content":{"rendered":"<p>Pasaules kausa posms Siguld\u0101 notiks \u010detras dienas no 18. l\u012bdz 21. decembrim.<\/p>\n<p>Sacens\u012bbu pirmaj\u0101 dien\u0101, 18. decembr\u012b, tras\u0113 dosies skeletonistes, starp kur\u0101m b\u016bs ar\u012b <a href=\"https:\/\/sports.tvnet.lv\/term\/777427\/darta-neimane\" class=\"topicLink\" target=\"_blank\" rel=\"nofollow noopener\">D\u0101rta Neimane<\/a> un <a href=\"https:\/\/sports.tvnet.lv\/term\/828341\/marta-andzane\" class=\"topicLink\" target=\"_blank\" rel=\"nofollow noopener\">Marta And\u017e\u0101ne<\/a>. Dienu v\u0113l\u0101k pirm\u0101s sacens\u012bbas aizvad\u012bs ar\u012b skeletonisti, no latvie\u0161iem start\u0113jot D\u0101vim Valdovskim un Em\u012blam Indriksonam, bet dienas otraj\u0101 pus\u0113 v\u0113lreiz sacent\u012bsies skeletonistes.<\/p>\n<p>Sestdien sacens\u012bbas s\u0101ks monobobslejistes, un Pasaules kaus\u0101 debit\u0113s <a href=\"https:\/\/sports.tvnet.lv\/term\/810190\/amelija-kotane\" class=\"topicLink\" target=\"_blank\" rel=\"nofollow noopener\">Am\u0113lija Kot\u0101ne<\/a>, kura \u0161osezon l\u012bdz \u0161im start\u0113ja Zieme\u013camerikas kaus\u0101, bet p\u0113c tam paredz\u0113tas bobsleja divnieku sacens\u012bbas v\u012brie\u0161iem, kur\u0101s Latviju p\u0101rst\u0101v\u0113s J\u0113kaba Kalendas un Ren\u0101ra Granti\u0146a ekip\u0101\u017eas. Dienas nosl\u0113gum\u0101 otr\u0101s sacens\u012bbas aizvad\u012bs skeletonisti.<\/p>\n<p>Sv\u0113tdien v\u0113lreiz tras\u0113 dosies v\u012brie\u0161u divnieku ekip\u0101\u017eas, un Pasaules kausa posms Siguld\u0101 tiks nosl\u0113gts ar sievie\u0161u sacens\u012bb\u0101m bobslej\u0101 divniekiem, kur\u0101s piedal\u012bsies ar\u012b Kot\u0101nes ekip\u0101\u017ea.<\/p>\n<p>\u0160aj\u0101 ned\u0113\u013cas nogal\u0113 bobsleja ekip\u0101\u017eas un skeletonisti v\u0113l sacent\u012bsies Pasaules kausa posm\u0101 Lillehammeres tras\u0113 Norv\u0113\u0123ij\u0101.<\/p>\n","protected":false},"excerpt":{"rendered":"Pasaules kausa posms Siguld\u0101 notiks \u010detras dienas no 18. l\u012bdz 21. decembrim. Sacens\u012bbu pirmaj\u0101 dien\u0101, 18. decembr\u012b, tras\u0113&hellip;\n","protected":false},"author":2,"featured_media":61604,"comment_status":"","ping_status":"","sticky":false,"template":"","format":"standard","meta":{"footnotes":""},"categories":[17],"tags":[11557,2158,18087,18089,18090,11555,35,39,38,36,37,34,40,18088,11556,11526,67],"class_list":{"0":"post-70755","1":"post","2":"type-post","3":"status-publish","4":"format-standard","5":"has-post-thumbnail","7":"category-sports","8":"tag-amelija-kotane","9":"tag-bobslejs","10":"tag-darta-neimane","11":"tag-davis-valdovskis","12":"tag-emils-indriksons","13":"tag-jekabs-kalenda","14":"tag-latvia","15":"tag-latvian","16":"tag-latviesu","17":"tag-latviesu-valoda","18":"tag-latviesuvaloda","19":"tag-latvija","20":"tag-lv","21":"tag-marta-andzane","22":"tag-renars-grantins","23":"tag-skeletons","24":"tag-sports"},"share_on_mastodon":{"url":"https:\/\/pubeurope.com\/@lv\/115695342270007334","error":""},"_links":{"self":[{"href":"https:\/\/www.europesays.com\/lv\/wp-json\/wp\/v2\/posts\/70755","targetHints":{"allow":["GET"]}}],"collection":[{"href":"https:\/\/www.europesays.com\/lv\/wp-json\/wp\/v2\/posts"}],"about":[{"href":"https:\/\/www.europesays.com\/lv\/wp-json\/wp\/v2\/types\/post"}],"author":[{"embeddable":true,"href":"https:\/\/www.europesays.com\/lv\/wp-json\/wp\/v2\/users\/2"}],"replies":[{"embeddable":true,"href":"https:\/\/www.europesays.com\/lv\/wp-json\/wp\/v2\/comments?post=70755"}],"version-history":[{"count":0,"href":"https:\/\/www.europesays.com\/lv\/wp-json\/wp\/v2\/posts\/70755\/revisions"}],"wp:featuredmedia":[{"embeddable":true,"href":"https:\/\/www.europesays.com\/lv\/wp-json\/wp\/v2\/media\/61604"}],"wp:attachment":[{"href":"https:\/\/www.europesays.com\/lv\/wp-json\/wp\/v2\/media?parent=70755"}],"wp:term":[{"taxonomy":"category","embeddable":true,"href":"https:\/\/www.europesays.com\/lv\/wp-json\/wp\/v2\/categories?post=70755"},{"taxonomy":"post_tag","embeddable":true,"href":"https:\/\/www.europesays.com\/lv\/wp-json\/wp\/v2\/tags?post=70755"}],"curies":[{"name":"wp","href":"https:\/\/api.w.org\/{rel}","templated":true}]}}