{"id":70756,"date":"2025-12-10T12:49:07","date_gmt":"2025-12-10T12:49:07","guid":{"rendered":"https:\/\/www.europesays.com\/lv\/70756\/"},"modified":"2025-12-10T12:49:07","modified_gmt":"2025-12-10T12:49:07","slug":"australija-aizliedz-socialo-tiklu-lietosanu-lidz-16-gadu-vecumam-pusaudziem-izdodas-to-apiet-raksts","status":"publish","type":"post","link":"https:\/\/www.europesays.com\/lv\/70756\/","title":{"rendered":"Austr\u0101lij\u0101 aizliedz soci\u0101lo t\u012bklu lieto\u0161anu l\u012bdz 16 gadu vecumam; pusaud\u017eiem izdodas to apiet \/ Raksts"},"content":{"rendered":"<p>\n                        \u0160odien, 7:33                    <\/p>\n<p>\n                            Papildin\u0101ts \u0161odien, 14:32                        <\/p>\n<p>            10. decembr\u012b Austr\u0101lij\u0101 st\u0101jas sp\u0113k\u0101 <a href=\"https:\/\/www.lsm.lv\/raksts\/zinas\/arzemes\/04.12.2025-lielas-parmainas-jauniesiem-australija-lidz-16-gadu-vecumam-ierobezo-piekluvi-socialajiem-tikliem.a624996\/?utm_source=lsm&amp;utm_medium=theme&amp;utm_campaign=theme\" rel=\"nofollow noopener\" target=\"_blank\">soci\u0101lo mediju aizliegums<\/a>\u00a0b\u0113rniem, kuri jaun\u0101ki par 16\u00a0gadiem. Ierobe\u017eojumus atbalsta liel\u0101k\u0101 sabiedr\u012bbas da\u013ca, bet ir ba\u017eas par \u0161\u012b l\u0113muma izpildes kontroli.\u00a0<br \/>\n                Austr\u0101lija &#8211;\u00a0pirm\u0101 valsts, kura\u00a0ieviesusi \u0161\u0101du aizliegumu<\/p>\n<p>Probl\u0113ma ir aktu\u0101la vis\u0101 pasaul\u0113, un par minim\u0101l\u0101 vecuma noteik\u0161anu diskut\u0113 ar\u012b <a href=\"https:\/\/www.lsm.lv\/raksts\/zinas\/arzemes\/10.12.2025-danija-apsver-ierobezot-piekluvi-socialajiem-tikliem-pusaudziem-lidz-15-gadu-vecumam.a625780\/?utm_source=lsm&amp;utm_medium=theme&amp;utm_campaign=theme\" target=\"_blank\" class=\"lsm-link\" data-type=\"article\" data-id=\"625780\" rel=\"nofollow noopener\">D\u0101nij\u0101<\/a>, Francij\u0101, Grie\u0137ij\u0101, Rum\u0101nij\u0101 un cit\u0101s valst\u012bs. Ta\u010du Austr\u0101lija ir pirm\u0101 valsts, kas tiesiski nostiprin\u0101jusi aizliegumu, un no tre\u0161dienas par 16\u00a0gadiem jaun\u0101ki b\u0113rni vairs nevar\u0113s uztur\u0113t kontus soci\u0101lo mediju platform\u0101s &#8220;Snapchat&#8221;, &#8220;Facebook&#8221;, &#8220;Instagram&#8221;, &#8220;Reddit&#8221;, &#8220;Threads&#8221;, &#8220;TikTok&#8221;, &#8220;X&#8221;, &#8220;YouTube&#8221;, k\u0101 ar\u012b straum\u0113\u0161anas vietn\u0113s &#8220;Kick&#8221; un &#8220;Twitch&#8221;.<\/p>\n<p>Zi\u0146apmai\u0146as platform\u0101m, piem\u0113ram, &#8220;WhatsApp&#8221;, elektroniskajam pastam, tie\u0161saistes sp\u0113l\u0113m un da\u017e\u0101diem izgl\u012btojo\u0161iem r\u012bkiem ir pie\u0161\u0137irtas atlaides, jo b\u0113rniem un pusaud\u017eiem tie var b\u016bt nepiecie\u0161ami m\u0101c\u012bb\u0101m skol\u0101, atp\u016btai vai citu iemeslu d\u0113\u013c.<\/p>\n<p>Platform\u0101m dots viens gads, lai izstr\u0101d\u0101tu risin\u0101jumus vecuma ierobe\u017eojuma ievie\u0161anai. Medijiem draud\u0113s l\u012bdz 50\u00a0miljoniem Austr\u0101lijas dol\u0101ru\u00a0jeb\u00a0l\u012bdz 28,5\u00a0miljoniem eiro liels naudas sods, ja tie neveiks pas\u0101kumus, lai dz\u0113stu \u0161o personu kontus.<\/p>\n<p>Austr\u0101lijas premjerministrs Entonijs Alban\u012bzs pazi\u0146oja, ka lepojas ar \u0161o aizliegumu. Vi\u0146apr\u0101t, t\u0101s ir vienas no liel\u0101kaj\u0101m soci\u0101laj\u0101m un kultur\u0101laj\u0101m p\u0101rmai\u0146\u0101m, k\u0101das notiku\u0161as Austr\u0101lij\u0101. Vi\u0146\u0161 intervij\u0101s medijiem nor\u0101d\u012bja, ka l\u0113mumu inici\u0113ju\u0161i vec\u0101ki, kas nev\u0113las piedz\u012bvot person\u012bgas tra\u0123\u0113dijas.\u00a0<\/p>\n<blockquote>\n<p>Valst\u012b pieaugot jaunie\u0161u gar\u012bg\u0101s vesel\u012bbas probl\u0113mas un soci\u0101lo mediju nodar\u012btais kait\u0113jums, t\u0101p\u0113c\u00a0vald\u012bba v\u0113las, lai b\u0113rniem b\u016btu iesp\u0113ja baud\u012bt b\u0113rn\u012bbu.\u00a0<\/p>\n<\/blockquote>\n<p>Ties\u012bbas piedal\u012bties \u0161aj\u0101 diskusij\u0101 esot ar\u012b vec\u0101kiem.\u00a0<\/p>\n<p>Jaunie\u0161i zi\u0146o, ka aizliegumu izdodas apiet<\/p>\n<p>Ta\u010du daudzi jaunie\u0161i soci\u0101lajos t\u012bklos jau pav\u0113st\u012bju\u0161i, ka vi\u0146iem izdevies apiet aizliegumu.<\/p>\n<p>&#8220;D\u0101rgais Entonij Alban\u012bz, man izdev\u0101s apiet j\u016bsu aizliegumu,&#8221; video &#8220;TikTok&#8221; pav\u0113st\u012bja k\u0101ds jaunietis. Ar\u012b daudzi citi pusaud\u017ei zi\u0146o, ka vi\u0146u konti soci\u0101lajos t\u012bklos joproj\u0101m ir akt\u012bvi.<\/p>\n<blockquote>\n<p>Vald\u012bba jau iepriek\u0161 pazi\u0146oja, ka, visticam\u0101k, visi b\u0113rnu un pusaud\u017eu konti uzreiz netiks sl\u0113gti.<\/p>\n<\/blockquote>\n<p>Kriti\u0137i apgalvo, ka aizliegums ir nesam\u0113r\u012bgs, un tas jau ir apstr\u012bd\u0113ts Augst\u0101kaj\u0101 ties\u0101. Daudzi ir p\u0101rliecin\u0101ti, ka pusaud\u017ei vienk\u0101r\u0161i p\u0101ries uz citiem pakalpojumiem, kur riskus ir v\u0113l gr\u016bt\u0101k kontrol\u0113t.<\/p>\n<p>&#8220;Tas neb\u016bs ide\u0101ls. T\u0101s ir lielas p\u0101rmai\u0146as,&#8221; atzina Alban\u012bzs. &#8220;Pan\u0101kums ir tas, ka tas notiek. Pan\u0101kums ir fakts, ka mums ir \u0161\u012b diskusija.&#8221;<\/p>\n<p>                    Valodas k\u013c\u016bda rakst\u0101?<\/p>\n<p class=\"d-none d-md-block\">Iez\u012bm\u0113jiet tekstu un spiediet Ctrl+Enter, lai nos\u016bt\u012btu labojamo teksta fragmentu redaktoram! Par faktu k\u013c\u016bd\u0101m l\u016bdzam zi\u0146ot e-past\u0101 <a href=\"https:\/\/www.lsm.lv\/cdn-cgi\/l\/email-protection\" class=\"__cf_email__\" data-cfemail=\"f6849392979d959f9c97b69a859bd89a80\" rel=\"nofollow noopener\" target=\"_blank\">[email\u00a0protected]<\/a>.<\/p>\n<p class=\"d-md-none\">Iez\u012bm\u0113jiet tekstu un spiediet uz Zi\u0146ot par k\u013c\u016bdu pogas, lai nos\u016bt\u012btu labojamo teksta fragmentu redaktoram!<\/p>\n<p>\n                    Zi\u0146ot par k\u013c\u016bdu\n                <\/p>\n","protected":false},"excerpt":{"rendered":"\u0160odien, 7:33 Papildin\u0101ts \u0161odien, 14:32 10. decembr\u012b Austr\u0101lij\u0101 st\u0101jas sp\u0113k\u0101 soci\u0101lo mediju aizliegums\u00a0b\u0113rniem, kuri jaun\u0101ki par 16\u00a0gadiem. Ierobe\u017eojumus&hellip;\n","protected":false},"author":2,"featured_media":70449,"comment_status":"","ping_status":"","sticky":false,"template":"","format":"standard","meta":{"footnotes":""},"categories":[5],"tags":[23,28,29,32,33,22,30,31,35,39,38,36,37,34,40,20,26,27,24,25,21],"class_list":{"0":"post-70756","1":"post","2":"type-post","3":"status-publish","4":"format-standard","5":"has-post-thumbnail","7":"category-aktualitates","8":"tag-aktualitates","9":"tag-breaking-news","10":"tag-breakingnews","11":"tag-featured-news","12":"tag-featurednews","13":"tag-headlines","14":"tag-latest-news","15":"tag-latestnews","16":"tag-latvia","17":"tag-latvian","18":"tag-latviesu","19":"tag-latviesu-valoda","20":"tag-latviesuvaloda","21":"tag-latvija","22":"tag-lv","23":"tag-news","24":"tag-popularakas-zinas","25":"tag-popularakaszinas","26":"tag-top-stories","27":"tag-topstories","28":"tag-zinas"},"share_on_mastodon":{"url":"https:\/\/pubeurope.com\/@lv\/115695358089279380","error":""},"_links":{"self":[{"href":"https:\/\/www.europesays.com\/lv\/wp-json\/wp\/v2\/posts\/70756","targetHints":{"allow":["GET"]}}],"collection":[{"href":"https:\/\/www.europesays.com\/lv\/wp-json\/wp\/v2\/posts"}],"about":[{"href":"https:\/\/www.europesays.com\/lv\/wp-json\/wp\/v2\/types\/post"}],"author":[{"embeddable":true,"href":"https:\/\/www.europesays.com\/lv\/wp-json\/wp\/v2\/users\/2"}],"replies":[{"embeddable":true,"href":"https:\/\/www.europesays.com\/lv\/wp-json\/wp\/v2\/comments?post=70756"}],"version-history":[{"count":0,"href":"https:\/\/www.europesays.com\/lv\/wp-json\/wp\/v2\/posts\/70756\/revisions"}],"wp:featuredmedia":[{"embeddable":true,"href":"https:\/\/www.europesays.com\/lv\/wp-json\/wp\/v2\/media\/70449"}],"wp:attachment":[{"href":"https:\/\/www.europesays.com\/lv\/wp-json\/wp\/v2\/media?parent=70756"}],"wp:term":[{"taxonomy":"category","embeddable":true,"href":"https:\/\/www.europesays.com\/lv\/wp-json\/wp\/v2\/categories?post=70756"},{"taxonomy":"post_tag","embeddable":true,"href":"https:\/\/www.europesays.com\/lv\/wp-json\/wp\/v2\/tags?post=70756"}],"curies":[{"name":"wp","href":"https:\/\/api.w.org\/{rel}","templated":true}]}}