{"id":70759,"date":"2025-12-10T12:55:08","date_gmt":"2025-12-10T12:55:08","guid":{"rendered":"https:\/\/www.europesays.com\/lv\/70759\/"},"modified":"2025-12-10T12:55:08","modified_gmt":"2025-12-10T12:55:08","slug":"kremlis-pavesta-ka-trampa-izteikumi-par-ukrainu-ir-atbilstosi-krievijas-nostajai","status":"publish","type":"post","link":"https:\/\/www.europesays.com\/lv\/70759\/","title":{"rendered":"Kremlis pav\u0113sta, ka Trampa izteikumi par Ukrainu ir atbilsto\u0161i Krievijas nost\u0101jai"},"content":{"rendered":"<p>Tramps intervij\u0101 izdevumam &#8220;Politico&#8221; ar\u012b izteic\u0101s, ka uzskata Eiropas l\u012bderus par v\u0101jiem, un aicin\u0101ja Ukrainas prezidentu Volodimiru Zelenski sar\u012bkot v\u0113l\u0113\u0161anas.<\/p>\n<p>ASV prezidenta izteikumi satrauku\u0161i gan Kijivu, gan Eiropu.<\/p>\n<p>&#8220;Daudz\u0113j\u0101d\u0101 zi\u0146\u0101 &#8211; par dal\u012bbu NATO, par teritorij\u0101m, par to, k\u0101 Ukraina zaud\u0113 zemi, &#8211; tas saskan ar m\u016bsu izpratni,&#8221; tre\u0161dien \u017eurn\u0101listiem pazi\u0146oja diktatora Vladimira Putina preses sekret\u0101rs Dmitrijs Peskovs, kas Trampa koment\u0101rus nov\u0113rt\u0113ja k\u0101 \u013coti svar\u012bgus.<\/p>\n<p>Tramps pauda uzskatu, ka Krievijai ir sp\u0113c\u012bg\u0101ka poz\u012bcija sarun\u0101s par kara izbeig\u0161anu, jo t\u0101 ir liela valsts, un nor\u0101d\u012bja, ka Ukraina nekad nepievienosies NATO.<\/p>\n<p>Zelenskis p\u0113c Trampa intervijas pazi\u0146oja, ka ir gatavs sar\u012bkot jaunas v\u0113l\u0113\u0161anas, ja tiktu garant\u0113ta to dro\u0161\u012bba.<\/p>\n<p>Ukrain\u0101 v\u0113l\u0113\u0161anu r\u012bko\u0161ana atbilsto\u0161i konstit\u016bcijai ir atlikta karadarb\u012bbas un karast\u0101vok\u013ca d\u0113\u013c. Ta\u010du Krievija apgalvo, ka prezidents Zelenskis nav le\u0123it\u012bms l\u012bderis un aicina r\u012bkot v\u0113l\u0113\u0161anas.<\/p>\n<p>&#8220;M\u0113s redz\u0113sim, k\u0101 att\u012bst\u012bsies notikumi,&#8221; pazi\u0146oja Peskovs.<\/p>\n","protected":false},"excerpt":{"rendered":"Tramps intervij\u0101 izdevumam &#8220;Politico&#8221; ar\u012b izteic\u0101s, ka uzskata Eiropas l\u012bderus par v\u0101jiem, un aicin\u0101ja Ukrainas prezidentu Volodimiru Zelenski&hellip;\n","protected":false},"author":2,"featured_media":70760,"comment_status":"","ping_status":"","sticky":false,"template":"","format":"standard","meta":{"footnotes":""},"categories":[5],"tags":[23,28,29,542,32,33,22,11056,74,30,31,35,39,38,36,37,34,40,20,26,27,24,25,21],"class_list":{"0":"post-70759","1":"post","2":"type-post","3":"status-publish","4":"format-standard","5":"has-post-thumbnail","7":"category-aktualitates","8":"tag-aktualitates","9":"tag-breaking-news","10":"tag-breakingnews","11":"tag-donalds-tramps","12":"tag-featured-news","13":"tag-featurednews","14":"tag-headlines","15":"tag-kremlis","16":"tag-krievijas-iebrukums-ukraina","17":"tag-latest-news","18":"tag-latestnews","19":"tag-latvia","20":"tag-latvian","21":"tag-latviesu","22":"tag-latviesu-valoda","23":"tag-latviesuvaloda","24":"tag-latvija","25":"tag-lv","26":"tag-news","27":"tag-popularakas-zinas","28":"tag-popularakaszinas","29":"tag-top-stories","30":"tag-topstories","31":"tag-zinas"},"share_on_mastodon":{"url":"https:\/\/pubeurope.com\/@lv\/115695381701940560","error":""},"_links":{"self":[{"href":"https:\/\/www.europesays.com\/lv\/wp-json\/wp\/v2\/posts\/70759","targetHints":{"allow":["GET"]}}],"collection":[{"href":"https:\/\/www.europesays.com\/lv\/wp-json\/wp\/v2\/posts"}],"about":[{"href":"https:\/\/www.europesays.com\/lv\/wp-json\/wp\/v2\/types\/post"}],"author":[{"embeddable":true,"href":"https:\/\/www.europesays.com\/lv\/wp-json\/wp\/v2\/users\/2"}],"replies":[{"embeddable":true,"href":"https:\/\/www.europesays.com\/lv\/wp-json\/wp\/v2\/comments?post=70759"}],"version-history":[{"count":0,"href":"https:\/\/www.europesays.com\/lv\/wp-json\/wp\/v2\/posts\/70759\/revisions"}],"wp:featuredmedia":[{"embeddable":true,"href":"https:\/\/www.europesays.com\/lv\/wp-json\/wp\/v2\/media\/70760"}],"wp:attachment":[{"href":"https:\/\/www.europesays.com\/lv\/wp-json\/wp\/v2\/media?parent=70759"}],"wp:term":[{"taxonomy":"category","embeddable":true,"href":"https:\/\/www.europesays.com\/lv\/wp-json\/wp\/v2\/categories?post=70759"},{"taxonomy":"post_tag","embeddable":true,"href":"https:\/\/www.europesays.com\/lv\/wp-json\/wp\/v2\/tags?post=70759"}],"curies":[{"name":"wp","href":"https:\/\/api.w.org\/{rel}","templated":true}]}}