{"id":70771,"date":"2025-12-10T13:08:28","date_gmt":"2025-12-10T13:08:28","guid":{"rendered":"https:\/\/www.europesays.com\/lv\/70771\/"},"modified":"2025-12-10T13:08:28","modified_gmt":"2025-12-10T13:08:28","slug":"sudraba-ires-dzivoklis-daugavas-krasta-ar-skatu-uz-vecrigu-tas-pat-mazliet-vizulo-santa","status":"publish","type":"post","link":"https:\/\/www.europesays.com\/lv\/70771\/","title":{"rendered":"Sudraba \u012bres dz\u012bvoklis Daugavas krast\u0101 ar skatu uz Vecr\u012bgu. Tas pat mazliet vizu\u013co! \u2014 Santa"},"content":{"rendered":"<p>\u0160is nelielais dz\u012bvoklis jau s\u0101kotn\u0113ji veidots, lai to iz\u012br\u0113tu. Nodoms par Airbnb gan transform\u0113jies ilgtermi\u0146a iznom\u0101\u0161anas pl\u0101n\u0101, tom\u0113r tas nemaina faktu, ka, projekt\u0113jot m\u0101jokli un veidojot t\u0101 dizainu, visiem iesaist\u012btajiem bijis j\u0101apkalpo nevis konkr\u0113tu, bet izt\u0113lotu potenci\u0101lo dz\u012bvok\u013ca iem\u012btnieku vajadz\u012bbas un \u0113rt\u012bbas.<\/p>\n<p>\u00a0<\/p>\n<p>        <a href=\"https:\/\/www.europesays.com\/lv\/wp-content\/uploads\/2025\/12\/331ff984a703.jpg\"><img decoding=\"async\" alt=\"\" class=\"no-convert\" src=\"https:\/\/www.europesays.com\/lv\/wp-content\/uploads\/2025\/12\/331ff984a703.jpg\"\/><\/a><\/p>\n<p> Foto: Alvis Rozenbergs<\/p>\n<p>W\u00e4stberg sienas un griestu gaismek\u013ca Alma vi\u013c\u0146ot\u0101, mat\u0113t\u0101 alum\u012bnija virsma perfekti ieaicina dz\u012bvok\u013ca interjer\u0101. Ne velti \u0161is gaismeklis ir pirmais akcents, kas redzams, ien\u0101kot pa durv\u012bm. T\u0101 sp\u0113c\u012bgais raksturs sp\u0113l\u0113 noz\u012bm\u012bgu lomu kop\u0113j\u0101 telpas dinamik\u0101.<\/p>\n<p>\u00a0<\/p>\n<p>K\u0101 atz\u012bst interjera autore dizainere Marta Dzene (Dzenis &amp; Dzene arhitekti), tas iek\u0101rto\u0161anas procesu pat atvieglo, jo pas\u016bt\u012bt\u0101jam neveidojas tik cie\u0161a emocion\u0101l\u0101 piesaiste un ar\u012b gaidas pret rezult\u0101tu ir vair\u0101k fokus\u0113tas uz univers\u0101lu kvalit\u0101ti. Vienlaikus, protams, \u012bpa\u0161nieki ir dikt\u0113ju\u0161i kop\u0113jo virz\u012bbu \u2013 izdarot gan noteiktas m\u0101jok\u013ca pl\u0101nojuma, gan est\u0113tisko risin\u0101jumu izv\u0113les. J\u0101piebilst, ka dom\u0101t par augstv\u0113rt\u012bgu dizainu \u012bres dz\u012bvok\u013cu segment\u0101 joproj\u0101m nav izplat\u012bta prakse. Taj\u0101 bie\u017e\u0101k v\u0113rojama standartiz\u0113ta pieeja, izmantojot demokr\u0101tisko z\u012bmolu rad\u012btas lietas. Vaic\u0101ta par motiv\u0101ciju invest\u0113t l\u012bdzek\u013cus \u012bres \u012bpa\u0161um\u0101, saimniece min vair\u0101kus argumentus: \u00abRemonts jebkur\u0101 gad\u012bjum\u0101 prasa ieguld\u012bjumus, jo Latvij\u0101 ir iev\u0113rojami pieaugu\u0161as darbasp\u0113ka izmaksas. Ja izv\u0113lies iet laba dizaina ce\u013cu, k\u0101d\u0101s poz\u012bcij\u0101s ir j\u0101piemaks\u0101, tom\u0113r lielos vilcienos cenu at\u0161\u0137ir\u012bbas nav tik lielas. T\u0101p\u0113c, manupr\u0101t, pr\u0101t\u012bg\u0101k ar\u012b \u012bres dz\u012bvokl\u012b interjeru veidot interesantu, lai vari tirg\u016b ar kaut ko at\u0161\u0137irties.\u00bb V\u0113l viens iemesls ir kvalit\u0101te \u2013 augstv\u0113rt\u012bgu lietu izv\u0113le korel\u0113 ar\u012b ar to ilgm\u016b\u017e\u012bbu.<\/p>\n<blockquote><p>&#13;<\/p>\n<p>\u00abP\u0113c pieredzes varu teikt \u2013 jo vair\u0101k dom\u0101, lai san\u0101ktu l\u0113t\u0101k, jo liel\u0101ka iesp\u0113ja, ka var n\u0101kties maks\u0101t divreiz.\u00bb<\/p>\n<p>&#13;\n<\/p><\/blockquote>\n<p>\u00a0<\/p>\n<p>        <a href=\"https:\/\/www.europesays.com\/lv\/wp-content\/uploads\/2025\/12\/474c63af77f4.jpg\"><img decoding=\"async\" alt=\"\" class=\"no-convert\" src=\"https:\/\/www.europesays.com\/lv\/wp-content\/uploads\/2025\/12\/474c63af77f4.jpg\"\/><\/a><\/p>\n<p> Foto: Alvis Rozenbergs<\/p>\n<p>Virtuves iek\u0101rtu, k\u0101 ar\u012b visus individu\u0101li \u012bstenotos galdniec\u012bbas darbus realiz\u0113jis galdnieks Uldis Ceplis.<\/p>\n<p>\u00a0<\/p>\n<p>Dizainere atz\u012bst, ka \u0161is m\u0101joklis vi\u0146as portfolio ir \u0101tr\u0101k realiz\u0113tais projekts, pie\u0146emot, ka starta punkts ir tuk\u0161a telpa, bet fin\u0101ls \u2013 dz\u012bvoklis, kur\u0101 var iev\u0101kties kaut t\u016bl\u012bt. Turkl\u0101t gala rezult\u0101ts par 95 % atbilst s\u0101kuma skic\u0113m, kas, \u0146emot v\u0113r\u0101 izaicino\u0161o termi\u0146u, liecina par sekm\u012bgu projekta realiz\u0101ciju \u2013 prec\u012bzi izpl\u0101notiem pas\u016bt\u012bjumiem un veiksm\u012bg\u0101m sadarb\u012bb\u0101m ar b\u016bvniekiem, galdniekiem, m\u0113be\u013cu ra\u017eot\u0101jiem un pieg\u0101d\u0101t\u0101jiem. \u00abPirmo reizi ien\u0101cu dz\u012bvokl\u012b janv\u0101r\u012b. Pusgada laik\u0101 esam izprojekt\u0113ju\u0161i interjeru, novad\u012bju\u0161i b\u016bvniec\u012bbu, veiku\u0161i visus m\u0113be\u013cu pas\u016bt\u012bjumus, realiz\u0113ju\u0161i galdniec\u012bbas da\u013cu, vasaras vid\u016b m\u0101joklis bija pabeigts,\u00bb st\u0101sta dizainere. \u00abIzmantoj\u0101m nestandarta radiatorus un santehniku, kas p\u0113c pas\u016bt\u012b\u0161anas j\u0101gaida tr\u012bs m\u0113ne\u0161us, t\u0101p\u0113c laikus bija j\u0101b\u016bt skaidr\u012bbai par to nepiecie\u0161am\u012bbu. \u0160\u0101dos apst\u0101k\u013cos ir svar\u012bgi katrai lietai izp\u0113t\u012bt ra\u017eo\u0161anai un pieg\u0101dei nepiecie\u0161amo laiku, lai kav\u0113\u0161an\u0101s nepaildzin\u0101tu visu projektu.\u00bb<\/p>\n<p>\u00a0<\/p>\n<p>        <a href=\"https:\/\/www.europesays.com\/lv\/wp-content\/uploads\/2025\/12\/f3f261c84e68.jpg\"><img decoding=\"async\" alt=\"\" class=\"no-convert\" src=\"https:\/\/www.europesays.com\/lv\/wp-content\/uploads\/2025\/12\/f3f261c84e68.jpg\"\/><\/a><\/p>\n<p> Foto: Alvis Rozenbergs<\/p>\n<p>Pirms dizaina projekta veido\u0161anas arhitekte Agate Eni\u0146a veikusi dz\u012bvok\u013ca p\u0101rpl\u0101nojumu, telpu p\u0101rdalot ar starpsienu, kas \u0161obr\u012bd nodala gu\u013camzonu no viesistabas un atv\u0113rt\u0101 tipa virtuves. Starpsienas stiklotais gals, kur\u0161 atduras pret panor\u0101mas logu, nesa\u0161\u0137e\u013c ainavu un pie\u0161\u0137ir nelielajai telpai optisko pla\u0161umu.<\/p>\n<p>\u00a0<\/p>\n<p>        <a href=\"https:\/\/www.europesays.com\/lv\/wp-content\/uploads\/2025\/12\/2e6eb7600b67.jpg\"><img decoding=\"async\" alt=\"\" class=\"no-convert\" src=\"https:\/\/www.europesays.com\/lv\/wp-content\/uploads\/2025\/12\/2e6eb7600b67.jpg\"\/><\/a><\/p>\n<p> Foto: Alvis Rozenbergs<\/p>\n<p>A\u017e\u016brais aizkars ar met\u0101liska sieta efektu perfekti papildina interjera noska\u0146as.<\/p>\n<p>\u00a0<\/p>\n<p>Ikviens, kur\u0161 paviesojies dz\u012bvokl\u012b, visticam\u0101k, piekrit\u012bs, ka viens no t\u0101 izteiksm\u012bg\u0101kajiem raksturlielumiem un pievienot\u0101 v\u0113rt\u012bba ir skats, kas paveras aiz loga.<\/p>\n<blockquote><p>&#13;<\/p>\n<p>Tas sedz visu sienas plakni, atkl\u0101jot klasisku Vecr\u012bgas tor\u0146u pastkarti, Daugavas mier\u012bgos \u016bde\u0146us, ko br\u012bdi pa br\u012bdim atdz\u012bvina neuzb\u0101z\u012bga ku\u0123\u012b\u0161u kust\u012bba.<\/p>\n<p>&#13;\n<\/p><\/blockquote>\n<p>Savuk\u0101rt pils\u0113tas pulsu \u013cauj sajust satiksmes art\u0113rijas uz tiltiem labaj\u0101 un kreisaj\u0101 pus\u0113. \u012apa\u0161u efektu panor\u0101mas logi rada atv\u0113rt\u0101 st\u0101vokl\u012b, jo aug\u0161\u0113jo da\u013cu, kas aiz\u0146em pusi no sienas plaknes, iesp\u0113jams atb\u012bd\u012bt, radot teju vai balkona saj\u016btu vis\u0101 dz\u012bvokl\u012b.<\/p>\n<p>\u00a0<\/p>\n<p>        <a href=\"https:\/\/www.europesays.com\/lv\/wp-content\/uploads\/2025\/12\/20c36f2be02c.jpg\"><img decoding=\"async\" alt=\"\" class=\"no-convert\" src=\"https:\/\/www.europesays.com\/lv\/wp-content\/uploads\/2025\/12\/20c36f2be02c.jpg\"\/><\/a><\/p>\n<p> Foto: Alvis Rozenbergs<\/p>\n<p>D\u012bv\u0101ns pirkts IKEA, bet apvilkts ar speci\u0101li \u0161\u016btu p\u0101rvalku no kvalitat\u012bva auduma. M\u0113bele izv\u0113l\u0113ta \u0113rti main\u0101m\u0101 p\u0101rvalka funkcijas d\u0113\u013c, \u012bres dz\u012bvokl\u012b tas ir svar\u012bgi. Pie d\u012bv\u0101na \u2013 Hay kafijas galdi\u0146i. Saimnieku izv\u0113l\u0113tais fran\u010du parkets skuji\u0146as rakst\u0101 pie\u0161\u0137ir met\u0101liskajiem mot\u012bviem siltumu un eleganci. T\u0101 materi\u0101ls \u2013 ozolkoks ar zarojumu \u2013 labi papildina dz\u012bvok\u013ca noska\u0146u.<\/p>\n<p>\u00a0<\/p>\n<p>Marta Dzene atz\u012bst, ka tie\u0161i iespaid\u012bgais skats bijis vadmot\u012bvs m\u0101jokl\u012b rad\u012btaj\u0101m interjera noska\u0146\u0101m. \u00abRealiz\u0113j\u0101m konceptu\u0101lu ideju par spogu\u013co\u0161anos pret upi. Atspulga mot\u012bvs par\u0101d\u0101s, s\u0101kot no gu\u013camistabas skapja l\u012bdz kafijas galdi\u0146am, \u2013viss dz\u012bvoklis ir mazliet vizu\u013cojo\u0161s. \u0160eit par\u0101d\u0101s ar\u012b pl\u016bsmas elementi, piem\u0113ram, dabisk\u0101 akmens pl\u0101ksn\u0113, kas rot\u0101 vannasistabas sienu.\u00bb<\/p>\n<p>\u00a0<\/p>\n<p>        <a href=\"https:\/\/www.europesays.com\/lv\/wp-content\/uploads\/2025\/12\/4519b03721eb.jpg\"><img decoding=\"async\" alt=\"\" class=\"no-convert\" src=\"https:\/\/www.europesays.com\/lv\/wp-content\/uploads\/2025\/12\/4519b03721eb.jpg\"\/><\/a><\/p>\n<p> Foto: Alvis Rozenbergs<\/p>\n<p>Spogulis gu\u013camistabas skapja durvju plakn\u0113 pavairo pa panor\u0101mas logu pl\u016bsto\u0161o gaismu un ienes ainavu v\u0113l dzi\u013c\u0101k telp\u0101.<\/p>\n<p>\u00a0<\/p>\n<p>Ideja par met\u0101lisko mot\u012bvu virtuv\u0113 pieder dz\u012bvok\u013ca saimniekiem. Izmantota divu materi\u0101lu kombin\u0101cija \u2013 fas\u0101des ir ar pl\u0101nu alum\u012bnija k\u0101rtu p\u0101rkl\u0101tas MDF pl\u0101tnes, savuk\u0101rt virsmas, sienas panelis un plaukti izgatavoti no ner\u016bs\u0113jo\u0161\u0101 t\u0113rauda.<\/p>\n<p>\u00a0<\/p>\n<p>        <a href=\"https:\/\/www.europesays.com\/lv\/wp-content\/uploads\/2025\/12\/2a2f6e0c19e5.jpg\"><img decoding=\"async\" alt=\"\" class=\"no-convert\" src=\"https:\/\/www.europesays.com\/lv\/wp-content\/uploads\/2025\/12\/2a2f6e0c19e5.jpg\"\/><\/a><\/p>\n<p> Foto: Alvis Rozenbergs<\/p>\n<p>Superlakonisk\u0101s vannasistabas sienas pane\u013ci sl\u0113pj plauktus sadz\u012bves diskr\u0113tai uzglab\u0101\u0161anai.<\/p>\n<p>\u00a0<\/p>\n<p>        <a href=\"https:\/\/www.europesays.com\/lv\/wp-content\/uploads\/2025\/12\/956da56d1cab.jpg\"><img decoding=\"async\" alt=\"\" class=\"no-convert\" src=\"https:\/\/www.europesays.com\/lv\/wp-content\/uploads\/2025\/12\/956da56d1cab.jpg\"\/><\/a><\/p>\n<p> Foto: Alvis Rozenbergs<\/p>\n<p>Br\u012bvst\u0101vo\u0161\u0101 izlietne un vanna turpina minim\u0101lisma valodu ar\u012b priv\u0101t\u0101kaj\u0101 no telp\u0101m. Aiz vannas \u2013 dabisk\u0101 akmens vilnis. Gaismek\u013ci atrasti B\u00fcro Modena dizaina lietu katalog\u0101.<\/p>\n<p>\u00a0<\/p>\n<p>Gan dizainere, gan dz\u012bvok\u013ca \u012bpa\u0161niece atz\u012bst, ka sadarb\u012bba bijusi veiksm\u012bga un tas skaidrojams gan ar l\u012bdz\u012bgu gaumi, gan kvalit\u0101tes standartiem, gan r\u0113\u0137in\u0101\u0161anos ar bud\u017eeta iesp\u0113j\u0101m. \u00abJ\u0101uzteic ar\u012b b\u016bvnieka Riharda Bolgzda darbs. Visi vi\u0146a realiz\u0113tie risin\u0101jumi, piem\u0113ram, \u0113nu \u0161uves pie griestiem, ieb\u016bv\u0113t\u0101s gr\u012bdl\u012bstes, sl\u0113pt\u0101s durvis, tika paveikti augst\u0101 l\u012bmen\u012b,\u00bb uzsver Marta Dzene, piebilstot, ka nov\u0113rt\u0113 ar\u012b meistara r\u016bp\u012bgo attieksmi pret deta\u013c\u0101m, kas l\u012bdz\u012bgos projektos nereti tiek palaistas pa\u0161pl\u016bsm\u0101. \u00abIr viegli kvalit\u0101ti pazaud\u0113t tie\u0161i maz\u0101s nians\u0113s,\u00bb uzskata dizainere. \u00ab\u0160o dz\u012bvokli raksturo r\u016bp\u012bba gan pret liel\u0101m form\u0101m, gan deta\u013c\u0101m.\u00bb<\/p>\n<p>\u00a0<\/p>\n<p>                    <a data-role=\"gallery.trigger\" href=\"https:\/\/www.santa.lv\/raksts\/aktuali\/foto-sudraba-ires-dzivoklis-daugavas-krasta-ar-skatu-uz-vecrigu.-tas-pat-mazliet-vizulo-79515\/javascript:;\" style=\"background-image:url(&#039;https:\/\/www.europesays.com\/lv\/wp-content\/uploads\/2025\/12\/956da56d1cab.jpg&#039;)\" aria-label=\"Atv\u0113rt galeriju\" rel=\"nofollow noopener\" target=\"_blank\"><\/p>\n<p>                                            <a data-role=\"gallery.trigger\" href=\"https:\/\/www.santa.lv\/raksts\/aktuali\/foto-sudraba-ires-dzivoklis-daugavas-krasta-ar-skatu-uz-vecrigu.-tas-pat-mazliet-vizulo-79515\/javascript:;\" style=\"background-image:url(&#039;https:\/\/cdn.santa.lv\/media\/2025\/12\/2\/small\/a5deb3d9d038.jpg&#039;)\" aria-label=\"Atv\u0113rt galeriju\" rel=\"nofollow noopener\" target=\"_blank\"><br \/>\n                                                    <\/a><br \/>\n                                                <a data-role=\"gallery.trigger\" href=\"https:\/\/www.santa.lv\/raksts\/aktuali\/foto-sudraba-ires-dzivoklis-daugavas-krasta-ar-skatu-uz-vecrigu.-tas-pat-mazliet-vizulo-79515\/javascript:;\" style=\"background-image:url(&#039;https:\/\/cdn.santa.lv\/media\/2025\/12\/2\/small\/2a2f6e0c19e5.jpg&#039;)\" aria-label=\"Atv\u0113rt galeriju\" rel=\"nofollow noopener\" target=\"_blank\"><br \/>\n                                                    <\/a><br \/>\n                                                <a data-role=\"gallery.trigger\" href=\"https:\/\/www.santa.lv\/raksts\/aktuali\/foto-sudraba-ires-dzivoklis-daugavas-krasta-ar-skatu-uz-vecrigu.-tas-pat-mazliet-vizulo-79515\/javascript:;\" style=\"background-image:url(&#039;https:\/\/cdn.santa.lv\/media\/2025\/12\/2\/small\/3146593554ae.jpg&#039;)\" aria-label=\"Atv\u0113rt galeriju\" rel=\"nofollow noopener\" target=\"_blank\"><br \/>\n                            +7                        <\/a><\/p>\n<p>\u00a0<\/p>\n<p>\u00a0<img decoding=\"async\" alt=\"\" class=\"no-convert\" src=\"https:\/\/www.europesays.com\/lv\/wp-content\/uploads\/2025\/11\/3c455076535f.jpg\" style=\"width: 600px; height: 400px;\"\/><\/p>\n<p>Raksts tapis ar VKKF atbalstu.\u00a0<\/p>\n","protected":false},"excerpt":{"rendered":"\u0160is nelielais dz\u012bvoklis jau s\u0101kotn\u0113ji veidots, lai to iz\u012br\u0113tu. Nodoms par Airbnb gan transform\u0113jies ilgtermi\u0146a iznom\u0101\u0161anas pl\u0101n\u0101, tom\u0113r&hellip;\n","protected":false},"author":2,"featured_media":70772,"comment_status":"","ping_status":"","sticky":false,"template":"","format":"standard","meta":{"footnotes":""},"categories":[19],"tags":[89,90,35,39,38,36,37,34,40],"class_list":{"0":"post-70771","1":"post","2":"type-post","3":"status-publish","4":"format-standard","5":"has-post-thumbnail","7":"category-izklaide","8":"tag-entertainment","9":"tag-izklaide","10":"tag-latvia","11":"tag-latvian","12":"tag-latviesu","13":"tag-latviesu-valoda","14":"tag-latviesuvaloda","15":"tag-latvija","16":"tag-lv"},"share_on_mastodon":{"url":"https:\/\/pubeurope.com\/@lv\/115695432976968174","error":""},"_links":{"self":[{"href":"https:\/\/www.europesays.com\/lv\/wp-json\/wp\/v2\/posts\/70771","targetHints":{"allow":["GET"]}}],"collection":[{"href":"https:\/\/www.europesays.com\/lv\/wp-json\/wp\/v2\/posts"}],"about":[{"href":"https:\/\/www.europesays.com\/lv\/wp-json\/wp\/v2\/types\/post"}],"author":[{"embeddable":true,"href":"https:\/\/www.europesays.com\/lv\/wp-json\/wp\/v2\/users\/2"}],"replies":[{"embeddable":true,"href":"https:\/\/www.europesays.com\/lv\/wp-json\/wp\/v2\/comments?post=70771"}],"version-history":[{"count":0,"href":"https:\/\/www.europesays.com\/lv\/wp-json\/wp\/v2\/posts\/70771\/revisions"}],"wp:featuredmedia":[{"embeddable":true,"href":"https:\/\/www.europesays.com\/lv\/wp-json\/wp\/v2\/media\/70772"}],"wp:attachment":[{"href":"https:\/\/www.europesays.com\/lv\/wp-json\/wp\/v2\/media?parent=70771"}],"wp:term":[{"taxonomy":"category","embeddable":true,"href":"https:\/\/www.europesays.com\/lv\/wp-json\/wp\/v2\/categories?post=70771"},{"taxonomy":"post_tag","embeddable":true,"href":"https:\/\/www.europesays.com\/lv\/wp-json\/wp\/v2\/tags?post=70771"}],"curies":[{"name":"wp","href":"https:\/\/api.w.org\/{rel}","templated":true}]}}