{"id":70775,"date":"2025-12-10T13:20:13","date_gmt":"2025-12-10T13:20:13","guid":{"rendered":"https:\/\/www.europesays.com\/lv\/70775\/"},"modified":"2025-12-10T13:20:13","modified_gmt":"2025-12-10T13:20:13","slug":"sarona-osborna-pirmo-reizi-atklati-runa-par-ozija-pedejiem-dzives-mirkliem","status":"publish","type":"post","link":"https:\/\/www.europesays.com\/lv\/70775\/","title":{"rendered":"\u0160\u0101rona Osborna pirmo reizi atkl\u0101ti run\u0101 par Ozija p\u0113d\u0113jiem dz\u012bves mirk\u013ciem"},"content":{"rendered":"<p>\u0160\u0101rona ar\u012b atkl\u0101ja Ozija p\u0113d\u0113jos v\u0101rdus taj\u0101 dien\u0101, kad vi\u0146\u0161 nomira. \u201cNosk\u016bpsti mani. Apskauj mani cie\u0161i,\u201d vi\u0146\u0161 pal\u016bdza, pamostoties ap pulksten 4 no r\u012bta, \u2014 un tad nol\u0113ma, neraugoties uz vesel\u012bbas st\u0101vokli, veikt agru treni\u0146u. P\u0113c aptuveni 20 min\u016bt\u0113m \u0160\u0101rona saklaus\u012bja kliedzienus no sporta z\u0101les un atrada vi\u0146u sagumu\u0161u \u2014 vi\u0146am bija bijis sirdstrieka.<\/p>\n","protected":false},"excerpt":{"rendered":"\u0160\u0101rona ar\u012b atkl\u0101ja Ozija p\u0113d\u0113jos v\u0101rdus taj\u0101 dien\u0101, kad vi\u0146\u0161 nomira. \u201cNosk\u016bpsti mani. Apskauj mani cie\u0161i,\u201d vi\u0146\u0161 pal\u016bdza,&hellip;\n","protected":false},"author":2,"featured_media":70776,"comment_status":"","ping_status":"","sticky":false,"template":"","format":"standard","meta":{"footnotes":""},"categories":[19],"tags":[89,90,35,39,38,36,37,34,40],"class_list":{"0":"post-70775","1":"post","2":"type-post","3":"status-publish","4":"format-standard","5":"has-post-thumbnail","7":"category-izklaide","8":"tag-entertainment","9":"tag-izklaide","10":"tag-latvia","11":"tag-latvian","12":"tag-latviesu","13":"tag-latviesu-valoda","14":"tag-latviesuvaloda","15":"tag-latvija","16":"tag-lv"},"share_on_mastodon":{"url":"https:\/\/pubeurope.com\/@lv\/115695479894635023","error":""},"_links":{"self":[{"href":"https:\/\/www.europesays.com\/lv\/wp-json\/wp\/v2\/posts\/70775","targetHints":{"allow":["GET"]}}],"collection":[{"href":"https:\/\/www.europesays.com\/lv\/wp-json\/wp\/v2\/posts"}],"about":[{"href":"https:\/\/www.europesays.com\/lv\/wp-json\/wp\/v2\/types\/post"}],"author":[{"embeddable":true,"href":"https:\/\/www.europesays.com\/lv\/wp-json\/wp\/v2\/users\/2"}],"replies":[{"embeddable":true,"href":"https:\/\/www.europesays.com\/lv\/wp-json\/wp\/v2\/comments?post=70775"}],"version-history":[{"count":0,"href":"https:\/\/www.europesays.com\/lv\/wp-json\/wp\/v2\/posts\/70775\/revisions"}],"wp:featuredmedia":[{"embeddable":true,"href":"https:\/\/www.europesays.com\/lv\/wp-json\/wp\/v2\/media\/70776"}],"wp:attachment":[{"href":"https:\/\/www.europesays.com\/lv\/wp-json\/wp\/v2\/media?parent=70775"}],"wp:term":[{"taxonomy":"category","embeddable":true,"href":"https:\/\/www.europesays.com\/lv\/wp-json\/wp\/v2\/categories?post=70775"},{"taxonomy":"post_tag","embeddable":true,"href":"https:\/\/www.europesays.com\/lv\/wp-json\/wp\/v2\/tags?post=70775"}],"curies":[{"name":"wp","href":"https:\/\/api.w.org\/{rel}","templated":true}]}}