{"id":70777,"date":"2025-12-10T13:23:10","date_gmt":"2025-12-10T13:23:10","guid":{"rendered":"https:\/\/www.europesays.com\/lv\/70777\/"},"modified":"2025-12-10T13:23:10","modified_gmt":"2025-12-10T13:23:10","slug":"ep-izstradas-kopigu-politiku-eiropas-migracijas-un-cilvektiesibu-piemerosanas-joma","status":"publish","type":"post","link":"https:\/\/www.europesays.com\/lv\/70777\/","title":{"rendered":"EP izstr\u0101d\u0101s kop\u012bgu politiku Eiropas migr\u0101cijas un cilv\u0113kties\u012bbu piem\u0113ro\u0161anas jom\u0101"},"content":{"rendered":"<p>Tre\u0161dien, 10. decembr\u012b, Strasb\u016br\u0101 tieslietu ministre Inese L\u012bbi\u0146a-Egnere piedal\u012bj\u0101s Eiropas Padomes (EP) neform\u0101laj\u0101 tieslietu ministru san\u0101ksm\u0113, kur\u0101 dal\u012bbvalstis vienoj\u0101s izstr\u0101d\u0101t kop\u012bgu politiku Eiropas Cilv\u0113kties\u012bbu konvencijas piem\u0113ro\u0161anai migr\u0101cijas kontekst\u0101. 27 valstis, tostarp Latvija, kop\u012bg\u0101 nost\u0101j\u0101 pauda nepiecie\u0161am\u012bbu stiprin\u0101t valstu sp\u0113ju rea\u0123\u0113t uz migr\u0101cijas instrumentaliz\u0101ciju, cilv\u0113ku tirdzniec\u012bbu, migrantu kontrabandu un smagu noziegumu izdar\u012bju\u0161u \u0101rvalstnieku izraid\u012b\u0161anu, vienlaikus nodro\u0161inot Eiropas Cilv\u0113kties\u012bbu konvencijas iev\u0113ro\u0161anu un Eiropas Cilv\u0113kties\u012bbu tiesas neatkar\u012bbu.<\/p>\n<p>Tieslietu ministre, uzrun\u0101jot dal\u012bbvalstu p\u0101rst\u0101vjus, nor\u0101d\u012bja, ka situ\u0101cija uz Latvijas\u2013Baltkrievijas robe\u017eas labi ilustr\u0113 m\u016bsdienu migr\u0101cijas izaicin\u0101jumus: \u201cLatvija jau vair\u0101k nek\u0101 \u010detrus gadus saskaras ar neleg\u0101l\u0101s migr\u0101cijas instrumentaliz\u0101ciju. Naid\u012bgi re\u017e\u012bmi izmanto migr\u0101cijas pl\u016bsmas, lai destabiliz\u0113tu demokr\u0101tijas un ietekm\u0113tu m\u016bsu dro\u0161\u012bbu. Migr\u0101cijas m\u0113rogs, sare\u017e\u0123\u012bt\u012bba un strat\u0113\u0123isk\u0101s manipul\u0101cijas, ar ko Latvija un Eiropa saskaras \u0161odien, prasa vienotu reakciju. Valst\u012bm ir j\u0101sp\u0113j aizsarg\u0101t savas robe\u017eas un iedz\u012bvot\u0101jus, vienlaikus aizsarg\u0101jot v\u0113rt\u012bbas, uz kur\u0101m balst\u0101s Eiropas Cilv\u0113kties\u012bbu konvencijas sist\u0113ma.\u201d<\/p>\n<p>Turpinot uzrunu, tieslietu ministre nor\u0101d\u012bja, ka migr\u0101cijas izmanto\u0161ana spiediena rad\u012b\u0161anai uz Eiropas Savien\u012bbas \u0101r\u0113j\u0101m robe\u017e\u0101m prasa pla\u0161\u0101ku un atkl\u0101t\u0101ku dialogu EP ietvaros: \u201cLai rastu risin\u0101jumus, kas ir gan efekt\u012bvi, gan atbilsto\u0161i Eiropas cilv\u0113kties\u012bbu standartiem, nepiecie\u0161ama saruna, kas balst\u012bta faktos un skaidr\u0101 izpratn\u0113 par Konvencijas sist\u0113mu. Tikai ar god\u012bgu dialogu un cie\u0146u pret Eiropas Cilv\u0113kties\u012bbu tiesas neatkar\u012bbu m\u0113s sp\u0113sim saglab\u0101t l\u012bdzsvaru starp valstu pien\u0101kumu nodro\u0161in\u0101t dro\u0161\u012bbu un m\u016bsu kop\u012bgo atbild\u012bbu aizsarg\u0101t cilv\u0113kties\u012bbas.\u201d<\/p>\n<p>San\u0101ksm\u0113 Latvija kop\u0101 ar D\u0101niju, It\u0101liju, Alb\u0101niju, Austriju, Be\u013c\u0123iju, Bulg\u0101riju, Horv\u0101tiju, \u010cehiju, Igauniju, Somiju, Ung\u0101riju, Islandi, \u012ariju, Lietuvu, Maltu, Melnkalni, N\u012bderlandi, Norv\u0113\u0123iju, Poliju, Rum\u0101niju, Sanmar\u012bno, Serbiju, Slov\u0101kiju, Zviedriju, Ukrainu un Apvienoto Karalisti pauda kop\u012bgu nost\u0101ju, uzsverot, ka m\u016bsdienu migr\u0101cijas rad\u012btie riski iev\u0113rojami p\u0101rsniedz to m\u0113rogu un raksturu, k\u0101ds past\u0101v\u0113ja laik\u0101, kad tika izstr\u0101d\u0101ta Eiropas Cilv\u0113kties\u012bbu konvencija. Valstis nor\u0101d\u012bja, ka Konvencijas sist\u0113mai j\u0101sp\u0113j pied\u0101v\u0101t risin\u0101jumus \u0161odienas situ\u0101cij\u0101, kur migr\u0101cijas pl\u016bsmas tiek izmantotas k\u0101 instruments spiediena rad\u012b\u0161anai uz demokr\u0101tij\u0101m un valstu robe\u017e\u0101m.<\/p>\n<p>Valstis vienoj\u0101s, ka Konvencijas sist\u0113mai j\u0101sp\u0113j nodro\u0161in\u0101t l\u012bdzsvars starp indiv\u012bda ties\u012bbu aizsardz\u012bbu un valstu pien\u0101kumu nodro\u0161in\u0101t iedz\u012bvot\u0101ju dro\u0161\u012bbu. \u0160aj\u0101 kontekst\u0101 tika akcent\u0113ti t\u0101di principi k\u0101 subsidiarit\u0101te, kas paredz, ka par cilv\u0113kties\u012bbu nodro\u0161in\u0101\u0161anu prim\u0101ri atbild\u012bga ir katra valsts, proporcionalit\u0101te, valstu r\u012bc\u012bbas br\u012bv\u012bba un meh\u0101nismi, kas \u013cauj ties\u0101m \u0146emt v\u0113r\u0101 m\u016bsdienu migr\u0101cijas procesus un ar tiem saist\u012btos riskus.<\/p>\n<p>Ministre atbalst\u012bja EP \u0123ener\u0101lsekret\u0101ra Al\u0113na Bers\u0113 (Alain Berset) priek\u0161likumu sagatavot politisku deklar\u0101ciju par migr\u0101cijas un Konvencijas sist\u0113mas izaicin\u0101jumiem, ko pl\u0101nots skat\u012bt 2026. gada maij\u0101 Ki\u0161i\u0146ev\u0101, Moldov\u0101. Vi\u0146a uzsv\u0113ra, ka deklar\u0101cija b\u016btu b\u016btisks solis ce\u013c\u0101 uz risin\u0101jumiem, kas stiprina valstu sp\u0113ju aizsarg\u0101t sabiedr\u012bbas dro\u0161\u012bbu, vienlaikus piln\u012bb\u0101 respekt\u0113jot Eiropas Cilv\u0113kties\u012bbu tiesas neatkar\u012bbu un Konvencijas principus.<\/p>\n<p>          <img decoding=\"async\" src=\"https:\/\/www.europesays.com\/lv\/wp-content\/uploads\/2025\/12\/1765221442_547_logo-lv.png\" alt=\"\"\/><\/p>\n<p>                  \u0160\u012b inform\u0101cija ir publisks pazi\u0146ojums un neatspogu\u013co LV port\u0101la viedokli. Par t\u0101s saturu atbild ies\u016bt\u012bt\u0101js. <a data-popup=\"rules\">Public\u0113\u0161anas noteikumi<\/a><\/p>\n","protected":false},"excerpt":{"rendered":"Tre\u0161dien, 10. decembr\u012b, Strasb\u016br\u0101 tieslietu ministre Inese L\u012bbi\u0146a-Egnere piedal\u012bj\u0101s Eiropas Padomes (EP) neform\u0101laj\u0101 tieslietu ministru san\u0101ksm\u0113, kur\u0101 dal\u012bbvalstis&hellip;\n","protected":false},"author":2,"featured_media":70778,"comment_status":"","ping_status":"","sticky":false,"template":"","format":"standard","meta":{"footnotes":""},"categories":[14],"tags":[23,57,28,29,32,33,22,30,31,35,39,38,36,37,34,40,20,26,27,24,25,54,55,56,21,58],"class_list":{"0":"post-70777","1":"post","2":"type-post","3":"status-publish","4":"format-standard","5":"has-post-thumbnail","7":"category-zinas-no-arvalstim","8":"tag-aktualitates","9":"tag-arvalstim","10":"tag-breaking-news","11":"tag-breakingnews","12":"tag-featured-news","13":"tag-featurednews","14":"tag-headlines","15":"tag-latest-news","16":"tag-latestnews","17":"tag-latvia","18":"tag-latvian","19":"tag-latviesu","20":"tag-latviesu-valoda","21":"tag-latviesuvaloda","22":"tag-latvija","23":"tag-lv","24":"tag-news","25":"tag-popularakas-zinas","26":"tag-popularakaszinas","27":"tag-top-stories","28":"tag-topstories","29":"tag-world","30":"tag-world-news","31":"tag-worldnews","32":"tag-zinas","33":"tag-zinas-no-arvalstim"},"share_on_mastodon":{"url":"https:\/\/pubeurope.com\/@lv\/115695491778560112","error":""},"_links":{"self":[{"href":"https:\/\/www.europesays.com\/lv\/wp-json\/wp\/v2\/posts\/70777","targetHints":{"allow":["GET"]}}],"collection":[{"href":"https:\/\/www.europesays.com\/lv\/wp-json\/wp\/v2\/posts"}],"about":[{"href":"https:\/\/www.europesays.com\/lv\/wp-json\/wp\/v2\/types\/post"}],"author":[{"embeddable":true,"href":"https:\/\/www.europesays.com\/lv\/wp-json\/wp\/v2\/users\/2"}],"replies":[{"embeddable":true,"href":"https:\/\/www.europesays.com\/lv\/wp-json\/wp\/v2\/comments?post=70777"}],"version-history":[{"count":0,"href":"https:\/\/www.europesays.com\/lv\/wp-json\/wp\/v2\/posts\/70777\/revisions"}],"wp:featuredmedia":[{"embeddable":true,"href":"https:\/\/www.europesays.com\/lv\/wp-json\/wp\/v2\/media\/70778"}],"wp:attachment":[{"href":"https:\/\/www.europesays.com\/lv\/wp-json\/wp\/v2\/media?parent=70777"}],"wp:term":[{"taxonomy":"category","embeddable":true,"href":"https:\/\/www.europesays.com\/lv\/wp-json\/wp\/v2\/categories?post=70777"},{"taxonomy":"post_tag","embeddable":true,"href":"https:\/\/www.europesays.com\/lv\/wp-json\/wp\/v2\/tags?post=70777"}],"curies":[{"name":"wp","href":"https:\/\/api.w.org\/{rel}","templated":true}]}}