{"id":70791,"date":"2025-12-10T13:41:08","date_gmt":"2025-12-10T13:41:08","guid":{"rendered":"https:\/\/www.europesays.com\/lv\/70791\/"},"modified":"2025-12-10T13:41:08","modified_gmt":"2025-12-10T13:41:08","slug":"oktobri-eksporta-un-importa-apjomi-turpinaja-uzradit-pieauguma-tendenci","status":"publish","type":"post","link":"https:\/\/www.europesays.com\/lv\/70791\/","title":{"rendered":"Oktobr\u012b eksporta un importa apjomi turpin\u0101ja uzr\u0101d\u012bt pieauguma tendenci"},"content":{"rendered":"<p>Oktobr\u012b pre\u010du eksports turpin\u0101ja pieaugt, un gada griezum\u0101 saglab\u0101jas stabila izaugsmes tendence. Eksporta att\u012bst\u012bbu liel\u0101 m\u0113r\u0101 nodro\u0161ina uz\u0146\u0113m\u0113ju sp\u0113ja \u0101tri un elast\u012bgi piel\u0101goties main\u012bgajiem apst\u0101k\u013ciem, kas ir iz\u0161\u0137iro\u0161i glob\u0101lo ekonomikas sv\u0101rst\u012bbu, \u0123eopolitisko risku un pieg\u0101des \u0137\u0113\u017eu izaicin\u0101jumu apst\u0101k\u013cos. Tie\u0161i piel\u0101go\u0161an\u0101s \u013cauj saglab\u0101t konkur\u0113tsp\u0113ju un veicina eksporta izaugsmi.<\/p>\n<p>Oktobr\u012b pre\u010du eksporta v\u0113rt\u012bba faktiskaj\u0101s cen\u0101s bija par 2,2% liel\u0101ka nek\u0101 pirms gada. Savuk\u0101rt imports pieauga par 2,9%. Tirdzniec\u012bbas defic\u012bts oktobr\u012b gada griezum\u0101 veidoja 7,4%.<\/p>\n<p>Kopum\u0101 2025. gada desmit m\u0113ne\u0161os pre\u010du eksports faktiskaj\u0101s cen\u0101s bija par 4,3% liel\u0101ks nek\u0101 pirms gada, savuk\u0101rt pre\u010du imports \u0161aj\u0101 laika posm\u0101 pieauga par 7,3%.<\/p>\n<p>Gada griezum\u0101 strauj\u0101k auga sauszemes transportl\u012bdzek\u013cu, miner\u0101lo produktu, elektroier\u012b\u010du un iek\u0101rtu, k\u0101 ar\u012b farm\u0101cijas produktu eksporta v\u0113rt\u012bba. Savuk\u0101rt samazin\u0101j\u0101s graudaugu, citu \u0137\u012bmisko produktu un e\u013c\u013cas augu s\u0113klu eksports.<\/p>\n<p>\u0160\u012b gada oktobr\u012b, sal\u012bdzinot ar iepriek\u0161\u0113j\u0101 gada oktobri, sal\u012bdzino\u0161i strauji \u2013 par 6,8% \u2013 pieauga eksports uz ES valst\u012bm. Eksporta v\u0113rt\u012bba strauj\u0101k auga uz vair\u0101k\u0101m dal\u012bbvalst\u012bm \u2013 Lietuvu (transportl\u012bdzek\u013ci, farm\u0101cijas produkti), Sp\u0101niju (graudaugi), D\u0101niju (koksne, elektroier\u012bces), Igauniju (miner\u0101lie produkti) un V\u0101ciju (transportl\u012bdzek\u013ci, koksne). Savuk\u0101rt samazin\u0101j\u0101s eksports uz Be\u013c\u0123iju (e\u013c\u013cas augu s\u0113klas).<\/p>\n<p>Oktobr\u012b turpin\u0101ja samazin\u0101ties eksporta apjomi uz NVS valst\u012bm \u2013 par 1,6%. Saruka eksports uz Kazahst\u0101nu (elektroier\u012bces, parfim\u0113rija), bet palielin\u0101j\u0101s uz Baltkrieviju (optisk\u0101s ier\u012bces). Par 1,5% pieauga ar\u012b eksports uz Krieviju. Liel\u0101ko da\u013cu no eksporta uz Krieviju joproj\u0101m veido da\u017e\u0101du alkoholisko dz\u0113rienu eksports.<\/p>\n<p>Oktobr\u012b saruka ar\u012b eksports uz p\u0101r\u0113j\u0101m valst\u012bm \u2013 par 8,2%. To b\u016btiski ietekm\u0113ja graudaugu eksporta samazin\u0101jums uz Nig\u0113riju un Maroku, k\u0101 ar\u012b miner\u0101lo produktu eksports uz Maroku un Tunisiju. Savuk\u0101rt pieauga eksports uz Apvienoto Karalisti (koksne) un Keniju (graudaugi).<\/p>\n<p>Oktobr\u012b gada griezum\u0101 importa pieaugumu pozit\u012bvi ietekm\u0113ja elektroier\u012b\u010du un iek\u0101rtu, sauszemes transportl\u012bdzek\u013cu, meh\u0101nismu un farm\u0101cijas produktu un iero\u010du un mun\u012bcijas importa v\u0113rt\u012bbas k\u0101pums. Savuk\u0101rt samazin\u0101j\u0101s miner\u0101lo produktu imports.<\/p>\n<p>J\u0101atz\u012bm\u0113 ka oktobr\u012b b\u016btiski \u2013 par 56% samazin\u0101j\u0101s imports no NVS valst\u012bm, tostarp par 85% no Krievijas un par 35% no Baltkrievijas. NVS valstu imports kop\u0113j\u0101 pre\u010du import\u0101 oktobr\u012b veidoja 0,8%, tostarp no Krievijas vien 0,2%.<\/p>\n<p>          <img decoding=\"async\" src=\"https:\/\/www.europesays.com\/lv\/wp-content\/uploads\/2025\/12\/1765221442_547_logo-lv.png\" alt=\"\"\/><\/p>\n<p>                  \u0160\u012b inform\u0101cija ir publisks pazi\u0146ojums un neatspogu\u013co LV port\u0101la viedokli. Par t\u0101s saturu atbild ies\u016bt\u012bt\u0101js. <a data-popup=\"rules\">Public\u0113\u0161anas noteikumi<\/a><\/p>\n","protected":false},"excerpt":{"rendered":"Oktobr\u012b pre\u010du eksports turpin\u0101ja pieaugt, un gada griezum\u0101 saglab\u0101jas stabila izaugsmes tendence. Eksporta att\u012bst\u012bbu liel\u0101 m\u0113r\u0101 nodro\u0161ina uz\u0146\u0113m\u0113ju&hellip;\n","protected":false},"author":2,"featured_media":70792,"comment_status":"","ping_status":"","sticky":false,"template":"","format":"standard","meta":{"footnotes":""},"categories":[14],"tags":[23,57,28,29,32,33,22,30,31,35,39,38,36,37,34,40,20,26,27,24,25,54,55,56,21,58],"class_list":{"0":"post-70791","1":"post","2":"type-post","3":"status-publish","4":"format-standard","5":"has-post-thumbnail","7":"category-zinas-no-arvalstim","8":"tag-aktualitates","9":"tag-arvalstim","10":"tag-breaking-news","11":"tag-breakingnews","12":"tag-featured-news","13":"tag-featurednews","14":"tag-headlines","15":"tag-latest-news","16":"tag-latestnews","17":"tag-latvia","18":"tag-latvian","19":"tag-latviesu","20":"tag-latviesu-valoda","21":"tag-latviesuvaloda","22":"tag-latvija","23":"tag-lv","24":"tag-news","25":"tag-popularakas-zinas","26":"tag-popularakaszinas","27":"tag-top-stories","28":"tag-topstories","29":"tag-world","30":"tag-world-news","31":"tag-worldnews","32":"tag-zinas","33":"tag-zinas-no-arvalstim"},"share_on_mastodon":{"url":"https:\/\/pubeurope.com\/@lv\/115695562531298945","error":""},"_links":{"self":[{"href":"https:\/\/www.europesays.com\/lv\/wp-json\/wp\/v2\/posts\/70791","targetHints":{"allow":["GET"]}}],"collection":[{"href":"https:\/\/www.europesays.com\/lv\/wp-json\/wp\/v2\/posts"}],"about":[{"href":"https:\/\/www.europesays.com\/lv\/wp-json\/wp\/v2\/types\/post"}],"author":[{"embeddable":true,"href":"https:\/\/www.europesays.com\/lv\/wp-json\/wp\/v2\/users\/2"}],"replies":[{"embeddable":true,"href":"https:\/\/www.europesays.com\/lv\/wp-json\/wp\/v2\/comments?post=70791"}],"version-history":[{"count":0,"href":"https:\/\/www.europesays.com\/lv\/wp-json\/wp\/v2\/posts\/70791\/revisions"}],"wp:featuredmedia":[{"embeddable":true,"href":"https:\/\/www.europesays.com\/lv\/wp-json\/wp\/v2\/media\/70792"}],"wp:attachment":[{"href":"https:\/\/www.europesays.com\/lv\/wp-json\/wp\/v2\/media?parent=70791"}],"wp:term":[{"taxonomy":"category","embeddable":true,"href":"https:\/\/www.europesays.com\/lv\/wp-json\/wp\/v2\/categories?post=70791"},{"taxonomy":"post_tag","embeddable":true,"href":"https:\/\/www.europesays.com\/lv\/wp-json\/wp\/v2\/tags?post=70791"}],"curies":[{"name":"wp","href":"https:\/\/api.w.org\/{rel}","templated":true}]}}