{"id":70803,"date":"2025-12-10T14:08:17","date_gmt":"2025-12-10T14:08:17","guid":{"rendered":"https:\/\/www.europesays.com\/lv\/70803\/"},"modified":"2025-12-10T14:08:17","modified_gmt":"2025-12-10T14:08:17","slug":"vai-laimigas-un-nelaimigas-attiecibas-ir-jau-zvaigznes-ierakstitas-skaidro-astrologs-andris-racs-2","status":"publish","type":"post","link":"https:\/\/www.europesays.com\/lv\/70803\/","title":{"rendered":"Vai laim\u012bgas un nelaim\u012bgas attiec\u012bbas ir jau zvaigzn\u0113s ierakst\u012btas? Skaidro astrologs Andris Ra\u010ds"},"content":{"rendered":"<p>V\u0113l zvaig\u017e\u0146u iedotaj\u0101 paci\u0146\u0101 ir ar\u012b t\u0101di lielumi k\u0101 introverts un ekstraverts, agri vai v\u0113lu. Agr\u0101k\u0101 izpratn\u0113 t\u0101s bija laul\u012bbas, \u0161odien\u00a0\u2013 ar\u012b attiec\u012bbas, notur\u012bgums, vajadz\u012bba p\u0113c kaut k\u0101 ilga vai, tie\u0161i otr\u0101di, \u012bslaic\u012bga, k\u0101 ar\u012b ener\u0123ijas tips. \u201cStarp introvertajiem un ekstravertajiem var b\u016bt da\u017e\u0101das kombin\u0101cijas. Piem\u0113ram, es varu b\u016bt introverts, bet man pat\u012bk ekstravertas sievietes, vai otr\u0101di. Tad ir variants par attiec\u012bb\u0101m starp vien\u0101diem tipiem.\u201d Te uzreiz rodas jaut\u0101jums par labi zin\u0101mo teicienu, ka pretpoli pievelkas, un to, ka m\u0113dzam atrast partneri, kur\u0161 it k\u0101 kompens\u0113 t\u0101s \u012bpa\u0161\u012bbas, kuru mums pa\u0161iem tr\u016bkst. \u201cDom\u0101jot par romantisk\u0101m attiec\u012bb\u0101m, runa \u012bsti nav par kompens\u0113\u0161anu. Ja es pats b\u016b\u0161u ugun\u012bgs, tad paties\u012bb\u0101 miers un pasivit\u0101te mani kaitin\u0101s. J\u0101, v\u0101juma br\u012bd\u012b var \u0161\u0137ist, ka gribu mieru, bet p\u0113c tam mir\u0161u nost aiz garlaic\u012bbas. Reiz\u0113m cilv\u0113ki iz\u0161\u0137iras tie\u0161i t\u0101d\u0113\u013c, ka nevar iztur\u0113t viens otra temperamentu,\u201d paskaidro Andris Ra\u010ds. Savuk\u0101rt, kas attiecas uz notur\u012bguma sada\u013cu, j\u0101\u0146em v\u0113r\u0101, ka tiem, kuri vair\u0101k tend\u0113ti uz \u012bslaic\u012bg\u0101m attiec\u012bb\u0101m, nepiecie\u0161ami notikumi, t\u0101ds k\u0101 regul\u0101rs restarts. \u201cMatem\u0101tiski r\u0113\u0137inot, ceturtajai da\u013cai cilv\u0113ku ir t\u0101ds horoskops, par ko astrologs saka\u00a0\u2013 ar vi\u0146u nevar norm\u0101li un mier\u012bgi veidot attiec\u012bbas. \u012asum\u0101 \u2013 miera tur neb\u016bs. Tad vi\u0146am j\u0101atrod t\u0101ds pats nemiera gars.\u201d<\/p>\n","protected":false},"excerpt":{"rendered":"V\u0113l zvaig\u017e\u0146u iedotaj\u0101 paci\u0146\u0101 ir ar\u012b t\u0101di lielumi k\u0101 introverts un ekstraverts, agri vai v\u0113lu. Agr\u0101k\u0101 izpratn\u0113 t\u0101s&hellip;\n","protected":false},"author":2,"featured_media":70415,"comment_status":"","ping_status":"","sticky":false,"template":"","format":"standard","meta":{"footnotes":""},"categories":[19],"tags":[89,90,35,39,38,36,37,34,40],"class_list":{"0":"post-70803","1":"post","2":"type-post","3":"status-publish","4":"format-standard","5":"has-post-thumbnail","7":"category-izklaide","8":"tag-entertainment","9":"tag-izklaide","10":"tag-latvia","11":"tag-latvian","12":"tag-latviesu","13":"tag-latviesu-valoda","14":"tag-latviesuvaloda","15":"tag-latvija","16":"tag-lv"},"share_on_mastodon":{"url":"https:\/\/pubeurope.com\/@lv\/115695668751357448","error":""},"_links":{"self":[{"href":"https:\/\/www.europesays.com\/lv\/wp-json\/wp\/v2\/posts\/70803","targetHints":{"allow":["GET"]}}],"collection":[{"href":"https:\/\/www.europesays.com\/lv\/wp-json\/wp\/v2\/posts"}],"about":[{"href":"https:\/\/www.europesays.com\/lv\/wp-json\/wp\/v2\/types\/post"}],"author":[{"embeddable":true,"href":"https:\/\/www.europesays.com\/lv\/wp-json\/wp\/v2\/users\/2"}],"replies":[{"embeddable":true,"href":"https:\/\/www.europesays.com\/lv\/wp-json\/wp\/v2\/comments?post=70803"}],"version-history":[{"count":0,"href":"https:\/\/www.europesays.com\/lv\/wp-json\/wp\/v2\/posts\/70803\/revisions"}],"wp:featuredmedia":[{"embeddable":true,"href":"https:\/\/www.europesays.com\/lv\/wp-json\/wp\/v2\/media\/70415"}],"wp:attachment":[{"href":"https:\/\/www.europesays.com\/lv\/wp-json\/wp\/v2\/media?parent=70803"}],"wp:term":[{"taxonomy":"category","embeddable":true,"href":"https:\/\/www.europesays.com\/lv\/wp-json\/wp\/v2\/categories?post=70803"},{"taxonomy":"post_tag","embeddable":true,"href":"https:\/\/www.europesays.com\/lv\/wp-json\/wp\/v2\/tags?post=70803"}],"curies":[{"name":"wp","href":"https:\/\/api.w.org\/{rel}","templated":true}]}}