{"id":70806,"date":"2025-12-10T14:14:13","date_gmt":"2025-12-10T14:14:13","guid":{"rendered":"https:\/\/www.europesays.com\/lv\/70806\/"},"modified":"2025-12-10T14:14:13","modified_gmt":"2025-12-10T14:14:13","slug":"rami-riti-izdod-ziemas-saulgriezu-mini-albumu-un-aicina-uz-svetku-koncertu","status":"publish","type":"post","link":"https:\/\/www.europesays.com\/lv\/70806\/","title":{"rendered":"\u201cR\u0101mi Riti\u201d izdod Ziemas saulgrie\u017eu mini albumu un aicina uz sv\u0113tku koncertu"},"content":{"rendered":"<p>\u201c\u0160oreiz izv\u0113l\u0113ties tr\u012bs m\u012b\u013c\u0101k\u0101s, skaist\u0101k\u0101s Ziemas saulgrie\u017eu dziesmas nebija viegli, jo tik daudzas b\u016btu peln\u012bju\u0161as tikt ierakst\u012btas. Tom\u0113r tr\u012bs izraudz\u012bt\u0101s, dom\u0101ju, iepriecin\u0101s, sasild\u012bs, pacil\u0101s, k\u0101 ar\u012b \u013caus pav\u0113rst skatu iek\u0161up,\u201d saka grupas soliste Inese Kozuli\u0146a.<\/p>\n<p>Katrai no trim ieska\u0146otaj\u0101m dziesm\u0101m ir savs muzik\u0101lais raksturs un v\u0113st\u012bjums. \u201cN\u0101c, Dievi\u0146i uz man\u012bm\u201d ar siltajiem vok\u0101liem, flautas br\u012bvo lidojumu \u013cauj apst\u0101ties, piev\u0113rt acis un sajust \u2013 ir Ziemassv\u0113tki. K\u0101 dainas saka, tie Dievam d\u0101rgi laiki, kad dedz skalus, sveces un aicina sav\u0101 s\u0113t\u0101, istab\u0101 pa\u0161u Dievi\u0146u.<\/p>\n<p>\u201cP\u016bti, p\u016bti ziemel\u012bti\u201d bag\u0101t\u012bg\u0101, sp\u0113c\u012bg\u0101 aran\u017eija, izv\u0113l\u0113t\u0101s dainas pie\u0161\u0137i\u013c ugunti\u0146u, prieku un sp\u0113ku. \u0112teriskais \u201cSidrabi\u0146a lieti\u0146\u0161 lija\u201d pieskaras dv\u0113selei un atg\u0101dina par b\u016btisko Ziemas saulgrie\u017eos, ka nupat tumsa b\u016bs uzvar\u0113ta, un Saules meita \u2013 gaisma \u2013 no ve\u013cu pasaules atgriez\u012bsies cilv\u0113ku pasaul\u0113.<\/p>\n<p>Albuma nosaukums simboliz\u0113 \u2013 centru, pa\u0161u viduci, kur sv\u0113ti, t\u012bri, balti, to b\u016btisk\u0101ko, ko m\u0113s godin\u0101m Ziemassv\u0113tku laik\u0101, un ko \u0161ie sv\u0113tki atg\u0101dina, liek pie sirds. K\u0101 ar\u012b \u2013 vid\u016b balti \u2013 ietver noz\u012bmi, ka m\u0113s sev\u012b iemiesojam baltu kodu, kas mums n\u0101k mantojum\u0101. Laikiem ritot, daudz ko m\u0113s aizg\u016bstam no pasaules, bet vid\u016b \u2013 joproj\u0101m balti.<\/p>\n<p>Albuma ieraksts tapis, sadarbojoties diviem etno m\u016bzikas lauk\u0101 pieredz\u0113ju\u0161iem ska\u0146u re\u017eisoriem \u2013 M\u0101rti\u0146am Mi\u013cevskim un Kasparam B\u0101rbalam. Albuma v\u0101ci\u0146a dizainu veidojusi m\u0101ksliniece El\u012bna Jaunalksne.<\/p>\n<p class=\"ad-desc ad-desc-main\">Saturs turpin\u0101s p\u0113c rekl\u0101mas<\/p>\n<p class=\"ad-desc ad-desc-sec\">Rekl\u0101ma<\/p>\n<p>L\u012bdztekus mini albuma izdo\u0161anai, R\u0101mi Riti ir notikusi akt\u012bva rado\u0161a darbo\u0161an\u0101s, lai 21.decembr\u012b satiktu savus klaus\u012bt\u0101jus meditat\u012bv\u0101 Ziemas saulgrie\u017eu koncert\u0101 ar t\u0101du pa\u0161u nosaukumu k\u0101 albumam \u201cVid\u016b balti\u201d. \u0160aj\u0101 koncert\u0101 k\u0101 \u012bpa\u0161o viesi grupa ir uzaicin\u0101jusi arfisti Ievu \u0160ablovsku.<\/p>\n<p>Grupas dal\u012bbnieks M\u0101rti\u0146\u0161 Mi\u013cevskis saka: \u201cDom\u0101jot par koncerta skan\u0113jumu, rad\u0101s saj\u016bta, ka b\u016btu skaisti R\u0101mi Riti m\u016bziku papildin\u0101t ar k\u0101du \u0113terisku instrumentu, kas dabiski iek\u013cautos koncerta noska\u0146\u0101. T\u0101 rad\u0101s ideja par arfu.<\/p>\n<p>Ar Ievu \u0160ablovsku m\u016bsu muzik\u0101lie ce\u013ci jau iepriek\u0161 ir krustoju\u0161ies da\u017e\u0101dos projektos. Vi\u0146a ir br\u012bni\u0161\u0137\u012bga, atv\u0113rta m\u016bzi\u0137e. \u013boti priec\u0101jos, ka Ieva muzic\u0113s kop\u0101 ar mums.\u201d<\/p>\n<p>Koncert\u0101 skan\u0113s skaist\u0101k\u0101s Ziemas saulgrie\u017eu un ziemas laika dziesmas \u2013 gan tautas melodijas \u201cR\u0101mi Riti\u201d\u00a0aran\u017eij\u0101, gan ar\u012b grupas dal\u012bbnieku rad\u012btas ori\u0123in\u0101lkompoz\u012bcijas, un, protams, b\u016bs ar\u012b kop\u012bgs sadzied\u0101\u0161anas br\u012bdis.<\/p>\n<p>Koncertmedit\u0101cijai r\u016bp\u012bgi ir izv\u0113l\u0113ta atmosf\u0113r\u012bg\u0101 pas\u0101kumu z\u0101le \u201cPadejosim\u201d, kuras iek\u0101rtojums \u013cauj klaus\u012bt\u0101jiem izv\u0113l\u0113ties, vai baud\u012bt koncertu, s\u0113\u017eot uz kr\u0113sliem, vai uz spilveniem, pakl\u0101ji\u0146iem, uz zemes.<\/p>\n<p>Bi\u013cetes uz koncertu pieejamas \u201cBi\u013ce\u0161u parad\u012bzes\u201d kas\u0113s vai\u00a0<a href=\"http:\/\/bilesuparadize.lv\" target=\"_blank\" rel=\"noopener nofollow\">bilesuparadize.lv<\/a>.<\/p>\n<p class=\"tv3-fw-500\">Zi\u0146o par k\u013c\u016bdu rakst\u0101<\/p>\n<p class=\"d-md-block d-none\">Iez\u012bm\u0113 k\u013c\u016bdaino tekstu un spied Ctrl+Enter.<\/p>\n<p class=\"d-md-none d-block\">Iez\u012bm\u0113 k\u013c\u016bdaino tekstu un zi\u0146o par to!<\/p>\n","protected":false},"excerpt":{"rendered":"\u201c\u0160oreiz izv\u0113l\u0113ties tr\u012bs m\u012b\u013c\u0101k\u0101s, skaist\u0101k\u0101s Ziemas saulgrie\u017eu dziesmas nebija viegli, jo tik daudzas b\u016btu peln\u012bju\u0161as tikt ierakst\u012btas. Tom\u0113r&hellip;\n","protected":false},"author":2,"featured_media":70807,"comment_status":"","ping_status":"","sticky":false,"template":"","format":"standard","meta":{"footnotes":""},"categories":[19],"tags":[89,18100,90,35,39,38,36,37,34,40],"class_list":{"0":"post-70806","1":"post","2":"type-post","3":"status-publish","4":"format-standard","5":"has-post-thumbnail","7":"category-izklaide","8":"tag-entertainment","9":"tag-grupa-rami-ritijauns-albumsziemassvetkiziemassvetku-koncerts","10":"tag-izklaide","11":"tag-latvia","12":"tag-latvian","13":"tag-latviesu","14":"tag-latviesu-valoda","15":"tag-latviesuvaloda","16":"tag-latvija","17":"tag-lv"},"share_on_mastodon":{"url":"https:\/\/pubeurope.com\/@lv\/115695692319780053","error":""},"_links":{"self":[{"href":"https:\/\/www.europesays.com\/lv\/wp-json\/wp\/v2\/posts\/70806","targetHints":{"allow":["GET"]}}],"collection":[{"href":"https:\/\/www.europesays.com\/lv\/wp-json\/wp\/v2\/posts"}],"about":[{"href":"https:\/\/www.europesays.com\/lv\/wp-json\/wp\/v2\/types\/post"}],"author":[{"embeddable":true,"href":"https:\/\/www.europesays.com\/lv\/wp-json\/wp\/v2\/users\/2"}],"replies":[{"embeddable":true,"href":"https:\/\/www.europesays.com\/lv\/wp-json\/wp\/v2\/comments?post=70806"}],"version-history":[{"count":0,"href":"https:\/\/www.europesays.com\/lv\/wp-json\/wp\/v2\/posts\/70806\/revisions"}],"wp:featuredmedia":[{"embeddable":true,"href":"https:\/\/www.europesays.com\/lv\/wp-json\/wp\/v2\/media\/70807"}],"wp:attachment":[{"href":"https:\/\/www.europesays.com\/lv\/wp-json\/wp\/v2\/media?parent=70806"}],"wp:term":[{"taxonomy":"category","embeddable":true,"href":"https:\/\/www.europesays.com\/lv\/wp-json\/wp\/v2\/categories?post=70806"},{"taxonomy":"post_tag","embeddable":true,"href":"https:\/\/www.europesays.com\/lv\/wp-json\/wp\/v2\/tags?post=70806"}],"curies":[{"name":"wp","href":"https:\/\/api.w.org\/{rel}","templated":true}]}}