{"id":70821,"date":"2025-12-10T14:50:45","date_gmt":"2025-12-10T14:50:45","guid":{"rendered":"https:\/\/www.europesays.com\/lv\/70821\/"},"modified":"2025-12-10T14:50:45","modified_gmt":"2025-12-10T14:50:45","slug":"atvados-aktrise-jana-herbsta-pamet-mihaila-cehova-teatri-santa","status":"publish","type":"post","link":"https:\/\/www.europesays.com\/lv\/70821\/","title":{"rendered":"\u00abAtvados\u2026\u00bb Aktrise Jana Herbsta pamet Mihaila \u010cehova te\u0101tri \u2014 Santa"},"content":{"rendered":"<p>\u00a0<\/p>\n<p>Aktrise Jana Herbsta, kura pirms trim\u00a0m\u0113ne\u0161iem nosvin\u0113ja savu 34. dzim\u0161anas dienu, v\u0113l \u0161ogad bija redzama\u00a0uz te\u0101tra skatuves izr\u0101d\u0113s Gr\u0101fs Monte-Kristo. Esmu Edmons Dantess, Gandr\u012bzlaime un Punkti\u0146\u0161, punkti\u0146\u0161, komati\u0146\u0161.<\/p>\n<p>Pag\u0101ju\u0161aj\u0101s br\u012bvdien\u0101s<\/p>\n<blockquote><p>&#13;<\/p>\n<p>pulksten divos nakt\u012b Herbsta pav\u0113st\u012bja, ka \u0161is dz\u012bves posms vi\u0146ai ir nosl\u0113dzies, vi\u0146a pie\u0146\u0113musi l\u0113mumu doties prom.<\/p>\n<p>&#13;\n<\/p><\/blockquote>\n<p>        <img decoding=\"async\" class=\"no-convert\" alt=\"\" data-init=\"lazy-image\" src=\"https:\/\/www.europesays.com\/lv\/wp-content\/uploads\/2025\/12\/e85ac3f1f8df.jpg\"\/><a target=\"_self\" href=\"https:\/\/www.santa.lv\/raksts\/privatadzive_\/jana-herbsta-par-dzemdibam-un-viriesa-klatbutni-man-tas-ir-svarigi-57205\/\" aria-label=\"Jana Herbsta par dzemd\u012bb\u0101m un v\u012brie\u0161a kl\u0101tb\u016btni: &lt;strong&gt;Man tas ir svar\u012bgi&lt;\/strong&gt;\" rel=\"nofollow noopener\"><img decoding=\"async\" class=\"no-convert\" alt=\"\" data-init=\"lazy-image\" src=\"https:\/\/www.europesays.com\/lv\/wp-content\/uploads\/2025\/12\/cdd1da91eb4c.jpg\"\/><a target=\"_self\" href=\"https:\/\/www.santa.lv\/raksts\/personibas\/kad-dzirdu-ka-mani-sagaida-zale-jutu-kamolu-kakla.-rafalsona-dzives-6-patiesibas-79070\/\" aria-label=\"\u00abKad dzirdu, k\u0101 mani sagaida z\u0101l\u0113, j\u016btu kamolu kakl\u0101.\u00bb &lt;strong&gt;Rafa\u013csona dz\u012bves 6 paties\u012bbas&lt;\/strong&gt;\" rel=\"nofollow noopener\"><\/p>\n<p>Gunta \u0160enberga<\/p>\n<p>\u00abEs atvados, jo ir laiks jaunais lappusei man\u0101 dz\u012bv\u0113. Nezin\u0101mai, izaicino\u0161ai un \u013coti interesantai,\u00bb nor\u0101d\u012bja\u00a0m\u0101ksliniece.<\/p>\n<p>Herbsta tie\u0161i \u010cehova R\u012bgas te\u0101tr\u012b s\u0101ka savu skatuves karjeru.\u00a0<\/p>\n<p>\u00abAr \u0161iem cilv\u0113kiem ir tik daudz piedz\u012bvots, tik daudz prieka un m\u012blest\u012bbas izjusts. Cik daudz s\u0101ls pudu kop\u0101 iz\u0113sts.<\/p>\n<p>Un pat tad, kad\u00a0loma neizdodas vai izr\u0101de nesaliekas kop\u0101, vienm\u0113r ir gl\u0101busi apzi\u0146a, ka cilv\u0113ki \u0161eit gan feini un es j\u016btos ar vi\u0146iem kop\u0101 labi!<\/p>\n<blockquote><p>&#13;<\/p>\n<p>Paldies ikvienam no jums, ka pie\u0146\u0113m\u0101t mani,\u00a0pa\u0161taisno latvieti, sav\u0101 pulk\u0101.<\/p>\n<p>&#13;\n<\/p><\/blockquote>\n<p>J\u016bsu sirsn\u012bba un dego\u0161\u0101s sirdis padar\u012bju\u0161as ar\u012b man\u0113jo par kv\u0113lainu. Paldies par gadiem kop\u0101 ar jums, kuros es augu un att\u012bst\u012bjos,\u00bb pauda\u00a0aktrise.<\/p>\n","protected":false},"excerpt":{"rendered":"\u00a0 Aktrise Jana Herbsta, kura pirms trim\u00a0m\u0113ne\u0161iem nosvin\u0113ja savu 34. dzim\u0161anas dienu, v\u0113l \u0161ogad bija redzama\u00a0uz te\u0101tra skatuves&hellip;\n","protected":false},"author":2,"featured_media":70822,"comment_status":"","ping_status":"","sticky":false,"template":"","format":"standard","meta":{"footnotes":""},"categories":[19],"tags":[89,90,35,39,38,36,37,34,40],"class_list":{"0":"post-70821","1":"post","2":"type-post","3":"status-publish","4":"format-standard","5":"has-post-thumbnail","7":"category-izklaide","8":"tag-entertainment","9":"tag-izklaide","10":"tag-latvia","11":"tag-latvian","12":"tag-latviesu","13":"tag-latviesu-valoda","14":"tag-latviesuvaloda","15":"tag-latvija","16":"tag-lv"},"share_on_mastodon":{"url":"https:\/\/pubeurope.com\/@lv\/115695833901966656","error":""},"_links":{"self":[{"href":"https:\/\/www.europesays.com\/lv\/wp-json\/wp\/v2\/posts\/70821","targetHints":{"allow":["GET"]}}],"collection":[{"href":"https:\/\/www.europesays.com\/lv\/wp-json\/wp\/v2\/posts"}],"about":[{"href":"https:\/\/www.europesays.com\/lv\/wp-json\/wp\/v2\/types\/post"}],"author":[{"embeddable":true,"href":"https:\/\/www.europesays.com\/lv\/wp-json\/wp\/v2\/users\/2"}],"replies":[{"embeddable":true,"href":"https:\/\/www.europesays.com\/lv\/wp-json\/wp\/v2\/comments?post=70821"}],"version-history":[{"count":0,"href":"https:\/\/www.europesays.com\/lv\/wp-json\/wp\/v2\/posts\/70821\/revisions"}],"wp:featuredmedia":[{"embeddable":true,"href":"https:\/\/www.europesays.com\/lv\/wp-json\/wp\/v2\/media\/70822"}],"wp:attachment":[{"href":"https:\/\/www.europesays.com\/lv\/wp-json\/wp\/v2\/media?parent=70821"}],"wp:term":[{"taxonomy":"category","embeddable":true,"href":"https:\/\/www.europesays.com\/lv\/wp-json\/wp\/v2\/categories?post=70821"},{"taxonomy":"post_tag","embeddable":true,"href":"https:\/\/www.europesays.com\/lv\/wp-json\/wp\/v2\/tags?post=70821"}],"curies":[{"name":"wp","href":"https:\/\/api.w.org\/{rel}","templated":true}]}}