{"id":70825,"date":"2025-12-10T15:05:08","date_gmt":"2025-12-10T15:05:08","guid":{"rendered":"https:\/\/www.europesays.com\/lv\/70825\/"},"modified":"2025-12-10T15:05:08","modified_gmt":"2025-12-10T15:05:08","slug":"pavests-leons-xiv-eiropas-loma-ukrainas-miera-ir-izskirosa","status":"publish","type":"post","link":"https:\/\/www.europesays.com\/lv\/70825\/","title":{"rendered":"P\u0101vests Leons XIV: Eiropas loma Ukrainas mier\u0101 ir iz\u0161\u0137iro\u0161a"},"content":{"rendered":"<p class=\"descr\">Romas p\u0101vests Leons XIV otrdien br\u012bdin\u0101ja, ka m\u0113\u0123in\u0101t pan\u0101kt mieru Ukrain\u0101 bez Eiropas ir &#8220;nere\u0101listiski&#8221;, un sac\u012bja, ka ASV prezidenta Donalda Trampa miera pl\u0101ns rada &#8220;milzu p\u0101rmai\u0146u&#8221; risku transatlantiskaj\u0101 alians\u0113.<\/p>\n<p>ASV dzimu\u0161ais p\u0101vests ar\u012b br\u012bdin\u0101ja, ka intervij\u0101s pausti koment\u0101ri par Eiropu &#8220;m\u0113\u0123ina izjaukt to, kam, manupr\u0101t, j\u0101b\u016bt \u013coti svar\u012bgai aliansei \u0161odien un n\u0101kotn\u0113&#8221;.<\/p>\n<p>Leons XIV, kur\u0161 otrdien tik\u0101s ar Ukrainas prezidentu Volodimiru Zelenski sav\u0101 lauku rezidenc\u0113 Kastelgandolfo, p\u0113c tam pateica \u017eurn\u0101listiem, ka nav piln\u012bb\u0101 izlas\u012bjis jaun\u0101ko ASV priek\u0161likumu par Krievijas kara izbeig\u0161anu pret Ukrainu.<\/p>\n<p>&#8220;Diem\u017e\u0113l da\u017eas no manis redz\u0113taj\u0101m da\u013c\u0101m rada milzu p\u0101rmai\u0146as taj\u0101, kas daudzus gadus bija patiesa alianse starp Eiropu un Savienotaj\u0101m Valst\u012bm,&#8221; sac\u012bja p\u0101vests.<\/p>\n<p>&#8220;Izteikumi par Eiropu, kas pausti ar\u012b nesenaj\u0101s intervij\u0101s, manupr\u0101t, m\u0113\u0123ina izjaukt to, kam, manupr\u0101t, j\u0101b\u016bt \u013coti svar\u012bgai aliansei \u0161odien un n\u0101kotn\u0113,&#8221; sac\u012bja p\u0101vests.<\/p>\n<p>Tramps padzi\u013cin\u0101ja savu plaisu attiec\u012bb\u0101s ar Eiropu otrdien public\u0113t\u0101 intervij\u0101 izdevumam &#8220;Politico&#8221;, nosaucot Eiropu par &#8220;v\u0101ju&#8221; un &#8220;sabr\u016bko\u0161u&#8221; imigr\u0101cijas un Ukrainas jaut\u0101jumos.<\/p>\n<p>Starp Va\u0161ingtonu un t\u0101s sabiedrotajiem Eirop\u0101 ir lielas domstarp\u012bbas Trampa miera pl\u0101na jaut\u0101jum\u0101. Daudzas Eiropas valstu vald\u012bbas baid\u0101s, ka \u0161is pl\u0101ns piespied\u012bs Ukrainu atdot teritorijas Krievijai.<\/p>\n<p>&#8220;M\u0113\u0123in\u0101t pan\u0101kt miera vieno\u0161anos, neiek\u013caujot diskusij\u0101s <a href=\"https:\/\/nra.lv\/politika\/508744-donalds-tramps-bridina-eiropu-par-sliktu-virzienu.htm\" data-item-link=\"true\" data-item-id=\"508744\" rel=\"nofollow noopener\" target=\"_blank\">Eiropu<\/a>, teiksim t\u0101, ir nere\u0101listiski,&#8221; sac\u012bja p\u0101vests.<\/p>\n<p>&#8220;Kar\u0161 ir Eirop\u0101, un es dom\u0101ju, ka Eiropai j\u0101piedal\u0101s garantij\u0101s, kuras m\u0113s m\u0113\u0123in\u0101m pan\u0101kt dro\u0161\u012bbai \u0161odien un n\u0101kotn\u0113. Diem\u017e\u0113l ne visi to saprot,&#8221; vi\u0146\u0161 piebilda.<\/p>\n<p>Atbildot uz jaut\u0101jumu, vai vi\u0146\u0161 pie\u0146ems Zelenska uzaicin\u0101jumu apmekl\u0113t Ukrainu, p\u0101vests sac\u012bja: &#8220;Es t\u0101 ceru.&#8221; Vi\u0146\u0161 tom\u0113r br\u012bdin\u0101ja, ka nav iesp\u0113jams pateikt, kad \u0161\u0101ds brauciens b\u016btu iesp\u0113jams.<\/p>\n<p>\t\t\t\t\t\tinfo<\/p>\n<p>Uzzini pirmais<br \/>kas interesants noticis Latvij\u0101 un pasaul\u0113,<br \/>pievienojoties mums <a href=\"https:\/\/t.me\/neatkariga\" rel=\"nofollow\">Telegram<\/a> vai <a href=\"https:\/\/whatsapp.com\/channel\/0029VaMLFUH5K3zLU5s4wm3y\" rel=\"nofollow noopener\" target=\"_blank\">Whatsapp<\/a> kan\u0101l\u0101<\/p>\n","protected":false},"excerpt":{"rendered":"Romas p\u0101vests Leons XIV otrdien br\u012bdin\u0101ja, ka m\u0113\u0123in\u0101t pan\u0101kt mieru Ukrain\u0101 bez Eiropas ir &#8220;nere\u0101listiski&#8221;, un sac\u012bja, ka&hellip;\n","protected":false},"author":2,"featured_media":70826,"comment_status":"","ping_status":"","sticky":false,"template":"","format":"standard","meta":{"footnotes":""},"categories":[14],"tags":[23,57,28,29,32,33,22,30,31,35,39,38,36,37,34,40,20,26,27,24,25,54,55,56,21,58],"class_list":{"0":"post-70825","1":"post","2":"type-post","3":"status-publish","4":"format-standard","5":"has-post-thumbnail","7":"category-zinas-no-arvalstim","8":"tag-aktualitates","9":"tag-arvalstim","10":"tag-breaking-news","11":"tag-breakingnews","12":"tag-featured-news","13":"tag-featurednews","14":"tag-headlines","15":"tag-latest-news","16":"tag-latestnews","17":"tag-latvia","18":"tag-latvian","19":"tag-latviesu","20":"tag-latviesu-valoda","21":"tag-latviesuvaloda","22":"tag-latvija","23":"tag-lv","24":"tag-news","25":"tag-popularakas-zinas","26":"tag-popularakaszinas","27":"tag-top-stories","28":"tag-topstories","29":"tag-world","30":"tag-world-news","31":"tag-worldnews","32":"tag-zinas","33":"tag-zinas-no-arvalstim"},"share_on_mastodon":{"url":"https:\/\/pubeurope.com\/@lv\/115695892950543900","error":""},"_links":{"self":[{"href":"https:\/\/www.europesays.com\/lv\/wp-json\/wp\/v2\/posts\/70825","targetHints":{"allow":["GET"]}}],"collection":[{"href":"https:\/\/www.europesays.com\/lv\/wp-json\/wp\/v2\/posts"}],"about":[{"href":"https:\/\/www.europesays.com\/lv\/wp-json\/wp\/v2\/types\/post"}],"author":[{"embeddable":true,"href":"https:\/\/www.europesays.com\/lv\/wp-json\/wp\/v2\/users\/2"}],"replies":[{"embeddable":true,"href":"https:\/\/www.europesays.com\/lv\/wp-json\/wp\/v2\/comments?post=70825"}],"version-history":[{"count":0,"href":"https:\/\/www.europesays.com\/lv\/wp-json\/wp\/v2\/posts\/70825\/revisions"}],"wp:featuredmedia":[{"embeddable":true,"href":"https:\/\/www.europesays.com\/lv\/wp-json\/wp\/v2\/media\/70826"}],"wp:attachment":[{"href":"https:\/\/www.europesays.com\/lv\/wp-json\/wp\/v2\/media?parent=70825"}],"wp:term":[{"taxonomy":"category","embeddable":true,"href":"https:\/\/www.europesays.com\/lv\/wp-json\/wp\/v2\/categories?post=70825"},{"taxonomy":"post_tag","embeddable":true,"href":"https:\/\/www.europesays.com\/lv\/wp-json\/wp\/v2\/tags?post=70825"}],"curies":[{"name":"wp","href":"https:\/\/api.w.org\/{rel}","templated":true}]}}