{"id":70827,"date":"2025-12-10T15:06:14","date_gmt":"2025-12-10T15:06:14","guid":{"rendered":"https:\/\/www.europesays.com\/lv\/70827\/"},"modified":"2025-12-10T15:06:14","modified_gmt":"2025-12-10T15:06:14","slug":"pec-jebkad-vesture-siltaka-10-decembra-kada-bus-nakama-diena-laika-prognoze-ceturtdienai","status":"publish","type":"post","link":"https:\/\/www.europesays.com\/lv\/70827\/","title":{"rendered":"P\u0113c jebkad v\u0113stur\u0113 silt\u0101k\u0101 10. decembra k\u0101da b\u016bs n\u0101kam\u0101 diena? Laika prognoze ceturtdienai"},"content":{"rendered":"<p>    <img decoding=\"async\" src=\"https:\/\/www.europesays.com\/lv\/wp-content\/uploads\/2025\/12\/pexels-vladimirsrajber-14924408-1024x683.jpg\" alt=\"&#10;\"\/><\/p>\n<p>Foto. pexels.com\/Vladimir Srajber\n<\/p>\n<p>14:47, 10. decembris 2025<\/p>\n<p> Nakt\u012b uz ceturtdienu Latvij\u0101 mit\u0113sies nokri\u0161\u0146i un gaisa temperat\u016bra saglab\u0101sies decembrim nerakstur\u012bgi augsta, prognoz\u0113 sinopti\u0137i.<\/p>\n<p>        Las\u012bt\u0101kie<br \/>\n        <a data-imagesrc=\"{&quot;300&quot;:&quot;https:\\\/\\\/lastatic.ams3.cdn.digitaloceanspaces.com\\\/2024\\\/06\\\/za7ie3sljqc-300x200.jpg&quot;,&quot;1024&quot;:&quot;https:\\\/\\\/lastatic.ams3.cdn.digitaloceanspaces.com\\\/2024\\\/06\\\/za7ie3sljqc-1024x683.jpg&quot;,&quot;768&quot;:&quot;https:\\\/\\\/lastatic.ams3.cdn.digitaloceanspaces.com\\\/2024\\\/06\\\/za7ie3sljqc-768x512.jpg&quot;,&quot;1536&quot;:&quot;https:\\\/\\\/lastatic.ams3.cdn.digitaloceanspaces.com\\\/2024\\\/06\\\/za7ie3sljqc-1536x1024.jpg&quot;,&quot;2048&quot;:&quot;https:\\\/\\\/lastatic.ams3.cdn.digitaloceanspaces.com\\\/2024\\\/06\\\/za7ie3sljqc-2048x1366.jpg&quot;,&quot;200&quot;:&quot;https:\\\/\\\/lastatic.ams3.cdn.digitaloceanspaces.com\\\/2024\\\/06\\\/za7ie3sljqc-200x133.jpg&quot;,&quot;400&quot;:&quot;https:\\\/\\\/lastatic.ams3.cdn.digitaloceanspaces.com\\\/2024\\\/06\\\/za7ie3sljqc-400x267.jpg&quot;,&quot;500&quot;:&quot;https:\\\/\\\/lastatic.ams3.cdn.digitaloceanspaces.com\\\/2024\\\/06\\\/za7ie3sljqc-500x333.jpg&quot;,&quot;800&quot;:&quot;https:\\\/\\\/lastatic.ams3.cdn.digitaloceanspaces.com\\\/2024\\\/06\\\/za7ie3sljqc-800x534.jpg&quot;,&quot;1000&quot;:&quot;https:\\\/\\\/lastatic.ams3.cdn.digitaloceanspaces.com\\\/2024\\\/06\\\/za7ie3sljqc-1000x667.jpg&quot;,&quot;2560&quot;:&quot;https:\\\/\\\/lastatic.ams3.cdn.digitaloceanspaces.com\\\/2024\\\/06\\\/za7ie3sljqc-scaled.jpg&quot;}\" data-focuspoint=\"&quot;&quot;\" data-p=\"2478548\" href=\"https:\/\/www.la.lv\/maskava-legalize-liela-meroga-marodierismu-paatrinata-gaita-pienemts-jauns-likums-par-sliktu-ukrainiem\" class=\"content-item lazy-load\" wp_automatic_readability=\"26.5\" rel=\"nofollow noopener\" target=\"_blank\"><\/p>\n<p>                                <img decoding=\"async\" src=\"\" alt=\"\" style=\"\" data-imageid=\"\"\/><\/p>\n<p>\n                                                Maskava legaliz\u0113 liela m\u0113roga marodierismu: pa\u0101trin\u0101t\u0101 gait\u0101 pie\u0146emts jauns likums par sliktu ukrai\u0146iem<\/p>\n<p><\/a><a data-imagesrc=\"{&quot;300&quot;:&quot;https:\\\/\\\/lastatic.ams3.cdn.digitaloceanspaces.com\\\/2024\\\/12\\\/FotoJet-46-300x200.jpg&quot;,&quot;1024&quot;:&quot;https:\\\/\\\/lastatic.ams3.cdn.digitaloceanspaces.com\\\/2024\\\/12\\\/FotoJet-46-1024x683.jpg&quot;,&quot;768&quot;:&quot;https:\\\/\\\/lastatic.ams3.cdn.digitaloceanspaces.com\\\/2024\\\/12\\\/FotoJet-46-768x512.jpg&quot;,&quot;1536&quot;:&quot;https:\\\/\\\/lastatic.ams3.cdn.digitaloceanspaces.com\\\/2024\\\/12\\\/FotoJet-46-1536x1024.jpg&quot;,&quot;200&quot;:&quot;https:\\\/\\\/lastatic.ams3.cdn.digitaloceanspaces.com\\\/2024\\\/12\\\/FotoJet-46-200x133.jpg&quot;,&quot;400&quot;:&quot;https:\\\/\\\/lastatic.ams3.cdn.digitaloceanspaces.com\\\/2024\\\/12\\\/FotoJet-46-400x267.jpg&quot;,&quot;500&quot;:&quot;https:\\\/\\\/lastatic.ams3.cdn.digitaloceanspaces.com\\\/2024\\\/12\\\/FotoJet-46-500x333.jpg&quot;,&quot;800&quot;:&quot;https:\\\/\\\/lastatic.ams3.cdn.digitaloceanspaces.com\\\/2024\\\/12\\\/FotoJet-46-800x533.jpg&quot;,&quot;1000&quot;:&quot;https:\\\/\\\/lastatic.ams3.cdn.digitaloceanspaces.com\\\/2024\\\/12\\\/FotoJet-46-1000x667.jpg&quot;,&quot;1800&quot;:&quot;https:\\\/\\\/lastatic.ams3.cdn.digitaloceanspaces.com\\\/2024\\\/12\\\/FotoJet-46.jpg&quot;}\" data-focuspoint=\"&quot;&quot;\" data-p=\"2478193\" href=\"https:\/\/www.la.lv\/kuri-konservetie-partikas-produkti-ir-labi-zarnu-veselibai-specialisti-nosauc-6-labakos\" class=\"content-item lazy-load\" wp_automatic_readability=\"26\" rel=\"nofollow noopener\" target=\"_blank\"><\/p>\n<p>                                <img decoding=\"async\" src=\"\" alt=\"\" style=\"\" data-imageid=\"\"\/><\/p>\n<p>                                Veselam<\/p>\n<p>\n                                                Kuri konserv\u0113tie p\u0101rtikas produkti ir labi zarnu vesel\u012bbai:  speci\u0101listi nosauc 6 lab\u0101kos\n                            <\/p>\n<p><\/a><a data-imagesrc=\"{&quot;300&quot;:&quot;https:\\\/\\\/lastatic.ams3.cdn.digitaloceanspaces.com\\\/2025\\\/12\\\/ebec6d04-2bab-4e8f-9a6f-fe6b288a6aa4-300x200.jpg&quot;,&quot;1024&quot;:&quot;https:\\\/\\\/lastatic.ams3.cdn.digitaloceanspaces.com\\\/2025\\\/12\\\/ebec6d04-2bab-4e8f-9a6f-fe6b288a6aa4-1024x683.jpg&quot;,&quot;1536&quot;:&quot;https:\\\/\\\/lastatic.ams3.cdn.digitaloceanspaces.com\\\/2025\\\/12\\\/ebec6d04-2bab-4e8f-9a6f-fe6b288a6aa4-1536x1024.jpg&quot;,&quot;500&quot;:&quot;https:\\\/\\\/lastatic.ams3.cdn.digitaloceanspaces.com\\\/2025\\\/12\\\/ebec6d04-2bab-4e8f-9a6f-fe6b288a6aa4-500x333.jpg&quot;,&quot;800&quot;:&quot;https:\\\/\\\/lastatic.ams3.cdn.digitaloceanspaces.com\\\/2025\\\/12\\\/ebec6d04-2bab-4e8f-9a6f-fe6b288a6aa4-800x533.jpg&quot;,&quot;1800&quot;:&quot;https:\\\/\\\/lastatic.ams3.cdn.digitaloceanspaces.com\\\/2025\\\/12\\\/ebec6d04-2bab-4e8f-9a6f-fe6b288a6aa4.jpg&quot;}\" data-focuspoint=\"&quot;&quot;\" data-p=\"2478450\" href=\"https:\/\/www.la.lv\/sajos-menesos-dzimusie-ir-galigi-nepiemeroti-parastam-darbam-no-pulksten-8-30-17-00\" class=\"content-item lazy-load\" wp_automatic_readability=\"26\" rel=\"nofollow noopener\" target=\"_blank\"><\/p>\n<p>                                <img decoding=\"async\" src=\"\" alt=\"\" style=\"\" data-imageid=\"\"\/><\/p>\n<p>                                Kokteilis<\/p>\n<p>\n                                                \u0160ajos 5 m\u0113ne\u0161os dzimu\u0161ie ir nepiem\u0113roti parastam darbam no pulksten 8.30 \u2013 17.00\n                            <\/p>\n<p><\/a><br \/>\n        <a class=\"read-more\" href=\"https:\/\/www.la.lv\/top\" rel=\"nofollow noopener\" target=\"_blank\">Las\u012bt citas zi\u0146as<\/a><\/p>\n<p>Nakts s\u0101kum\u0101 valsts austrumos v\u0113l gaid\u0101ms lietus un migla. P\u016bt\u012bs m\u0113rens rietumu, dienvidrietumu v\u0113j\u0161, piekrast\u0113 ar br\u0101zm\u0101m l\u012bdz 15 metriem sekund\u0113.<\/p>\n<p>No r\u012bta un dien\u0101 br\u012b\u017eiem l\u012bs, v\u0113j\u0161 m\u0113reni p\u016bt\u012bs no rietumiem, dienvidrietumiem, Kurzem\u0113 gaid\u0101mas br\u0101zmas 12-17 metri sekund\u0113.<\/p>\n<p>    CITI \u0160OBR\u012aD LASA<\/p>\n<p>Gaisa temperat\u016bra gan nakt\u012b, gan dien\u0101 b\u016bs +5..+9 gr\u0101di.<\/p>\n<p>R\u012bg\u0101 ceturtdiena b\u016bs p\u0101rsvar\u0101 m\u0101ko\u0146aina, dien\u0101 br\u012b\u017eiem gaid\u0101ms lietus. P\u016bt\u012bs m\u0113rens dienvidrietumu v\u0113j\u0161. Gaisa temperat\u016bra +7..+9 gr\u0101di.<\/p>\n<p>Tre\u0161diena Latvij\u0101 k\u013cuvusi par silt\u0101ko 10. decembri nov\u0113rojumu v\u0113stur\u0113<\/p>\n<p> Tre\u0161dien l\u012bdz plkst. 13 augst\u0101k\u0101 gaisa temperat\u016bra valst\u012b bija +9,3 gr\u0101di P\u0101vilost\u0101, liecina Latvijas Vides, \u0123eolo\u0123ijas un meteorolo\u0123ijas centra dati.<\/p>\n<p>Iepriek\u0161\u0113j\u0101 augst\u0101k\u0101 temperat\u016bra, kas valst\u012b nov\u0113rota 10. decembr\u012b, bija +8,9 gr\u0101di 1964. gad\u0101 Kolk\u0101.<\/p>\n<p>Siltuma rekords p\u0101rsp\u0113ts ne tikai P\u0101vilost\u0101, bet ar\u012b Liep\u0101j\u0101, Rucav\u0101 un Ventspil\u012b.<\/p>\n<p>Sinopti\u0137i prognoz\u0113, ka tuv\u0101kaj\u0101s stund\u0101s ar\u012b cit\u0101s nov\u0113rojumu stacij\u0101s tiks labots 10. decembra maksim\u0101l\u0101s gaisa temperat\u016bras rekords, bet nakt\u012b gaid\u0101mi jauni 11. decembra rekordi.<\/p>\n<p>Jau zi\u0146ots, ka maksim\u0101l\u0101 gaisa temperat\u016bra otrdien bija no +6,2 gr\u0101diem Dagd\u0101 l\u012bdz +9,4 gr\u0101diem Bausk\u0101. Septi\u0146\u0101s nov\u0113rojumu stacij\u0101s tika p\u0101rsp\u0113ts 9. decembra siltuma rekords.<\/p>\n<p>T\u0113mas<\/p>\n<p>    SAIST\u012aTIE RAKSTI<\/p>\n","protected":false},"excerpt":{"rendered":"Foto. pexels.com\/Vladimir Srajber 14:47, 10. decembris 2025 Nakt\u012b uz ceturtdienu Latvij\u0101 mit\u0113sies nokri\u0161\u0146i un gaisa temperat\u016bra saglab\u0101sies decembrim&hellip;\n","protected":false},"author":2,"featured_media":70828,"comment_status":"","ping_status":"","sticky":false,"template":"","format":"standard","meta":{"footnotes":""},"categories":[12],"tags":[23,28,29,32,33,22,30,31,35,39,38,36,37,34,40,20,26,27,24,25,21],"class_list":{"0":"post-70827","1":"post","2":"type-post","3":"status-publish","4":"format-standard","5":"has-post-thumbnail","7":"category-latvija","8":"tag-aktualitates","9":"tag-breaking-news","10":"tag-breakingnews","11":"tag-featured-news","12":"tag-featurednews","13":"tag-headlines","14":"tag-latest-news","15":"tag-latestnews","16":"tag-latvia","17":"tag-latvian","18":"tag-latviesu","19":"tag-latviesu-valoda","20":"tag-latviesuvaloda","21":"tag-latvija","22":"tag-lv","23":"tag-news","24":"tag-popularakas-zinas","25":"tag-popularakaszinas","26":"tag-top-stories","27":"tag-topstories","28":"tag-zinas"},"share_on_mastodon":{"url":"https:\/\/pubeurope.com\/@lv\/115695896864410400","error":""},"_links":{"self":[{"href":"https:\/\/www.europesays.com\/lv\/wp-json\/wp\/v2\/posts\/70827","targetHints":{"allow":["GET"]}}],"collection":[{"href":"https:\/\/www.europesays.com\/lv\/wp-json\/wp\/v2\/posts"}],"about":[{"href":"https:\/\/www.europesays.com\/lv\/wp-json\/wp\/v2\/types\/post"}],"author":[{"embeddable":true,"href":"https:\/\/www.europesays.com\/lv\/wp-json\/wp\/v2\/users\/2"}],"replies":[{"embeddable":true,"href":"https:\/\/www.europesays.com\/lv\/wp-json\/wp\/v2\/comments?post=70827"}],"version-history":[{"count":0,"href":"https:\/\/www.europesays.com\/lv\/wp-json\/wp\/v2\/posts\/70827\/revisions"}],"wp:featuredmedia":[{"embeddable":true,"href":"https:\/\/www.europesays.com\/lv\/wp-json\/wp\/v2\/media\/70828"}],"wp:attachment":[{"href":"https:\/\/www.europesays.com\/lv\/wp-json\/wp\/v2\/media?parent=70827"}],"wp:term":[{"taxonomy":"category","embeddable":true,"href":"https:\/\/www.europesays.com\/lv\/wp-json\/wp\/v2\/categories?post=70827"},{"taxonomy":"post_tag","embeddable":true,"href":"https:\/\/www.europesays.com\/lv\/wp-json\/wp\/v2\/tags?post=70827"}],"curies":[{"name":"wp","href":"https:\/\/api.w.org\/{rel}","templated":true}]}}