{"id":70829,"date":"2025-12-10T15:10:10","date_gmt":"2025-12-10T15:10:10","guid":{"rendered":"https:\/\/www.europesays.com\/lv\/70829\/"},"modified":"2025-12-10T15:10:10","modified_gmt":"2025-12-10T15:10:10","slug":"230-vides-aizstavju-organizacijas-aicina-apturet-jaunu-datu-centru-buvniecibu","status":"publish","type":"post","link":"https:\/\/www.europesays.com\/lv\/70829\/","title":{"rendered":"230 vides aizst\u0101vju organiz\u0101cijas aicina aptur\u0113t jaunu datu centru b\u016bvniec\u012bbu"},"content":{"rendered":"<p>P\u0113d\u0113jos gados var nov\u0113rot, ka datu centru b\u016bvniec\u012bba k\u013c\u016bst arvien intens\u012bv\u0101ka. Paral\u0113li tam tehnolo\u0123iju mil\u017ei p\u0113ta netradicion\u0101las datu centru b\u016bv\u0113\u0161anas iesp\u0113jas. Piem\u0113ram, izvietot tos <a href=\"https:\/\/kursors.lv\/2024\/06\/26\/microsoft-partrauc-zemudens-datucentru-projektu\/\" rel=\"nofollow noopener\" target=\"_blank\">zem \u016bdens<\/a> vai <a href=\"https:\/\/kursors.lv\/2025\/11\/06\/lai-apmierinatu-pieprasijumu-pec-maksliga-intelekta-google-plano-kosmosa-izvietot-datu-centrus\/\" rel=\"nofollow noopener\" target=\"_blank\">kosmos\u0101<\/a>. Vienlaikus arvien vair\u0101k tiek aktualiz\u0113ts tas, k\u0101das sekas datu centri rada apk\u0101rt\u0113jai videi un cilv\u0113kiem. Vides aizst\u0101vji par notieko\u0161o vairs nesp\u0113j klus\u0113t un aicina ASV Kongresu uz laiku aptur\u0113t jaunu datu centru b\u016bvniec\u012bbu.\n<\/p>\n<p>Vair\u0101k nek\u0101 230 vides aizsardz\u012bbas organiz\u0101cijas, tostarp \u201cFriends of the Earth\u201d un \u201cGreenpeace\u201d, parakst\u012bju\u0161as atkl\u0101tu v\u0113stuli, kur\u0101 aicina Kongresu atbalst\u012bt nacion\u0101la m\u0113roga pagaidu aizliegumu jaunu datu centru apstiprin\u0101\u0161anai un b\u016bvniec\u012bbai. \u0160aj\u0101 v\u0113stul\u0113 vides aizst\u0101vji atsaucas uz pieaugo\u0161o elektroener\u0123ijas un \u016bdens pat\u0113ri\u0146u, kas nepiecie\u0161ams datu centru darbin\u0101\u0161anai.\n<\/p>\n<p>P\u0113t\u012bjumi r\u0101da, ka re\u0123ionos, kur notiek datu centru b\u016bvniec\u012bba, bie\u017ei pieaug elektr\u012bbas cenas. Kopum\u0101 elektr\u012bbas cenas ASV \u0161ogad pieaugu\u0161as par 13 %, kas ir strauj\u0101kais k\u0101pums p\u0113d\u0113jo desmit gadu laik\u0101. Elektr\u012bbas cenu k\u0101pumu \u012bpa\u0161i izjut\u012bs iedz\u012bvot\u0101ji Vird\u017e\u012bnij\u0101, Pensilv\u0101nij\u0101, Ohaio, Ilinois\u0101 un \u0145\u016bd\u017eersij\u0101, kur pl\u0101nots strauj\u0161 datu centru skaita pieaugums.\n<\/p>\n<p>Prognozes ar\u012b liecina, ka ener\u0123ijas pat\u0113ri\u0146\u0161 datu centros n\u0101kamajos desmit gados teju tr\u012bsk\u0101r\u0161osies \u2013 no 40 gigavatiem tagad l\u012bdz 106 gigavatiem 2035. gad\u0101. Liela da\u013ca datu centru projektu paredz\u0113ti tie\u0161i lauku re\u0123ionos. Vides aizst\u0101vji paudu\u0161i ba\u017eas, ka iedz\u012bvot\u0101ji tur \u012bpa\u0161i izjut\u012bs t\u0101das probl\u0113mas k\u0101 \u016bdens tr\u016bkums, elektr\u012bbas sad\u0101rdzin\u0101\u0161an\u0101s, troksnis, za\u013co teritoriju samazin\u0101\u0161an\u0101s. Neskatoties uz to, \u0161\u0137iet, ka Kongress \u0161ajos argumentos neieklaus\u012bsies un datu centru skaits augs k\u0101 s\u0113nes p\u0113c lietus.<\/p>\n","protected":false},"excerpt":{"rendered":"P\u0113d\u0113jos gados var nov\u0113rot, ka datu centru b\u016bvniec\u012bba k\u013c\u016bst arvien intens\u012bv\u0101ka. Paral\u0113li tam tehnolo\u0123iju mil\u017ei p\u0113ta netradicion\u0101las datu&hellip;\n","protected":false},"author":2,"featured_media":70830,"comment_status":"","ping_status":"","sticky":false,"template":"","format":"standard","meta":{"footnotes":""},"categories":[16],"tags":[77,76,35,39,38,36,37,34,40],"class_list":{"0":"post-70829","1":"post","2":"type-post","3":"status-publish","4":"format-standard","5":"has-post-thumbnail","7":"category-bizness","8":"tag-bizness","9":"tag-business","10":"tag-latvia","11":"tag-latvian","12":"tag-latviesu","13":"tag-latviesu-valoda","14":"tag-latviesuvaloda","15":"tag-latvija","16":"tag-lv"},"share_on_mastodon":{"url":"https:\/\/pubeurope.com\/@lv\/115695912466596585","error":""},"_links":{"self":[{"href":"https:\/\/www.europesays.com\/lv\/wp-json\/wp\/v2\/posts\/70829","targetHints":{"allow":["GET"]}}],"collection":[{"href":"https:\/\/www.europesays.com\/lv\/wp-json\/wp\/v2\/posts"}],"about":[{"href":"https:\/\/www.europesays.com\/lv\/wp-json\/wp\/v2\/types\/post"}],"author":[{"embeddable":true,"href":"https:\/\/www.europesays.com\/lv\/wp-json\/wp\/v2\/users\/2"}],"replies":[{"embeddable":true,"href":"https:\/\/www.europesays.com\/lv\/wp-json\/wp\/v2\/comments?post=70829"}],"version-history":[{"count":0,"href":"https:\/\/www.europesays.com\/lv\/wp-json\/wp\/v2\/posts\/70829\/revisions"}],"wp:featuredmedia":[{"embeddable":true,"href":"https:\/\/www.europesays.com\/lv\/wp-json\/wp\/v2\/media\/70830"}],"wp:attachment":[{"href":"https:\/\/www.europesays.com\/lv\/wp-json\/wp\/v2\/media?parent=70829"}],"wp:term":[{"taxonomy":"category","embeddable":true,"href":"https:\/\/www.europesays.com\/lv\/wp-json\/wp\/v2\/categories?post=70829"},{"taxonomy":"post_tag","embeddable":true,"href":"https:\/\/www.europesays.com\/lv\/wp-json\/wp\/v2\/tags?post=70829"}],"curies":[{"name":"wp","href":"https:\/\/api.w.org\/{rel}","templated":true}]}}