{"id":70842,"date":"2025-12-10T15:25:07","date_gmt":"2025-12-10T15:25:07","guid":{"rendered":"https:\/\/www.europesays.com\/lv\/70842\/"},"modified":"2025-12-10T15:25:07","modified_gmt":"2025-12-10T15:25:07","slug":"ari-jelgavas-slimnica-gripas-epidemijas-laika-ierobezota-pacientu-apmeklesana","status":"publish","type":"post","link":"https:\/\/www.europesays.com\/lv\/70842\/","title":{"rendered":"Ar\u012b Jelgavas slimn\u012bc\u0101 gripas epid\u0113mijas laik\u0101 ierobe\u017eota pacientu apmekl\u0113\u0161ana"},"content":{"rendered":"<p>Turpm\u0101k, lai apmekl\u0113tu pacientus, b\u016bs nepiecie\u0161ama \u0101rst\u0113jo\u0161\u0101 \u0101rsta, de\u017e\u016br\u0101rsta vai noda\u013cas vad\u012bt\u0101ja at\u013cauja.<\/p>\n<p><a href=\"https:\/\/www.tvnet.lv\/term\/653898\/slimnicas\" class=\"topicLink\" target=\"_blank\" rel=\"nofollow noopener\">Slimn\u012bcas<\/a> apmekl\u0113jumi tiks organiz\u0113ti darba dien\u0101s un br\u012bvdien\u0101s no plkst. 11 l\u012bdz 13 un no plkst. 16 l\u012bdz 18.<\/p>\n<p>Gan pacientam, gan apmekl\u0113t\u0101jam b\u016bs j\u0101lieto individu\u0101lie aizsardz\u012bbas l\u012bdzek\u013ci &#8211; sejas maskas un roku dezinfekcijas l\u012bdzek\u013ci.<\/p>\n<p>Viz\u012btes ilgums nedr\u012bkst\u0113s p\u0101rsniegt 20 min\u016btes.<\/p>\n<p>Apmekl\u0113t\u0101jiem ar ak\u016bt\u0101m saslim\u0161anas paz\u012bm\u0113m neb\u016bs iesp\u0113ja apmekl\u0113t pacientus.<\/p>\n<p>Viz\u012btes slimn\u012bc\u0101 var\u0113s pieteikt, zvanot uz noda\u013cu m\u0101su poste\u0146u t\u0101lru\u0146iem.<\/p>\n<p>K\u0101 nor\u0101da medic\u012bnas iest\u0101d\u0113, mainoties gripas epid\u0113mijas intensit\u0101tei, ierobe\u017eojumi var tikt main\u012bti.<\/p>\n<p>K\u0101 zi\u0146ots, Slim\u012bbu profilakses un kontroles centrs (SPKC) pazi\u0146ojis par gripas epid\u0113mijas s\u0101kumu no otrdienas, pamatojoties uz Nacion\u0101l\u0101s mikrobiolo\u0123ijas references laboratorijas (NMRL) sniegto inform\u0101ciju par gripas monitoringa datiem.<\/p>\n<p>Ar\u012b Jelgav\u0101 ir augsta gripas intensit\u0101te un v\u0113rojams pieaugums &#8211; pag\u0101ju\u0161aj\u0101 ned\u0113\u013c\u0101 r\u0101d\u012bt\u0101js pieaudzis no 651,7 l\u012bdz 782,01 gad\u012bjumiem, r\u0113\u0137inot uz 100 000 iedz\u012bvot\u0101ju.<\/p>\n","protected":false},"excerpt":{"rendered":"Turpm\u0101k, lai apmekl\u0113tu pacientus, b\u016bs nepiecie\u0161ama \u0101rst\u0113jo\u0161\u0101 \u0101rsta, de\u017e\u016br\u0101rsta vai noda\u013cas vad\u012bt\u0101ja at\u013cauja. Slimn\u012bcas apmekl\u0113jumi tiks organiz\u0113ti darba&hellip;\n","protected":false},"author":2,"featured_media":70843,"comment_status":"","ping_status":"","sticky":false,"template":"","format":"standard","meta":{"footnotes":""},"categories":[5],"tags":[23,28,29,32,33,5657,5658,22,1355,30,31,35,39,38,36,37,34,40,20,26,27,1288,24,25,21],"class_list":{"0":"post-70842","1":"post","2":"type-post","3":"status-publish","4":"format-standard","5":"has-post-thumbnail","7":"category-aktualitates","8":"tag-aktualitates","9":"tag-breaking-news","10":"tag-breakingnews","11":"tag-featured-news","12":"tag-featurednews","13":"tag-gripa","14":"tag-gripas-laiks","15":"tag-headlines","16":"tag-jelgava","17":"tag-latest-news","18":"tag-latestnews","19":"tag-latvia","20":"tag-latvian","21":"tag-latviesu","22":"tag-latviesu-valoda","23":"tag-latviesuvaloda","24":"tag-latvija","25":"tag-lv","26":"tag-news","27":"tag-popularakas-zinas","28":"tag-popularakaszinas","29":"tag-slimnicas","30":"tag-top-stories","31":"tag-topstories","32":"tag-zinas"},"share_on_mastodon":{"url":"https:\/\/pubeurope.com\/@lv\/115695971538857420","error":""},"_links":{"self":[{"href":"https:\/\/www.europesays.com\/lv\/wp-json\/wp\/v2\/posts\/70842","targetHints":{"allow":["GET"]}}],"collection":[{"href":"https:\/\/www.europesays.com\/lv\/wp-json\/wp\/v2\/posts"}],"about":[{"href":"https:\/\/www.europesays.com\/lv\/wp-json\/wp\/v2\/types\/post"}],"author":[{"embeddable":true,"href":"https:\/\/www.europesays.com\/lv\/wp-json\/wp\/v2\/users\/2"}],"replies":[{"embeddable":true,"href":"https:\/\/www.europesays.com\/lv\/wp-json\/wp\/v2\/comments?post=70842"}],"version-history":[{"count":0,"href":"https:\/\/www.europesays.com\/lv\/wp-json\/wp\/v2\/posts\/70842\/revisions"}],"wp:featuredmedia":[{"embeddable":true,"href":"https:\/\/www.europesays.com\/lv\/wp-json\/wp\/v2\/media\/70843"}],"wp:attachment":[{"href":"https:\/\/www.europesays.com\/lv\/wp-json\/wp\/v2\/media?parent=70842"}],"wp:term":[{"taxonomy":"category","embeddable":true,"href":"https:\/\/www.europesays.com\/lv\/wp-json\/wp\/v2\/categories?post=70842"},{"taxonomy":"post_tag","embeddable":true,"href":"https:\/\/www.europesays.com\/lv\/wp-json\/wp\/v2\/tags?post=70842"}],"curies":[{"name":"wp","href":"https:\/\/api.w.org\/{rel}","templated":true}]}}