{"id":70850,"date":"2025-12-10T15:32:14","date_gmt":"2025-12-10T15:32:14","guid":{"rendered":"https:\/\/www.europesays.com\/lv\/70850\/"},"modified":"2025-12-10T15:32:14","modified_gmt":"2025-12-10T15:32:14","slug":"svetkos-bus-skatami-vairaki-iemiloto-raidijumu-specializlaidumi","status":"publish","type":"post","link":"https:\/\/www.europesays.com\/lv\/70850\/","title":{"rendered":"Sv\u0113tkos b\u016bs skat\u0101mi vair\u0101ki iem\u012b\u013coto raid\u012bjumu speci\u0101lizlaidumi"},"content":{"rendered":"<p><img decoding=\"async\" class=\"figure__image\" onclick=\"triggerEvent('articleImageClick', { id: 17330960, focus: 'single-image', focusIndex: '17330960' })\" onkeydown=\"if (event.key === 'Enter') {&#10;        triggerEvent('articleImageClick', { id: 17330960, focus: 'single-image', focusIndex: '17330960' })&#10;        }\" role=\"button\" tabindex=\"0\" data-focus-from=\"single-image\" data-focus-index=\"17330960\" src=\"https:\/\/www.europesays.com\/lv\/wp-content\/uploads\/2025\/12\/17330960t1h1a3d.jpg\"  onload=\"this.parentElement.classList.remove('figure__image-loading')\" alt=\"&quot;Nav mani Ziemassv\u0113tki&quot;\"\/>&#8220;Nav mani Ziemassv\u0113tki&#8221; Foto: Publicit\u0101tes foto<\/p>\n<p>\u0160oreiz divas slaven\u012bbas apmain\u012bsies nevis ar parastu ikdienu, bet tie\u0161i ar Ziemassv\u0113tku dienu, piedz\u012bvojot sv\u0113tkus kop\u0101 ar otras \u0123imeni un iepaz\u012bstot pavisam at\u0161\u0137ir\u012bgas trad\u012bcijas.<\/p>\n<p>&#8220;Nav mani Ziemassv\u0113tki&#8221; piedal\u012bsies dzied\u0101t\u0101ja un satura veidot\u0101ja Nansija Garkalne, kurai Ziemassv\u0113tki parasti paiet pavisam mier\u012bgi \u2013 vi\u0146a tos \u012bpa\u0161i nesvin. \u0160oreiz gan sv\u0113tkus n\u0101ksies svin\u0113t cit\u0101d\u0101k nek\u0101 ierasts \u2013 k\u0101d\u0101 \u0123imen\u0113 ar b\u0113rniem! Skaties &#8220;Nav mani Ziemassv\u0113tki&#8221; un uzzini, pie k\u0101 sv\u0113tkus \u0161ogad pavad\u012bs Nansija!<\/p>\n<p>&#8220;Jaungada rasols&#8221;<\/p>\n<p>31. decembr\u012b Go3 b\u016bs pieejams Jaungada \u012bpa\u0161ais raid\u012bjums &#8220;Jaungada rasols&#8221; \u2013 sv\u0113tku \u0161ovs ar neparastu pieeju. Tas atg\u0101din\u0101s klasisko Jaungada programmu, ta\u010du modern\u0101 un rota\u013c\u012bg\u0101 form\u0101t\u0101. Da\u017e\u0101du \u0161ovu dal\u012bbnieki piedal\u012bsies daudzveid\u012bgos izaicin\u0101jumos, radot sv\u0113tku noska\u0146u ar humoru un rado\u0161\u0101m aktivit\u0101t\u0113m.<\/p>\n<p><img decoding=\"async\" class=\"figure__image\" onclick=\"triggerEvent('articleImageClick', { id: 17330961, focus: 'single-image', focusIndex: '17330961' })\" onkeydown=\"if (event.key === 'Enter') {&#10;        triggerEvent('articleImageClick', { id: 17330961, focus: 'single-image', focusIndex: '17330961' })&#10;        }\" role=\"button\" tabindex=\"0\" data-focus-from=\"single-image\" data-focus-index=\"17330961\" src=\"https:\/\/www.europesays.com\/lv\/wp-content\/uploads\/2025\/12\/17330961t1h0046.jpg\"  onload=\"this.parentElement.classList.remove('figure__image-loading')\" alt=\"&quot;Jaungada rasols&quot;.\"\/>&#8220;Jaungada rasols&#8221;. Foto: Publicit\u0101tes foto<\/p>\n<p>Par muzik\u0101lo da\u013cu par\u016bp\u0113sies Latvij\u0101 pla\u0161i paz\u012bstamie m\u0101kslinieki \u2013 uz skatuves k\u0101ps &#8220;Singap\u016bras Sat\u012bns&#8221;, &#8220;Duets Sandra&#8221;, &#8220;Rassell &amp; Sab\u012bne Berezina&#8221;, k\u0101 ar\u012b citi viesi, kas ar sav\u0101m dziesm\u0101m pie\u0161\u0137irs vakaram gan ener\u0123iju, gan sv\u0113tku saj\u016btu.<\/p>\n<p>\u012apa\u0161u kr\u0101\u0161\u0146umu rad\u012bs da\u017e\u0101du \u017eanru deju studijas \u2013 no klasisk\u0101 baleta l\u012bdz pat &#8220;tverka&#8221; priek\u0161nesumiem, padarot programmu patiesi kontrastainu.<\/p>\n<p><img decoding=\"async\" class=\"figure__image\" onclick=\"triggerEvent('articleImageClick', { id: 17330963, focus: 'single-image', focusIndex: '17330963' })\" onkeydown=\"if (event.key === 'Enter') {&#10;        triggerEvent('articleImageClick', { id: 17330963, focus: 'single-image', focusIndex: '17330963' })&#10;        }\" role=\"button\" tabindex=\"0\" data-focus-from=\"single-image\" data-focus-index=\"17330963\" src=\"https:\/\/www.europesays.com\/lv\/wp-content\/uploads\/2025\/12\/17330963t1hc212.jpg\"  onload=\"this.parentElement.classList.remove('figure__image-loading')\" alt=\"&quot;Jaungada rasols&quot;.\"\/>&#8220;Jaungada rasols&#8221;. Foto: Publicit\u0101tes foto<\/p>\n<p>Humora devu nodro\u0161in\u0101s ar\u012b &#8220;Comedy Latvia&#8221; komi\u0137i, kuri sagatavoju\u0161i aspr\u0101t\u012bgu &#8220;cepienu&#8221; \u0161ovu dal\u012bbniekiem! Un, protams, Jaungada \u0161ovs neb\u016btu piln\u012bgs bez ieskata n\u0101kotn\u0113 \u2013 par to par\u016bp\u0113sies spilgt\u0101 &#8220;drag karaliene&#8221; &#8220;Vencheska&#8221;, kura sagatavos savus unik\u0101los pare\u0123ojumus 2026. gadam!<\/p>\n<p>Skaties Ziemassv\u0113tku \u012bpa\u0161os speci\u0101lizlaidumus Go3 telev\u012bzij\u0101 jau no 10. decembra!<\/p>\n","protected":false},"excerpt":{"rendered":"&#8220;Nav mani Ziemassv\u0113tki&#8221; Foto: Publicit\u0101tes foto \u0160oreiz divas slaven\u012bbas apmain\u012bsies nevis ar parastu ikdienu, bet tie\u0161i ar Ziemassv\u0113tku&hellip;\n","protected":false},"author":2,"featured_media":70851,"comment_status":"","ping_status":"","sticky":false,"template":"","format":"standard","meta":{"footnotes":""},"categories":[19],"tags":[89,90,35,39,38,36,37,34,40,4156,9687],"class_list":{"0":"post-70850","1":"post","2":"type-post","3":"status-publish","4":"format-standard","5":"has-post-thumbnail","7":"category-izklaide","8":"tag-entertainment","9":"tag-izklaide","10":"tag-latvia","11":"tag-latvian","12":"tag-latviesu","13":"tag-latviesu-valoda","14":"tag-latviesuvaloda","15":"tag-latvija","16":"tag-lv","17":"tag-tv-sovi","18":"tag-ziemassvetki"},"share_on_mastodon":{"url":"https:\/\/pubeurope.com\/@lv\/115695999202712278","error":""},"_links":{"self":[{"href":"https:\/\/www.europesays.com\/lv\/wp-json\/wp\/v2\/posts\/70850","targetHints":{"allow":["GET"]}}],"collection":[{"href":"https:\/\/www.europesays.com\/lv\/wp-json\/wp\/v2\/posts"}],"about":[{"href":"https:\/\/www.europesays.com\/lv\/wp-json\/wp\/v2\/types\/post"}],"author":[{"embeddable":true,"href":"https:\/\/www.europesays.com\/lv\/wp-json\/wp\/v2\/users\/2"}],"replies":[{"embeddable":true,"href":"https:\/\/www.europesays.com\/lv\/wp-json\/wp\/v2\/comments?post=70850"}],"version-history":[{"count":0,"href":"https:\/\/www.europesays.com\/lv\/wp-json\/wp\/v2\/posts\/70850\/revisions"}],"wp:featuredmedia":[{"embeddable":true,"href":"https:\/\/www.europesays.com\/lv\/wp-json\/wp\/v2\/media\/70851"}],"wp:attachment":[{"href":"https:\/\/www.europesays.com\/lv\/wp-json\/wp\/v2\/media?parent=70850"}],"wp:term":[{"taxonomy":"category","embeddable":true,"href":"https:\/\/www.europesays.com\/lv\/wp-json\/wp\/v2\/categories?post=70850"},{"taxonomy":"post_tag","embeddable":true,"href":"https:\/\/www.europesays.com\/lv\/wp-json\/wp\/v2\/tags?post=70850"}],"curies":[{"name":"wp","href":"https:\/\/api.w.org\/{rel}","templated":true}]}}