{"id":70854,"date":"2025-12-10T15:41:19","date_gmt":"2025-12-10T15:41:19","guid":{"rendered":"https:\/\/www.europesays.com\/lv\/70854\/"},"modified":"2025-12-10T15:41:19","modified_gmt":"2025-12-10T15:41:19","slug":"zelenska-stavokli-sarunas-raksturo-ar-saha-terminu","status":"publish","type":"post","link":"https:\/\/www.europesays.com\/lv\/70854\/","title":{"rendered":"Zelenska st\u0101vokli sarun\u0101s raksturo ar \u0161aha terminu"},"content":{"rendered":"<p>Sky news: Ukrain\u0101 Zelenska poz\u012bciju sarun\u0101s sauc par cugdzvangu.<\/p>\n<p>Ukrain\u0101 valsts prezidenta Volodimira Zelenska st\u0101vokli sarun\u0101s par noregul\u0113jumu raksturo k\u0101 cugdzvangu. Par to <a href=\"https:\/\/news.sky.com\/topic\/volodymyr-zelenskyy-10031\/1\" rel=\"nofollow noopener\" target=\"_blank\">zi\u0146oja<\/a> telev\u012bzijas kan\u0101ls Sky News Zelenska tik\u0161an\u0101s fona ar Eiropas l\u012bderiem.<\/p>\n<p>Public\u0113jum\u0101 skaidrots, ka &#8220;cugdzvangs&#8221; ir v\u0101cu termins, kas apz\u012bm\u0113 \u0161aha sp\u0113l\u0113t\u0101ju, kuram paliku\u0161i tikai sliktie g\u0101jieni, tom\u0113r vi\u0146am ir j\u0101veic g\u0101jiens. \u017durn\u0101listi uzsv\u0113ra, ka \u0161\u0101d\u0101 veid\u0101 Zelenska poz\u012bciju raksturojis viens Ukrainas avots.<\/p>\n<p>\n                            Valodas k\u013c\u016bda rakst\u0101?<br \/>Iez\u012bm\u0113jiet tekstu un spiediet Zi\u0146ot par k\u013c\u016bdu pogas   , lai nos\u016bt\u012btu labojamo teksta fragmentu redaktoram!<\/p>\n<p>                                Zi\u0146ot par k\u013c\u016bdu<\/p>\n","protected":false},"excerpt":{"rendered":"Sky news: Ukrain\u0101 Zelenska poz\u012bciju sarun\u0101s sauc par cugdzvangu. Ukrain\u0101 valsts prezidenta Volodimira Zelenska st\u0101vokli sarun\u0101s par noregul\u0113jumu&hellip;\n","protected":false},"author":2,"featured_media":70855,"comment_status":"","ping_status":"","sticky":false,"template":"","format":"standard","meta":{"footnotes":""},"categories":[14],"tags":[23,57,28,29,32,33,22,30,31,35,39,38,36,37,34,40,20,26,27,24,25,54,55,56,21,58],"class_list":{"0":"post-70854","1":"post","2":"type-post","3":"status-publish","4":"format-standard","5":"has-post-thumbnail","7":"category-zinas-no-arvalstim","8":"tag-aktualitates","9":"tag-arvalstim","10":"tag-breaking-news","11":"tag-breakingnews","12":"tag-featured-news","13":"tag-featurednews","14":"tag-headlines","15":"tag-latest-news","16":"tag-latestnews","17":"tag-latvia","18":"tag-latvian","19":"tag-latviesu","20":"tag-latviesu-valoda","21":"tag-latviesuvaloda","22":"tag-latvija","23":"tag-lv","24":"tag-news","25":"tag-popularakas-zinas","26":"tag-popularakaszinas","27":"tag-top-stories","28":"tag-topstories","29":"tag-world","30":"tag-world-news","31":"tag-worldnews","32":"tag-zinas","33":"tag-zinas-no-arvalstim"},"share_on_mastodon":{"url":"https:\/\/pubeurope.com\/@lv\/115696034356186606","error":""},"_links":{"self":[{"href":"https:\/\/www.europesays.com\/lv\/wp-json\/wp\/v2\/posts\/70854","targetHints":{"allow":["GET"]}}],"collection":[{"href":"https:\/\/www.europesays.com\/lv\/wp-json\/wp\/v2\/posts"}],"about":[{"href":"https:\/\/www.europesays.com\/lv\/wp-json\/wp\/v2\/types\/post"}],"author":[{"embeddable":true,"href":"https:\/\/www.europesays.com\/lv\/wp-json\/wp\/v2\/users\/2"}],"replies":[{"embeddable":true,"href":"https:\/\/www.europesays.com\/lv\/wp-json\/wp\/v2\/comments?post=70854"}],"version-history":[{"count":0,"href":"https:\/\/www.europesays.com\/lv\/wp-json\/wp\/v2\/posts\/70854\/revisions"}],"wp:featuredmedia":[{"embeddable":true,"href":"https:\/\/www.europesays.com\/lv\/wp-json\/wp\/v2\/media\/70855"}],"wp:attachment":[{"href":"https:\/\/www.europesays.com\/lv\/wp-json\/wp\/v2\/media?parent=70854"}],"wp:term":[{"taxonomy":"category","embeddable":true,"href":"https:\/\/www.europesays.com\/lv\/wp-json\/wp\/v2\/categories?post=70854"},{"taxonomy":"post_tag","embeddable":true,"href":"https:\/\/www.europesays.com\/lv\/wp-json\/wp\/v2\/tags?post=70854"}],"curies":[{"name":"wp","href":"https:\/\/api.w.org\/{rel}","templated":true}]}}