{"id":70864,"date":"2025-12-10T16:02:25","date_gmt":"2025-12-10T16:02:25","guid":{"rendered":"https:\/\/www.europesays.com\/lv\/70864\/"},"modified":"2025-12-10T16:02:25","modified_gmt":"2025-12-10T16:02:25","slug":"muzikas-projekts-mesa-ar-pilniba-izpardotu-koncertu-priece-tukstosiem-xiaomi-arena-lente-lv-2","status":"publish","type":"post","link":"https:\/\/www.europesays.com\/lv\/70864\/","title":{"rendered":"M\u016bzikas projekts &#8220;Mesa&#8221; ar piln\u012bb\u0101 izp\u0101rdotu koncertu priec\u0113 t\u016bksto\u0161iem &#8220;Xiaomi Ar\u0113n\u0101&#8221;\u00a0\u2014\u00a0Lente.lv"},"content":{"rendered":"<p>M\u016bzikas projekts &#8220;Mesa&#8221; ar iespaid\u012bgu koncertu piepilda &#8220;Xiaomi Ar\u0113nu&#8221;<\/p>\n<p>M\u016bzikas projekts &#8220;Mesa&#8221;, kura dv\u0113sele ir Gatis Irbe, sestdien, 6. decembr\u012b, sniedza savu tre\u0161o, jau izsludin\u0101to un piln\u012bb\u0101 izp\u0101rdoto koncertu &#8220;Xiaomi Ar\u0113n\u0101&#8221;. Pas\u0101kumu apmekl\u0113ja iespaid\u012bgs pulks \u2013 ap desmit t\u016bksto\u0161iem m\u016bzikas baud\u012bt\u0101ju, radot neaizmirstamu atmosf\u0113ru, kas lika Ar\u0113nai vibr\u0113t no ener\u0123ijas un kop\u012bbas saj\u016btas.<\/p>\n<p>\u0160is notikums nebija tikai k\u0101rt\u0113jais koncerts, bet gan patiesa m\u016bzikas svin\u0113\u0161ana, kur\u0101 Gata Irbes talants un vi\u0146a rad\u012btais projekts &#8220;Mesa&#8221; sasniedza jaunas virsotnes. Apmekl\u0113t\u0101ju milz\u012bg\u0101 atsauc\u012bba apliecina, cik dzi\u013ci &#8220;Mesa&#8221; m\u016bzika ir iesak\u0146ojusies Latvijas klaus\u012bt\u0101ju sird\u012bs. Katrs izdzied\u0101tais v\u0101rds un katra no sirds izsp\u0113l\u0113t\u0101 ska\u0146a atbalsoj\u0101s \u0161aj\u0101 pla\u0161aj\u0101 telp\u0101, radot \u012bpa\u0161u emocion\u0101lu saikni starp m\u0101kslinieku un vi\u0146a fanu armiju.<\/p>\n<p>Paral\u0113li \u0161im grandiozajam notikumam, Gatis Irbe sniedza ar\u012b aizraujo\u0161u pazi\u0146ojumu, kas sag\u0101d\u0101ja prieku daudziem faniem \u2013 n\u0101kam\u0101 gada vasar\u0101 Me\u017eapark\u0101 notiks kopkoncerts, kur\u0101 uz vienas skatuves k\u0101ps gan &#8220;Mesa&#8221;, gan ar\u012b cits iem\u012b\u013cots Latvijas m\u016bzi\u0137is Gacho. \u0160\u012b zi\u0146a izrais\u012bja saj\u016bsmu un jau tagad liek cer\u0113t uz v\u0113l vienu neaizmirstamu muzik\u0101lu piedz\u012bvojumu.<\/p>\n<p>Momentuz\u0146\u0113mumi, kas iem\u016b\u017eina emocijas un ener\u0123iju<\/p>\n<p>Katrs mirklis \u0161aj\u0101 koncert\u0101 tika r\u016bp\u012bgi iem\u016b\u017ein\u0101ts, pateicoties &#8220;Delfi&#8221; fotogr\u0101fa Patrika Paula Bri\u0137a profesion\u0101lajai acij. Vi\u0146a uz\u0146emtaj\u0101s fotogr\u0101fij\u0101s ir redzama gan pati skatuve, kas sp\u012bd\u0113ja k\u0101 muzik\u0101l\u0101s burv\u012bbas centrs, gan ar\u012b pla\u0161ais un kuplais fanu p\u016blis, kas k\u013cuva par vienu no koncerta galvenajiem varo\u0146iem. \u0160ie att\u0113li ne tikai dokument\u0113 notikumu, bet ar\u012b sp\u0113j atkl\u0101t t\u0101s emocijas, saj\u016btas un kop\u012bbas garu, kas vald\u012bja &#8220;Xiaomi Ar\u0113n\u0101&#8221;.<\/p>\n<p>Fotogr\u0101fijas atspogu\u013co to nep\u0101rsp\u0113jamo ener\u0123iju, kas virmoja gais\u0101. T\u0101s par\u0101da, k\u0101 cilv\u0113ki kop\u0101 dzied, dejo un izj\u016bt m\u016bziku, radot vizu\u0101lu apliecin\u0101jumu tam, ka &#8220;Mesa&#8221; koncerti ir vair\u0101k nek\u0101 tikai muzik\u0101la izklaide \u2013 t\u0101s ir kop\u012bgas emociju k\u013c\u016bstot par da\u013cu no k\u0101 liela un noz\u012bm\u012bga.<\/p>\n<p>Mesa un Gacho kopkoncerts \u2013 ko sagaid\u012bt?<\/p>\n<p>N\u0101kam\u0101s vasaras gaid\u0101mais kopkoncerts Me\u017eapark\u0101 starp &#8220;Mesa&#8221; un Gacho ir viens no gaid\u012bt\u0101kajiem notikumiem m\u016bzikas dz\u012bv\u0113. Abu m\u0101kslinieku sadarb\u012bba sol\u0101s rad\u012bt unik\u0101lu muzik\u0101lu kokteili, kas apvienos vi\u0146u at\u0161\u0137ir\u012bg\u0101s, bet vienlaikus tik cie\u0161i sader\u012bg\u0101s rado\u0161\u0101s pasaules. &#8220;Mesa&#8221; ar savu inteli\u0123ento un dzi\u013co liriku, k\u0101 ar\u012b Gacho ar vi\u0146a ener\u0123isko un reiz\u0113m provokat\u012bvo skan\u0113jumu, kop\u0101 var\u0113tu rad\u012bt patiesi iespaid\u012bgu \u0161ovu.<\/p>\n<p>Me\u017eaparka pla\u0161\u0101 \u0101ra skatuve sniegs ide\u0101lu vidi \u0161\u0101dam grandiozam pas\u0101kumam, \u013caujot m\u016bzi\u0137iem un publikai izjust \u012bpa\u0161u br\u012bv\u012bbas un pla\u0161uma saj\u016btu. Dom\u0101jams, ka programma b\u016bs bag\u0101t\u012bga, iek\u013caujot gan abu m\u0101kslinieku popul\u0101r\u0101kos hitus, gan ar\u012b kop\u012bgas kompoz\u012bcijas, kas rad\u012btas \u012bpa\u0161i \u0161im notikumam. \u0160\u0101da sadarb\u012bba ir k\u0101 savdab\u012bga muzik\u0101la saruna starp diviem spilgtiem Latvijas m\u016bzikas saulesstariem, un publika var\u0113s b\u016bt liecinieki \u0161\u012bs sarunas aizraujo\u0161ajai norisei.<\/p>\n<p>Secin\u0101jumi un n\u0101kotnes perspekt\u012bvas<\/p>\n<p>Gada nogal\u0113 notiku\u0161ais &#8220;Mesa&#8221; koncerts &#8220;Xiaomi Ar\u0113n\u0101&#8221; ir apliecin\u0101jums m\u0101kslinieka sp\u0113jai pulc\u0113t t\u016bksto\u0161iem cilv\u0113ku un rad\u012bt neaizmirstamas emocijas. Ar piln\u012bb\u0101 izpild\u012btu ar\u0113nu un saj\u016bsmin\u0101tu publiku, Gatis Irbe v\u0113lreiz pier\u0101d\u012bjis savu vietu Latvijas m\u016bzikas virsotn\u0113. Sagaidot n\u0101kamo vasaru un kopkoncertu ar Gacho, ir skaidrs, ka &#8220;Mesa&#8221; turpin\u0101s iepriecin\u0101t savus fanus ar kvalitat\u012bvu un emocion\u0101li pies\u0101tin\u0101tu m\u016bziku.<\/p>\n<p>\u0160\u0101da veida notikumi ir svar\u012bgi ne tikai m\u016bzi\u0137iem, bet ar\u012b sabiedr\u012bbai kopum\u0101, jo tie sniedz iesp\u0113ju vienoties kop\u012bg\u0101 pieredz\u0113, smelties pozit\u012bvu ener\u0123iju un stiprin\u0101t kop\u012bbas saj\u016btu. &#8220;Mesa&#8221; koncerti ir k\u0101 gaismas stari tum\u0161\u0101kajos decembra vakaros, un n\u0101kam\u0101s vasaras sol\u012bjumi tikai vairo cer\u012bbas uz v\u0113l kr\u0101\u0161\u0146\u0101kiem muzik\u0101liem notikumiem.<\/p>\n","protected":false},"excerpt":{"rendered":"M\u016bzikas projekts &#8220;Mesa&#8221; ar iespaid\u012bgu koncertu piepilda &#8220;Xiaomi Ar\u0113nu&#8221; M\u016bzikas projekts &#8220;Mesa&#8221;, kura dv\u0113sele ir Gatis Irbe, sestdien,&hellip;\n","protected":false},"author":2,"featured_media":70865,"comment_status":"","ping_status":"","sticky":false,"template":"","format":"standard","meta":{"footnotes":""},"categories":[19],"tags":[89,8415,14604,90,202,35,39,38,36,37,34,40,14605,1068],"class_list":{"0":"post-70864","1":"post","2":"type-post","3":"status-publish","4":"format-standard","5":"has-post-thumbnail","7":"category-izklaide","8":"tag-entertainment","9":"tag-gacho","10":"tag-gatis-irbe","11":"tag-izklaide","12":"tag-koncerts","13":"tag-latvia","14":"tag-latvian","15":"tag-latviesu","16":"tag-latviesu-valoda","17":"tag-latviesuvaloda","18":"tag-latvija","19":"tag-lv","20":"tag-mesa","21":"tag-xiaomi-arena"},"share_on_mastodon":{"url":"https:\/\/pubeurope.com\/@lv\/115696116922140163","error":""},"_links":{"self":[{"href":"https:\/\/www.europesays.com\/lv\/wp-json\/wp\/v2\/posts\/70864","targetHints":{"allow":["GET"]}}],"collection":[{"href":"https:\/\/www.europesays.com\/lv\/wp-json\/wp\/v2\/posts"}],"about":[{"href":"https:\/\/www.europesays.com\/lv\/wp-json\/wp\/v2\/types\/post"}],"author":[{"embeddable":true,"href":"https:\/\/www.europesays.com\/lv\/wp-json\/wp\/v2\/users\/2"}],"replies":[{"embeddable":true,"href":"https:\/\/www.europesays.com\/lv\/wp-json\/wp\/v2\/comments?post=70864"}],"version-history":[{"count":0,"href":"https:\/\/www.europesays.com\/lv\/wp-json\/wp\/v2\/posts\/70864\/revisions"}],"wp:featuredmedia":[{"embeddable":true,"href":"https:\/\/www.europesays.com\/lv\/wp-json\/wp\/v2\/media\/70865"}],"wp:attachment":[{"href":"https:\/\/www.europesays.com\/lv\/wp-json\/wp\/v2\/media?parent=70864"}],"wp:term":[{"taxonomy":"category","embeddable":true,"href":"https:\/\/www.europesays.com\/lv\/wp-json\/wp\/v2\/categories?post=70864"},{"taxonomy":"post_tag","embeddable":true,"href":"https:\/\/www.europesays.com\/lv\/wp-json\/wp\/v2\/tags?post=70864"}],"curies":[{"name":"wp","href":"https:\/\/api.w.org\/{rel}","templated":true}]}}