{"id":70874,"date":"2025-12-10T16:13:29","date_gmt":"2025-12-10T16:13:29","guid":{"rendered":"https:\/\/www.europesays.com\/lv\/70874\/"},"modified":"2025-12-10T16:13:29","modified_gmt":"2025-12-10T16:13:29","slug":"ar-verienu-atklata-tv-personibas-kristines-stakenas-mamindzeja-sis-nav-mans-zanrs","status":"publish","type":"post","link":"https:\/\/www.europesays.com\/lv\/70874\/","title":{"rendered":"Ar v\u0113rienu atkl\u0101ta TV person\u012bbas Krist\u012bnes Stakenas m\u0101mi\u0146dzeja &#8220;\u0160is nav mans \u017eanrs&#8221;"},"content":{"rendered":"<p>9. decembr\u012b \u012bpa\u0161\u0101 gr\u0101matas prezent\u0101cijas pas\u0101kum\u0101 tika izdots TV person\u012bbas Krist\u012bnes Stakenas pirmais <a rel=\"noopener nofollow\" target=\"_blank\" href=\"https:\/\/www.delfi.lv\/temas\/44607456\/dzeja\" tag-id=\"44607456\">dzejas<\/a> kr\u0101jums &#8220;\u0160is nav mans \u017eanrs&#8221;, kas ir m\u016bsdien\u012bgs, atkl\u0101ts un drosm\u012bgs skat\u012bjums uz sievietes transform\u0101ciju par m\u0101ti caur dzeju. Gr\u0101mata atkl\u0101j autentisku pieredzi bez filtriem un idealiz\u0101cijas, \u013caujot gan jaunaj\u0101m m\u0101mi\u0146\u0101m, gan sabiedr\u012bbai ieraudz\u012bt m\u0101tes pieredzi t\u0101s pilnaj\u0101 spektr\u0101.<\/p>\n<p>Impulss dzejas gr\u0101matas tap\u0161an\u0101 autorei Krist\u012bnei Stakenai, kas l\u012bdz \u0161im vair\u0101k zin\u0101ma k\u0101 TV un pas\u0101kumu vad\u012bt\u0101ja, producente, k\u0101 ar\u012b viedok\u013cu l\u012bdere platform\u0101 &#8220;Instagram&#8221;, n\u0101cis no pa\u0161as piedz\u012bvotaj\u0101m p\u0113cdzemd\u012bbu trauksmes un emocion\u0101lo gr\u016bt\u012bbu pieredz\u0113m, ar kur\u0101m sastapusies, k\u013c\u016bstot par mammu.<\/p>\n<p>&#8220;Es dom\u0101ju, ka m\u0101mi\u0146dzeja ir palienin\u0101mais stikls un spogulis jebkurai mammai, kur\u0101 sastapt k\u0101du savu mammas b\u016b\u0161anas aspektu, piedz\u012bvoto, sajusto un v\u0101rdos neiet\u0113rpto. Iesp\u0113ja sajusties, ka neesi viena toreiz vai tagad, at\u013cauja just visu, ko j\u016bti mammas b\u016b\u0161anas ce\u013c\u0101 \u2013 ne tikai gai\u0161o un skaisto, bet ar\u012b gr\u016bto, samud\u017ein\u0101to un to, par ko kauns un ne\u0113rti dal\u012bties pat ar tuv\u0101kajiem,&#8221; st\u0101sta gr\u0101matas autore.<\/p>\n<p>Foto no pas\u0101kuma<\/p>\n<p>P\u0113rkot gr\u0101matu, ikviens las\u012bt\u0101js pal\u012bdz\u0113s sniegt psiholo\u0123isku un praktisku atbalstu jaunaj\u0101m m\u0101mi\u0146\u0101m Latvij\u0101, jo pieci procenti no gr\u0101matas pe\u013c\u0146as tiks ziedoti PEP mammu kust\u012bbai ar m\u0113r\u0137i nodro\u0161in\u0101t vismaz 100 apmaks\u0101tas PEP mammas konsult\u0101cijas Latvijas re\u0123ionos. PEP mammas jeb pirm\u0101s emocion\u0101l\u0101s pal\u012bdz\u012bbas speci\u0101listes sniedz profesion\u0101lu atbalstu \u0123imen\u0113m ar mazu\u013ciem l\u012bdz tr\u012bs gadu vecumam.<\/p>\n<p>&#8220;Man k\u013c\u016b\u0161ana par mammu bija skaist\u0101kais, kas var\u0113ja notikt, ta\u010du vienlaikus t\u0101 bija ar\u012b \u013coti smaga emocion\u0101la pieredze. Man pal\u012bdz\u0113ja draugi, \u0123imene un terapeits. Bet ko dar\u012bt t\u0101m, kur\u0101m nav iesp\u0113ju at\u013cauties emocion\u0101lo pal\u012bdz\u012bbu? \u0160\u012b gr\u0101mata ir mans veids, k\u0101 pal\u012bdz\u0113t nodro\u0161in\u0101t atbalstu mamm\u0101m, kur\u0101m tas patie\u0161\u0101m nepiecie\u0161ams,&#8221; koment\u0113 Krist\u012bne.<\/p>\n<p>Autore uzsver, ka m\u0101mi\u0146dzejas &#8220;\u0160is nav mans \u017eanrs&#8221; kr\u0101jums savu piln\u012bbu ieguva, kad m\u0101ksliniece Gunta Lante piekrita savu m\u0101kslas darbu iek\u013cau\u0161anai gr\u0101mat\u0101. &#8220;Sap\u0146u piepild\u012b\u0161ana var izklaus\u012bties trausla un romantiska, bet to zina tikai tas, kur\u0161 pats k\u0101pis \u0161aj\u0101 kaln\u0101. Katrs, kur\u0161 kaut reizi sasniedzis un p\u0101rvar\u0113jis savu robe\u017el\u012bniju starp &#8220;varu&#8221; un &#8220;nevaru&#8221;, atpaz\u012bs teritoriju, kur &#8220;\u0161is nav mans \u017eanrs&#8221; k\u013c\u016bst par sav\u0113jo,&#8221; st\u0101sta m\u0101ksliniece Gunta Lante. Tr\u012bs vi\u0146as darbi atver katru n\u0101kamo noda\u013cu gr\u0101mat\u0101.<\/p>\n<p>M\u0101mi\u0146dzejas &#8220;\u0160is nav mans \u017eanrs&#8221; vizu\u0101lais t\u0113ls ir nosl\u012bp\u0113ts l\u012bdz s\u012bk\u0101kajai niansei un ieguvis lakoniski izteiksm\u012bgu grafisko valodu. Gr\u0101matas m\u0101ksliniece Hel\u0113na Vernere rad\u012bjusi nians\u0113tu, simboliem piepild\u012btu v\u0101ku, kur dobspied\u0113 ietvertais gr\u0101matas nosaukums un zelt\u0101 izceltais IR rosina las\u012bt\u0101ju p\u0101rdom\u0101m \u2013 vai &#8220;\u0161is ir&#8221;, vai &#8220;nav&#8221; tavs \u017eanrs? V\u0101k\u0101 laika rit\u0113jums caur ned\u0113\u013cas dien\u0101m ir pasl\u0113pts smalk\u0101 burtu rota\u013c\u0101, atverot gr\u0101matas galveno v\u0113st\u012bjumu \u2013 sievietes transform\u0113jo\u0161\u0101s dz\u012bves lomas: mammas, sievas, meitas, m\u0101sas.<\/p>\n<p>Dzejas kr\u0101juma atv\u0113rumos sl\u0113pjas nians\u0113ta kr\u0101su palete, katru noda\u013cu iekr\u0101sojot sav\u0101 ton\u012b, bet simbolu kopums, kas vijas cauri vis\u0101m noda\u013c\u0101m, pie\u0161\u0137ir gr\u0101matai jaunas un dzi\u013c\u0101kas dimensijas, k\u0101 ar\u012b vietu las\u012bt\u0101jas p\u0101rdom\u0101m un, iesp\u0113jams, pat vi\u0146as pirmaj\u0101m dzejas rind\u0101m.<\/p>\n<p>&#8220;\u0160is nav mans \u017eanrs&#8221; redaktore un rakstniece <a rel=\"noopener nofollow\" target=\"_blank\" href=\"https:\/\/www.delfi.lv\/temas\/52514395\/erika-berzina\" tag-id=\"52514395\">\u0112rika B\u0113rzi\u0146a<\/a> uzsver: &#8220;M\u0101mi\u0146dzej\u0101 atkl\u0101jas jaun\u0101s mammas ikdienas realit\u0101te \u2013 bez soci\u0101lo t\u012bklu filtriem un p\u016bdercukura dekoriem. Ta\u010du tas nav nek\u0101ds pasaules gals, bet gan iesp\u0113ja paskat\u012bties uz sevi no malas, padom\u0101t, atcer\u0113ties, izjust, varb\u016bt ar\u012b pasmaid\u012bt, apzinoties, ka ikdiena ar mazu b\u0113rnu ir dz\u012bves posms, kas j\u0101izdz\u012bvo\u2026&#8221;<\/p>\n<p>M\u016bzi\u0137e M\u0101ra Upmane-Hol\u0161teine par kr\u0101jumu saka: &#8220;Patiesa, god\u012bga, br\u012b\u017eiem ne\u0113rta, aspr\u0101t\u012bga dzeja, kas tr\u0101pa \u012bstaj\u0101 viet\u0101, kas v\u0113l nav sadzijusi, un reiz\u0113 \u013cauj uzelpot, ka es \u0161ai laiv\u0101 neesmu viena.&#8221;<\/p>\n<p>Rakstnieks un publicists Rv\u012bns Varde, izlasot &#8220;\u0160is nav mans \u017eanrs&#8221;, secina, ka &#8220;M\u0101mi\u0146a ir loma, cilv\u0113ks ir pakaramais lomu t\u0113rpam.&#8221;<\/p>\n<p>Savuk\u0101rt \u017eurn\u0101la &#8220;Roze&#8221; galven\u0101 redaktore Gundega Roze akcent\u0113: &#8220;Dzejo\u013cu kr\u0101jums &#8220;Nav mans \u017eanrs&#8221; ir absol\u016bts p\u0101rsteigums latvie\u0161u literat\u016br\u0101. Krist\u012bnei ir izdevies ne tikai atrast \u012bstos v\u0101rdus un tos veiksm\u012bgi sarindot dzejas rind\u0101s, bet ar\u012b notvert laikmeta garu, t\u0101d\u0113j\u0101di padarot dzejas valodu \u013coti tuvu un saprotamu.&#8221;<\/p>\n<p>M\u0101mi\u0146dzejas kr\u0101jums, k\u0101 ar\u012b unik\u0101ls d\u0101vanu komplekts, kur ietilpst gr\u0101mata, \u012bpa\u0161a M\u0101mi\u0146dzejas svece, ze\u0137es un kafija, nop\u0113rkams interneta vietn\u0113 <a rel=\"noopener nofollow\" target=\"_blank\" href=\"https:\/\/mamindzeja.lv\" data-rel-date-range=\"[]\">https:\/\/mamindzeja.lv<\/a> \u2013 tur ar\u012b mekl\u0113jama inform\u0101cija par gr\u0101matas fiziskaj\u0101m tirdzniec\u012bbas viet\u0101m (t.sk. &#8220;Manilla&#8221;, &#8220;Mr. Bunny&#8221;, &#8220;HEBE&#8221;, gr\u0101matn\u012bcas &#8220;J\u0101nis Roze&#8221;, &#8220;Zvaigzne&#8221;).<\/p>\n<p class=\"m-0\">Seko &#8220;Delfi&#8221; ar\u012b  <a target=\"_blank\" href=\"https:\/\/www.instagram.com\/delfi.lv\/\" rel=\"nofollow noopener\">Instagram<\/a>  un <a target=\"_blank\" href=\"https:\/\/www.youtube.com\/channel\/UCw5foWtcJvAbUm64rv7jwUQ\" rel=\"nofollow noopener\">YouTube<\/a>  profil\u0101 \u2013 pievienojies, lai uzzin\u0101tu svar\u012bg\u0101ko un interesant\u0101ko pirmais!<\/p>\n<p>Publik\u0101cijas saturs vai t\u0101s jebk\u0101da apjoma da\u013ca ir aizsarg\u0101ts autorties\u012bbu objekts Autorties\u012bbu likuma izpratn\u0113, un t\u0101 izmanto\u0161ana bez izdev\u0113ja at\u013caujas ir aizliegta. Vair\u0101k lasi  <a target=\"_blank\" href=\"https:\/\/www.delfi.lv\/noteikumi#autortiesibas\" rel=\"nofollow noopener\">\u0161eit<\/a><script async src=\"\/\/www.instagram.com\/embed.js\"><\/script><\/p>\n","protected":false},"excerpt":{"rendered":"9. decembr\u012b \u012bpa\u0161\u0101 gr\u0101matas prezent\u0101cijas pas\u0101kum\u0101 tika izdots TV person\u012bbas Krist\u012bnes Stakenas pirmais dzejas kr\u0101jums &#8220;\u0160is nav mans&hellip;\n","protected":false},"author":2,"featured_media":70875,"comment_status":"","ping_status":"","sticky":false,"template":"","format":"standard","meta":{"footnotes":""},"categories":[5],"tags":[23,28,29,2611,18122,32,33,22,9023,30,31,35,39,38,36,37,34,40,20,26,27,24,25,21],"class_list":{"0":"post-70874","1":"post","2":"type-post","3":"status-publish","4":"format-standard","5":"has-post-thumbnail","7":"category-aktualitates","8":"tag-aktualitates","9":"tag-breaking-news","10":"tag-breakingnews","11":"tag-dzeja","12":"tag-erika-berzina","13":"tag-featured-news","14":"tag-featurednews","15":"tag-headlines","16":"tag-jaunakas-gramatas","17":"tag-latest-news","18":"tag-latestnews","19":"tag-latvia","20":"tag-latvian","21":"tag-latviesu","22":"tag-latviesu-valoda","23":"tag-latviesuvaloda","24":"tag-latvija","25":"tag-lv","26":"tag-news","27":"tag-popularakas-zinas","28":"tag-popularakaszinas","29":"tag-top-stories","30":"tag-topstories","31":"tag-zinas"},"share_on_mastodon":{"url":"https:\/\/pubeurope.com\/@lv\/115696160161950247","error":""},"_links":{"self":[{"href":"https:\/\/www.europesays.com\/lv\/wp-json\/wp\/v2\/posts\/70874","targetHints":{"allow":["GET"]}}],"collection":[{"href":"https:\/\/www.europesays.com\/lv\/wp-json\/wp\/v2\/posts"}],"about":[{"href":"https:\/\/www.europesays.com\/lv\/wp-json\/wp\/v2\/types\/post"}],"author":[{"embeddable":true,"href":"https:\/\/www.europesays.com\/lv\/wp-json\/wp\/v2\/users\/2"}],"replies":[{"embeddable":true,"href":"https:\/\/www.europesays.com\/lv\/wp-json\/wp\/v2\/comments?post=70874"}],"version-history":[{"count":0,"href":"https:\/\/www.europesays.com\/lv\/wp-json\/wp\/v2\/posts\/70874\/revisions"}],"wp:featuredmedia":[{"embeddable":true,"href":"https:\/\/www.europesays.com\/lv\/wp-json\/wp\/v2\/media\/70875"}],"wp:attachment":[{"href":"https:\/\/www.europesays.com\/lv\/wp-json\/wp\/v2\/media?parent=70874"}],"wp:term":[{"taxonomy":"category","embeddable":true,"href":"https:\/\/www.europesays.com\/lv\/wp-json\/wp\/v2\/categories?post=70874"},{"taxonomy":"post_tag","embeddable":true,"href":"https:\/\/www.europesays.com\/lv\/wp-json\/wp\/v2\/tags?post=70874"}],"curies":[{"name":"wp","href":"https:\/\/api.w.org\/{rel}","templated":true}]}}