{"id":70885,"date":"2025-12-10T16:36:20","date_gmt":"2025-12-10T16:36:20","guid":{"rendered":"https:\/\/www.europesays.com\/lv\/70885\/"},"modified":"2025-12-10T16:36:20","modified_gmt":"2025-12-10T16:36:20","slug":"tragedija-bkus-berns-zaude-dzivibu","status":"publish","type":"post","link":"https:\/\/www.europesays.com\/lv\/70885\/","title":{"rendered":"Tra\u0123\u0113dija BKUS: B\u0113rns zaud\u0113 dz\u012bv\u012bbu"},"content":{"rendered":"<p class=\"descr\">B\u0113rnu kl\u012bniskaj\u0101 universit\u0101tes slimn\u012bc\u0101 (BKUS), iesp\u0113jams, \u0101rstniec\u012bbas personas vainas d\u0113\u013c dz\u012bv\u012bbu zaud\u0113jis b\u0113rns un Valsts policij\u0101 par notiku\u0161o s\u0101kts krimin\u0101lprocess, \u0161ovakar v\u0113sta Latvijas Telev\u012bzija.<\/p>\n<p>K\u0101 zin\u0101ms Latvijas Telev\u012bzijai, 26. novembr\u012b k\u0101ds onkolo\u0123ijas pacients, kur\u0161 \u0101rst\u0113j\u0101s BKUS, iesp\u0113jams, sa\u0146\u0113ma nepareizus medikamentus. B\u0113rns nomira.<\/p>\n<blockquote><p>B\u0113rnu slimn\u012bcas valdes locekle Zane Straume apstiprin\u0101jusi, ka 26. novembr\u012b ir noticis augsta riska pacientu dro\u0161\u012bbas gad\u012bjums. Slimn\u012bca neatkl\u0101ja ne notiku\u0161\u0101 apst\u0101k\u013cus, ne ar\u012b to, vai konkr\u0113t\u0101 \u0101rstniec\u012bbas persona v\u0113l turpina darbu.<\/p><\/blockquote>\n<p><a href=\"https:\/\/nra.lv\/birka\/bkus\/\" target=\"_blank\" rel=\"noopener nofollow\">B\u0113rnu slimn\u012bca<\/a> ir s\u0101kusi iek\u0161\u0113jo izmekl\u0113\u0161anu, kas, k\u0101 skaidroja valdes locekle, neb\u016bs \u0101tra.<\/p>\n<p>Divas dienas v\u0113l\u0101k, 28. novembr\u012b, slimn\u012bca par notiku\u0161o pazi\u0146oja <a href=\"https:\/\/nra.lv\/birka\/veselibas-inspekcija\/\" target=\"_blank\" rel=\"noopener nofollow\">Vesel\u012bbas inspekcijai<\/a>, kas patlaban nav s\u0101kusi p\u0101rbaudi, jo gaida no vec\u0101kiem iesniegumu.<\/p>\n<p>B\u0113rnu slimn\u012bca par notiku\u0161o zi\u0146oja ar\u012b <a href=\"https:\/\/nra.lv\/birka\/valsts-policija\/\" target=\"_blank\" rel=\"noopener nofollow\">Valsts policijai<\/a>, kas 5. decembr\u012b s\u0101ka krimin\u0101lprocesu p\u0113c Krimin\u0101llikuma 13. noda\u013cas, proti, par noziedz\u012bgiem nodar\u012bjumiem pret personas vesel\u012bbu.<\/p>\n<p>Port\u0101ls &#8220;la.lv&#8221; v\u0113sta, ka miris asto\u0146us gadus vecs pacients. T\u0101 r\u012bc\u012bb\u0101 eso\u0161\u0101 inform\u0101cija liecina, ka, <a href=\"https:\/\/nra.lv\/veseliba\/508785-bkus-tragedija-berna-nave-mediku-kludas-del.htm\" data-item-link=\"true\" data-item-id=\"508785\" rel=\"nofollow noopener\" target=\"_blank\">iesp\u0113jams, k\u0101ds sajaucis medikamentus un n\u0101trija hlor\u012bta viet\u0101 ievad\u012bjis k\u0101lija hlor\u012btu.<\/a><\/p>\n<p>\t\t\t\t\t\tinfo<\/p>\n<p>Uzzini pirmais<br \/>kas interesants noticis Latvij\u0101 un pasaul\u0113,<br \/>pievienojoties mums <a href=\"https:\/\/t.me\/neatkariga\" rel=\"nofollow\">Telegram<\/a> vai <a href=\"https:\/\/whatsapp.com\/channel\/0029VaMLFUH5K3zLU5s4wm3y\" rel=\"nofollow noopener\" target=\"_blank\">Whatsapp<\/a> kan\u0101l\u0101<\/p>\n","protected":false},"excerpt":{"rendered":"B\u0113rnu kl\u012bniskaj\u0101 universit\u0101tes slimn\u012bc\u0101 (BKUS), iesp\u0113jams, \u0101rstniec\u012bbas personas vainas d\u0113\u013c dz\u012bv\u012bbu zaud\u0113jis b\u0113rns un Valsts policij\u0101 par notiku\u0161o&hellip;\n","protected":false},"author":2,"featured_media":70886,"comment_status":"","ping_status":"","sticky":false,"template":"","format":"standard","meta":{"footnotes":""},"categories":[12],"tags":[23,28,29,32,33,22,30,31,35,39,38,36,37,34,40,20,26,27,24,25,21],"class_list":{"0":"post-70885","1":"post","2":"type-post","3":"status-publish","4":"format-standard","5":"has-post-thumbnail","7":"category-latvija","8":"tag-aktualitates","9":"tag-breaking-news","10":"tag-breakingnews","11":"tag-featured-news","12":"tag-featurednews","13":"tag-headlines","14":"tag-latest-news","15":"tag-latestnews","16":"tag-latvia","17":"tag-latvian","18":"tag-latviesu","19":"tag-latviesu-valoda","20":"tag-latviesuvaloda","21":"tag-latvija","22":"tag-lv","23":"tag-news","24":"tag-popularakas-zinas","25":"tag-popularakaszinas","26":"tag-top-stories","27":"tag-topstories","28":"tag-zinas"},"share_on_mastodon":{"url":"https:\/\/pubeurope.com\/@lv\/115696250694348774","error":""},"_links":{"self":[{"href":"https:\/\/www.europesays.com\/lv\/wp-json\/wp\/v2\/posts\/70885","targetHints":{"allow":["GET"]}}],"collection":[{"href":"https:\/\/www.europesays.com\/lv\/wp-json\/wp\/v2\/posts"}],"about":[{"href":"https:\/\/www.europesays.com\/lv\/wp-json\/wp\/v2\/types\/post"}],"author":[{"embeddable":true,"href":"https:\/\/www.europesays.com\/lv\/wp-json\/wp\/v2\/users\/2"}],"replies":[{"embeddable":true,"href":"https:\/\/www.europesays.com\/lv\/wp-json\/wp\/v2\/comments?post=70885"}],"version-history":[{"count":0,"href":"https:\/\/www.europesays.com\/lv\/wp-json\/wp\/v2\/posts\/70885\/revisions"}],"wp:featuredmedia":[{"embeddable":true,"href":"https:\/\/www.europesays.com\/lv\/wp-json\/wp\/v2\/media\/70886"}],"wp:attachment":[{"href":"https:\/\/www.europesays.com\/lv\/wp-json\/wp\/v2\/media?parent=70885"}],"wp:term":[{"taxonomy":"category","embeddable":true,"href":"https:\/\/www.europesays.com\/lv\/wp-json\/wp\/v2\/categories?post=70885"},{"taxonomy":"post_tag","embeddable":true,"href":"https:\/\/www.europesays.com\/lv\/wp-json\/wp\/v2\/tags?post=70885"}],"curies":[{"name":"wp","href":"https:\/\/api.w.org\/{rel}","templated":true}]}}