{"id":70887,"date":"2025-12-10T16:37:08","date_gmt":"2025-12-10T16:37:08","guid":{"rendered":"https:\/\/www.europesays.com\/lv\/70887\/"},"modified":"2025-12-10T16:37:08","modified_gmt":"2025-12-10T16:37:08","slug":"pec-trampa-uzslavas-ungarija-pazino-ka-vairs-nepienems-nevienu-migrantu","status":"publish","type":"post","link":"https:\/\/www.europesays.com\/lv\/70887\/","title":{"rendered":"P\u0113c Trampa uzslavas Ung\u0101rija pazi\u0146o, ka vairs nepie\u0146ems nevienu migrantu"},"content":{"rendered":"<p>&#8220;M\u0113s ne\u012bstenosim migr\u0101cijas paktu,&#8221; sac\u012bja Ung\u0101rijas premjerministra biroja vad\u012bt\u0101js Gergejs Guj\u0101\u0161s. ES &#8220;nav pilnvaru izlemt, ar ko ung\u0101riem b\u016btu j\u0101dz\u012bvo&#8221;, uzsv\u0113ra amatpersona, nor\u0101dot uz 2016. gada referendumu, kur\u0101 v\u0113l\u0113t\u0101ji noraid\u012bja migrantu piespiedu p\u0101rvieto\u0161anu ES. Referendums notika gadu p\u0113c 2015. gada b\u0113g\u013cu kr\u012bzes kulmin\u0101cijas. T\u0101s gait\u0101 Ung\u0101rija uzc\u0113la dzelo\u0146stiep\u013cu \u017eogus gar sav\u0101m robe\u017e\u0101m ar Serbiju un Horv\u0101tiju, lai blo\u0137\u0113tu migr\u0101ciju pa Balk\u0101nu mar\u0161rutu.<\/p>\n","protected":false},"excerpt":{"rendered":"&#8220;M\u0113s ne\u012bstenosim migr\u0101cijas paktu,&#8221; sac\u012bja Ung\u0101rijas premjerministra biroja vad\u012bt\u0101js Gergejs Guj\u0101\u0161s. ES &#8220;nav pilnvaru izlemt, ar ko ung\u0101riem&hellip;\n","protected":false},"author":2,"featured_media":70888,"comment_status":"","ping_status":"","sticky":false,"template":"","format":"standard","meta":{"footnotes":""},"categories":[5],"tags":[23,28,29,32,33,22,30,31,35,39,38,36,37,34,40,20,26,27,24,25,21],"class_list":{"0":"post-70887","1":"post","2":"type-post","3":"status-publish","4":"format-standard","5":"has-post-thumbnail","7":"category-aktualitates","8":"tag-aktualitates","9":"tag-breaking-news","10":"tag-breakingnews","11":"tag-featured-news","12":"tag-featurednews","13":"tag-headlines","14":"tag-latest-news","15":"tag-latestnews","16":"tag-latvia","17":"tag-latvian","18":"tag-latviesu","19":"tag-latviesu-valoda","20":"tag-latviesuvaloda","21":"tag-latvija","22":"tag-lv","23":"tag-news","24":"tag-popularakas-zinas","25":"tag-popularakaszinas","26":"tag-top-stories","27":"tag-topstories","28":"tag-zinas"},"share_on_mastodon":{"url":"https:\/\/pubeurope.com\/@lv\/115696254541652612","error":""},"_links":{"self":[{"href":"https:\/\/www.europesays.com\/lv\/wp-json\/wp\/v2\/posts\/70887","targetHints":{"allow":["GET"]}}],"collection":[{"href":"https:\/\/www.europesays.com\/lv\/wp-json\/wp\/v2\/posts"}],"about":[{"href":"https:\/\/www.europesays.com\/lv\/wp-json\/wp\/v2\/types\/post"}],"author":[{"embeddable":true,"href":"https:\/\/www.europesays.com\/lv\/wp-json\/wp\/v2\/users\/2"}],"replies":[{"embeddable":true,"href":"https:\/\/www.europesays.com\/lv\/wp-json\/wp\/v2\/comments?post=70887"}],"version-history":[{"count":0,"href":"https:\/\/www.europesays.com\/lv\/wp-json\/wp\/v2\/posts\/70887\/revisions"}],"wp:featuredmedia":[{"embeddable":true,"href":"https:\/\/www.europesays.com\/lv\/wp-json\/wp\/v2\/media\/70888"}],"wp:attachment":[{"href":"https:\/\/www.europesays.com\/lv\/wp-json\/wp\/v2\/media?parent=70887"}],"wp:term":[{"taxonomy":"category","embeddable":true,"href":"https:\/\/www.europesays.com\/lv\/wp-json\/wp\/v2\/categories?post=70887"},{"taxonomy":"post_tag","embeddable":true,"href":"https:\/\/www.europesays.com\/lv\/wp-json\/wp\/v2\/tags?post=70887"}],"curies":[{"name":"wp","href":"https:\/\/api.w.org\/{rel}","templated":true}]}}