{"id":70918,"date":"2025-12-10T17:35:09","date_gmt":"2025-12-10T17:35:09","guid":{"rendered":"https:\/\/www.europesays.com\/lv\/70918\/"},"modified":"2025-12-10T17:35:09","modified_gmt":"2025-12-10T17:35:09","slug":"lietuva-nikna-izsaka-protestu-baltkrievijai-par-hibriduzbrukumiem-un-ipasuma-sagrabsanu","status":"publish","type":"post","link":"https:\/\/www.europesays.com\/lv\/70918\/","title":{"rendered":"Lietuva nikna &#8211; izsaka protestu Baltkrievijai par hibr\u012bduzbrukumiem un \u012bpa\u0161uma sagr\u0101b\u0161anu"},"content":{"rendered":"<p>Baltkrievijas v\u0113stniec\u012bbas pilnvarotajam lietvedim nor\u0101d\u012bts, ka Lietuva joproj\u0101m ir gatava konstrukt\u012bvam dialogam, lai atrisin\u0101tu \u0161os jaut\u0101jumus, ta\u010du Baltkrievijas nep\u0101rprotamais atteikums, neraugoties uz t\u0101s pa\u0161as s\u0101kotn\u0113jiem un turpm\u0101kajiem aicin\u0101jumiem, liecina par vienk\u0101r\u0161u nev\u0113l\u0113\u0161anos sadarboties probl\u0113mjaut\u0101jumu risin\u0101\u0161an\u0101 un nep\u0101rprotamu labas gribas tr\u016bkumu.<\/p>\n","protected":false},"excerpt":{"rendered":"Baltkrievijas v\u0113stniec\u012bbas pilnvarotajam lietvedim nor\u0101d\u012bts, ka Lietuva joproj\u0101m ir gatava konstrukt\u012bvam dialogam, lai atrisin\u0101tu \u0161os jaut\u0101jumus, ta\u010du Baltkrievijas&hellip;\n","protected":false},"author":2,"featured_media":70919,"comment_status":"","ping_status":"","sticky":false,"template":"","format":"standard","meta":{"footnotes":""},"categories":[14],"tags":[23,57,28,29,32,33,22,30,31,35,39,38,36,37,34,40,20,26,27,24,25,54,55,56,21,58],"class_list":{"0":"post-70918","1":"post","2":"type-post","3":"status-publish","4":"format-standard","5":"has-post-thumbnail","7":"category-zinas-no-arvalstim","8":"tag-aktualitates","9":"tag-arvalstim","10":"tag-breaking-news","11":"tag-breakingnews","12":"tag-featured-news","13":"tag-featurednews","14":"tag-headlines","15":"tag-latest-news","16":"tag-latestnews","17":"tag-latvia","18":"tag-latvian","19":"tag-latviesu","20":"tag-latviesu-valoda","21":"tag-latviesuvaloda","22":"tag-latvija","23":"tag-lv","24":"tag-news","25":"tag-popularakas-zinas","26":"tag-popularakaszinas","27":"tag-top-stories","28":"tag-topstories","29":"tag-world","30":"tag-world-news","31":"tag-worldnews","32":"tag-zinas","33":"tag-zinas-no-arvalstim"},"share_on_mastodon":{"url":"https:\/\/pubeurope.com\/@lv\/115696482579684077","error":""},"_links":{"self":[{"href":"https:\/\/www.europesays.com\/lv\/wp-json\/wp\/v2\/posts\/70918","targetHints":{"allow":["GET"]}}],"collection":[{"href":"https:\/\/www.europesays.com\/lv\/wp-json\/wp\/v2\/posts"}],"about":[{"href":"https:\/\/www.europesays.com\/lv\/wp-json\/wp\/v2\/types\/post"}],"author":[{"embeddable":true,"href":"https:\/\/www.europesays.com\/lv\/wp-json\/wp\/v2\/users\/2"}],"replies":[{"embeddable":true,"href":"https:\/\/www.europesays.com\/lv\/wp-json\/wp\/v2\/comments?post=70918"}],"version-history":[{"count":0,"href":"https:\/\/www.europesays.com\/lv\/wp-json\/wp\/v2\/posts\/70918\/revisions"}],"wp:featuredmedia":[{"embeddable":true,"href":"https:\/\/www.europesays.com\/lv\/wp-json\/wp\/v2\/media\/70919"}],"wp:attachment":[{"href":"https:\/\/www.europesays.com\/lv\/wp-json\/wp\/v2\/media?parent=70918"}],"wp:term":[{"taxonomy":"category","embeddable":true,"href":"https:\/\/www.europesays.com\/lv\/wp-json\/wp\/v2\/categories?post=70918"},{"taxonomy":"post_tag","embeddable":true,"href":"https:\/\/www.europesays.com\/lv\/wp-json\/wp\/v2\/tags?post=70918"}],"curies":[{"name":"wp","href":"https:\/\/api.w.org\/{rel}","templated":true}]}}