{"id":70952,"date":"2025-12-10T18:21:22","date_gmt":"2025-12-10T18:21:22","guid":{"rendered":"https:\/\/www.europesays.com\/lv\/70952\/"},"modified":"2025-12-10T18:21:22","modified_gmt":"2025-12-10T18:21:22","slug":"luk-kas-mainas-gimenem-ar-berniem-lidz-20-gadu-vecumam","status":"publish","type":"post","link":"https:\/\/www.europesays.com\/lv\/70952\/","title":{"rendered":"l\u016bk, kas main\u0101s \u0123imen\u0113m ar b\u0113rniem l\u012bdz 20 gadu vecumam"},"content":{"rendered":"<p>        <img loading=\"lazy\" decoding=\"async\" class=\"lazy lazy-hidden size-full wp-image-226935\" src=\"data:image\/gif;base64,R0lGODlhAQABAIAAAAAAAP\/\/\/yH5BAEAAAAALAAAAAABAAEAAAIBRAA7\" data-lazy-type=\"image\" data-lazy-src=\"https:\/\/www.europesays.com\/lv\/wp-content\/uploads\/2025\/12\/Ekranuznemums-2025-12-02-141215.jpg\" alt=\"\" width=\"818\" height=\"505\" data-lazy- data-lazy-\/>Foto \u2013 ekr\u0101nuz\u0146\u0113mums<\/p>\n<p>No n\u0101kam\u0101 gada main\u012bsies valsts soci\u0101lo pabalstu apjoms, nosaka 2025.gada 3.decembr\u012b pie\u0146emtie likumu groz\u012bjumi. <\/p>\n<p>Groz\u012bjumi Valsts soci\u0101lo pabalstu likum\u0101 paredz, ka turpm\u0101k b\u0113rna pabalstu izmaks\u0101s l\u012bdz b\u0113rna pusotra gada vecumam, l\u012bdz\u0161in\u0113jo 2 gadu vecuma viet\u0101, kas da\u017eiem var\u0113tu rad\u012bt neizpratni. Tom\u0113r par b\u0113rniem, kas dzimu\u0161i l\u012bdz 2026. gada 2. novembrim, pabalstu turpin\u0101s maks\u0101t l\u012bdz b\u0113rna 2 gadu vecumam. Tom\u0113r, ir ar\u012b labas zi\u0146as.<\/p>\n<p>T\u0101pat izmai\u0146as skars \u0123imenes valsts pabalstu par b\u0113rniem, kuri m\u0101c\u0101s, jo pabalstu vecum\u0101 no 16 l\u012bdz 20 gadiem var\u0113s sa\u0146emt ar\u012b, ja b\u0113rns pilna laika kl\u0101tien\u0113 m\u0101c\u0101s koled\u017e\u0101 vai augstskol\u0101 un nav st\u0101jies laul\u012bb\u0101. Tas noz\u012bm\u0113, ka \u0123imenes ar jaunie\u0161iem universit\u0101t\u0113s vai koled\u017e\u0101s turpin\u0101s sa\u0146emt pabalstu l\u012bdz atvases 20 gadu vecumam, kam\u0113r l\u012bdz \u0161im tas tika maks\u0101ts tikai par vidusskolas vai profesion\u0101l\u0101s skolas audz\u0113k\u0146iem.<\/p>\n<p><a href=\"https:\/\/dzentlmenis.lv\/kura-kaku-skirne-jums-ir-piemerota-pamatojoties-uz-jusu-dzimsanas-datumu-ko-saka-numerologi\/229008\/\" rel=\"nofollow noopener\" target=\"_blank\"><img class=\"lazy lazy-hidden\" decoding=\"async\" src=\"data:image\/gif;base64,R0lGODlhAQABAIAAAAAAAP\/\/\/yH5BAEAAAAALAAAAAABAAEAAAIBRAA7\" data-lazy-type=\"image\" data-lazy-src=\"https:\/\/www.europesays.com\/lv\/wp-content\/uploads\/2025\/12\/cat-3894826_1280.jpg\" data-lazy- alt=\"Kura ka\u0137u \u0161\u0137irne jums ir piem\u0113rota, pamatojoties uz j\u016bsu dzim\u0161anas datumu; ko saka numerologi\"\/><\/a>\u0160obr\u012bd citi lasa<a class=\"monsterinsights-inline-popular-posts-title\" href=\"https:\/\/dzentlmenis.lv\/kura-kaku-skirne-jums-ir-piemerota-pamatojoties-uz-jusu-dzimsanas-datumu-ko-saka-numerologi\/229008\/\" rel=\"nofollow noopener\" target=\"_blank\">Kura ka\u0137u \u0161\u0137irne jums ir piem\u0113rota, pamatojoties uz j\u016bsu dzim\u0161anas datumu; ko saka numerologi<\/a><\/p>\n<p>No 2026. gada palielin\u0101sies ar\u012b vienreiz\u0113jais b\u0113rna piedzim\u0161anas pabalsts no 421,17 eiro l\u012bdz 600 eiro, k\u0101 ar\u012b valsts pabalsts aizbild\u0146iem par b\u0113rna uztur\u0113\u0161anu \u2013 par b\u0113rnu l\u012bdz 7 gadiem tas b\u016bs 390 eiro m\u0113nes\u012b l\u012bdz\u0161in\u0113jo 215 eiro viet\u0101, bet par b\u0113rnu no 7 l\u012bdz 18 gadiem \u2013 468 eiro m\u0113nes\u012b l\u012bdz\u0161in\u0113jo 258 eiro viet\u0101.<\/p>\n<p>\n&#13;<br \/>\n&#13;<br \/>\n&#13;<br \/>\n&#13;<br \/>\nVIDEO: &#13;<br \/>\n &#13;<\/p>\n<p><img loading=\"lazy\" decoding=\"async\" class=\"lazy lazy-hidden size-full wp-image-196382\" src=\"data:image\/gif;base64,R0lGODlhAQABAIAAAAAAAP\/\/\/yH5BAEAAAAALAAAAAABAAEAAAIBRAA7\" data-lazy-type=\"image\" data-lazy-src=\"https:\/\/www.europesays.com\/lv\/wp-content\/uploads\/2025\/12\/banknotes-7850299_1280.jpg\" alt=\"\" width=\"818\" height=\"544\" data-lazy- data-lazy-\/>Foto \u2013 Pixabay<\/p>\n<p>Atl\u012bdz\u012bba par adopt\u0113jam\u0101 b\u0113rna apr\u016bpi pl\u0101nota 1041 eiro m\u0113nes\u012b, kas veido 70% no valst\u012b vid\u0113j\u0101s soci\u0101l\u0101s apdro\u0161in\u0101\u0161anas iemaksu algas, bet ja atl\u012bdz\u012bba jau b\u016bs pie\u0161\u0137irta 2025. gad\u0101 un turpin\u0101sies ar\u012b n\u0101kamgad, t\u0101s apm\u0113rs b\u016bs l\u012bdz 956 eiro m\u0113nes\u012b, l\u012bdz \u0161im minim\u0101lais apm\u0113rs bija 171 eiro.<\/p>\n<p>Ar\u012b atl\u012bdz\u012bba par aizbild\u0146a pien\u0101kumu veik\u0161anu palielin\u0101sies l\u012bdz 298 eiro m\u0113nes\u012b l\u012bdz\u0161in\u0113jo 54,07 eiro viet\u0101, un nestr\u0101d\u0101jo\u0161iem aizbild\u0146iem no valsts pamatbud\u017eeta tiks veiktas oblig\u0101t\u0101s iemaksas pensijas, bezdarba un invalidit\u0101tes apdro\u0161in\u0101\u0161anai.<\/p>\n<p><a href=\"https:\/\/dzentlmenis.lv\/vienkarss-viramates-tests-ka-pareizi-noteikt-sals-daudzumu-skabetiem-kapostiem-bez-merkarotem\/228890\/\" rel=\"nofollow noopener\" target=\"_blank\"><img class=\"lazy lazy-hidden\" decoding=\"async\" src=\"data:image\/gif;base64,R0lGODlhAQABAIAAAAAAAP\/\/\/yH5BAEAAAAALAAAAAABAAEAAAIBRAA7\" data-lazy-type=\"image\" data-lazy-src=\"https:\/\/www.europesays.com\/lv\/wp-content\/uploads\/2025\/12\/kaposti.jpg\" data-lazy- alt=\"Vienk\u0101r\u0161s v\u012bram\u0101tes tests, k\u0101 pareizi noteikt s\u0101ls daudzumu sk\u0101b\u0113tiem k\u0101postiem (bez m\u0113rkarot\u0113m)\"\/><\/a>\u0160obr\u012bd citi lasa<a class=\"monsterinsights-inline-popular-posts-title\" href=\"https:\/\/dzentlmenis.lv\/vienkarss-viramates-tests-ka-pareizi-noteikt-sals-daudzumu-skabetiem-kapostiem-bez-merkarotem\/228890\/\" rel=\"nofollow noopener\" target=\"_blank\">Vienk\u0101r\u0161s v\u012bram\u0101tes tests, k\u0101 pareizi noteikt s\u0101ls daudzumu sk\u0101b\u0113tiem k\u0101postiem (bez m\u0113rkarot\u0113m)<\/a><br \/>\nLasi v\u0113l:\u00a0<a style=\"color: #ff0000;\" href=\"https:\/\/dzentlmenis.lv\/rihards-atnesa-majas-uz-ielas-atrastu-kaki-pec-dazam-nedelam-sakas-miklaini-notikumi\/229194\/\" target=\"_blank\" rel=\"noopener nofollow\">Rihards atnesa m\u0101j\u0101s uz ielas atrastu ka\u0137i: p\u0113c da\u017e\u0101m ned\u0113\u013c\u0101m s\u0101k\u0101s m\u012bklaini notikumi<\/a><\/p>\n<p>Adopcijas pabalsti ar\u012b tiks paaugstin\u0101ti: par b\u0113rnu l\u012bdz 7 gadiem tie b\u016bs 195 eiro m\u0113nes\u012b l\u012bdz\u0161in\u0113jo 107,5 eiro viet\u0101, bet par b\u0113rnu no 7 l\u012bdz 18 gadiem \u2013 234 eiro m\u0113nes\u012b l\u012bdz\u0161in\u0113jo 129 eiro viet\u0101, savuk\u0101rt vienreiz\u0113j\u0101 atl\u012bdz\u012bba par b\u0113rna adopciju palielin\u0101sies no 1422,87 eiro l\u012bdz 2433 eiro.<\/p>\n<p><img loading=\"lazy\" decoding=\"async\" class=\"lazy lazy-hidden alignnone size-full wp-image-161924\" src=\"data:image\/gif;base64,R0lGODlhAQABAIAAAAAAAP\/\/\/yH5BAEAAAAALAAAAAABAAEAAAIBRAA7\" data-lazy-type=\"image\" data-lazy-src=\"https:\/\/www.europesays.com\/lv\/wp-content\/uploads\/2025\/12\/jaunaisgads-1-1.jpg\" alt=\"\" width=\"818\" height=\"460\" data-lazy- data-lazy-\/><\/p>\n<p>Jau piemin\u0113to valsts soci\u0101lo pabalstu, ko l\u012bdz \u0161im izmaks\u0101ja l\u012bdz b\u0113rna 2 gadu vecumam, bet tagad maks\u0101s l\u012bdz pusotra gada vecumam, pl\u0101nots palielin\u0101t \u2013 l\u012bdz \u0161im tas bija 171 eiro m\u0113nes\u012b, bet tagad summa m\u0113nes\u012b b\u016bs 298 eiro.<\/p>\n<p>Visi \u0161ie groz\u012bjumi saist\u012bti ar 2026. gada valsts bud\u017eetu un turpm\u0101ko 3 gadu bud\u017eeta ietvaru. Visas un izmai\u0146as pabalstos st\u0101sies sp\u0113k\u0101 2026. gada 1. janv\u0101r\u012b.<\/p>\n","protected":false},"excerpt":{"rendered":"Foto \u2013 ekr\u0101nuz\u0146\u0113mums No n\u0101kam\u0101 gada main\u012bsies valsts soci\u0101lo pabalstu apjoms, nosaka 2025.gada 3.decembr\u012b pie\u0146emtie likumu groz\u012bjumi. Groz\u012bjumi&hellip;\n","protected":false},"author":2,"featured_media":70953,"comment_status":"","ping_status":"","sticky":false,"template":"","format":"standard","meta":{"footnotes":""},"categories":[5],"tags":[23,28,29,32,33,22,6659,30,31,35,39,38,36,37,34,40,20,26,27,18144,24,25,21],"class_list":{"0":"post-70952","1":"post","2":"type-post","3":"status-publish","4":"format-standard","5":"has-post-thumbnail","7":"category-aktualitates","8":"tag-aktualitates","9":"tag-breaking-news","10":"tag-breakingnews","11":"tag-featured-news","12":"tag-featurednews","13":"tag-headlines","14":"tag-jauns-likums","15":"tag-latest-news","16":"tag-latestnews","17":"tag-latvia","18":"tag-latvian","19":"tag-latviesu","20":"tag-latviesu-valoda","21":"tag-latviesuvaloda","22":"tag-latvija","23":"tag-lv","24":"tag-news","25":"tag-popularakas-zinas","26":"tag-popularakaszinas","27":"tag-socialais-pabalsts","28":"tag-top-stories","29":"tag-topstories","30":"tag-zinas"},"share_on_mastodon":{"url":"https:\/\/pubeurope.com\/@lv\/115696663460917478","error":""},"_links":{"self":[{"href":"https:\/\/www.europesays.com\/lv\/wp-json\/wp\/v2\/posts\/70952","targetHints":{"allow":["GET"]}}],"collection":[{"href":"https:\/\/www.europesays.com\/lv\/wp-json\/wp\/v2\/posts"}],"about":[{"href":"https:\/\/www.europesays.com\/lv\/wp-json\/wp\/v2\/types\/post"}],"author":[{"embeddable":true,"href":"https:\/\/www.europesays.com\/lv\/wp-json\/wp\/v2\/users\/2"}],"replies":[{"embeddable":true,"href":"https:\/\/www.europesays.com\/lv\/wp-json\/wp\/v2\/comments?post=70952"}],"version-history":[{"count":0,"href":"https:\/\/www.europesays.com\/lv\/wp-json\/wp\/v2\/posts\/70952\/revisions"}],"wp:featuredmedia":[{"embeddable":true,"href":"https:\/\/www.europesays.com\/lv\/wp-json\/wp\/v2\/media\/70953"}],"wp:attachment":[{"href":"https:\/\/www.europesays.com\/lv\/wp-json\/wp\/v2\/media?parent=70952"}],"wp:term":[{"taxonomy":"category","embeddable":true,"href":"https:\/\/www.europesays.com\/lv\/wp-json\/wp\/v2\/categories?post=70952"},{"taxonomy":"post_tag","embeddable":true,"href":"https:\/\/www.europesays.com\/lv\/wp-json\/wp\/v2\/tags?post=70952"}],"curies":[{"name":"wp","href":"https:\/\/api.w.org\/{rel}","templated":true}]}}