{"id":70954,"date":"2025-12-10T18:25:09","date_gmt":"2025-12-10T18:25:09","guid":{"rendered":"https:\/\/www.europesays.com\/lv\/70954\/"},"modified":"2025-12-10T18:25:09","modified_gmt":"2025-12-10T18:25:09","slug":"makrons-starmers-un-mercs-runajusi-ar-trampu-par-ukrainu-tvnet","status":"publish","type":"post","link":"https:\/\/www.europesays.com\/lv\/70954\/","title":{"rendered":"Makrons, St\u0101rmers un Mercs run\u0101ju\u0161i ar Trampu par Ukrainu &#8211; TVNET"},"content":{"rendered":"<ol>\n<li><a href=\"https:\/\/news.google.com\/rss\/articles\/CBMijgFBVV95cUxONnFRRlBIMVNiR3pmMXhjYVQzTmZDYnlpZjB4ZmtjUkI1UFRiVmljc1RJMHpfQlQ5Ti1LUUEzV19xTTJreWlXTTVMZ1VlVlo5TWp5bHUwb01PR0RhcnZyNlpjMmUycklPbm4tc0FWZGwwakpHc0tSS3JPY1pCcHA0OFg4YkpfZ2h1T1UwQXp3?oc=5\" target=\"_blank\" rel=\"nofollow noopener\">Makrons, St\u0101rmers un Mercs run\u0101ju\u0161i ar Trampu par Ukrainu<\/a>&nbsp;&nbsp;TVNET<\/li>\n<li><a href=\"https:\/\/news.google.com\/rss\/articles\/CBMiuAFBVV95cUxPX0ZncDRKRG9NUzFqdjkwZE5UbXdrUktGZUtPWkwxOWpWNnhwTWkyQ3d0MGFiLVFtSUVnSzVXTDEzeWpGZHQwTnNMSDhCRXhNRFl1U2FheU5INUlKMTVrRXhTT3M3WHp2NGcxSWhJdU56Nm4tVVZJUDFPUzBFazlIX1ZMTFdMdE9JeHl0aDRGdWZoaFVJV0FKWWxWUXJBaWFsLTk3RkZxaHZGS0wyZXpxWkVOam9FYVVE?oc=5\" target=\"_blank\" rel=\"nofollow noopener\">Zelenskis sa\u0146\u0113mis atbalstu no Eiropas lielvalstu l\u012bderiem \/ Raksts<\/a>&nbsp;&nbsp;LSM<\/li>\n<li><a href=\"https:\/\/news.google.com\/rss\/articles\/CBMi6gFBVV95cUxORnA0MUt1a24zLXNvOGdHbHRsYl90dzQ2UEJyaHloS19xUThWN1hWZk14Zk10SW9zcEtZQUNxQS1wQlBBTEwwWEUyZkZRNTlna1RCUFUtOWNTUThzcEdkN3RyczRfZHJTTFRVZVdaV0dCSTJrYVFRaFFCemJDYXhWbVh6SEFtc3FWVEJ5X1JTS3M5S19ZbGpkaUd2WWRKelZFby0tWWNyN1lzdGVWdV9WemhSbmcweWRPWDB1azVmeWZ6U2JaQk1CTkYzZVIwUHgtTUt4Y1h6a0E1RUFKd0g1b0hGOVFyanFSS2c?oc=5\" target=\"_blank\" rel=\"nofollow noopener\">Diplom\u0101ts ka\u0137is Lerijs satiekas ar Zelenski; kl\u0101t ir ar\u012b Lielbrit\u0101nijas premjerministrs K\u012brs St\u0101rmers<\/a>&nbsp;&nbsp;Delfi<\/li>\n<li><a href=\"https:\/\/news.google.com\/rss\/articles\/CBMisAFBVV95cUxNaTdwNy1BTTFzRnQ3cWpINUpZWDkwWEE1MVBQNFNSSzJOVkxkaVZtaWprS2tVTzRTMVRtVEh6MDhWY3ZVYy11NG5pLUVlazVSbTYtcFJ4NDFJbFZLWnJfNmdqQWp0dWh6QmliWDl4UTBDUW5QeERneW1XYU1QS21oR0JDZTVKbUJhTW9HNktZTEZvRnlObGlMRGI1UzZOcGxreVo0Rjg2QlRjNHhrNUpnTw?oc=5\" target=\"_blank\" rel=\"nofollow noopener\">Vai ASV nodos Ukrainu? Ivars Ijabs pau\u017e, ka p\u0113d\u0113j\u0101 laik\u0101 ir aizdom\u012bgi daudz inform\u0101ciju nopl\u016b\u017eu\u2026<\/a>&nbsp;&nbsp;LA.LV<\/li>\n<li><a href=\"https:\/\/news.google.com\/rss\/articles\/CBMiwgFBVV95cUxQLUU4ejVURGJ3b05ldERqSENHeWtVZG1ydFpMMFNHMGVYXzY1VkdVSF9ERklFZkNhcjZTX1YyYUVxLTVmX3VXVFo4aDRQemFUM2VnRjBwQlkyQjdEWWNCSjNrSDhqM0lKU3VXN2RQRkpiRkVBMmE5VEpMQXZkSmJXSGFCN01VV1plZFZvSVpQUGM3d1ljYURQN0FFMThFSlJFWmJ1MnVpYnFOVnZna2JqWnhnTlZ0eWxteVpydy15R3NoZw?oc=5\" target=\"_blank\" rel=\"nofollow noopener\">Ukrainas sabiedrotie Eirop\u0101 pau\u017e skepsi par ASV miera pl\u0101nu un nost\u0101jas Zelenska pus\u0113<\/a>&nbsp;&nbsp;Jauns.lv<\/li>\n<\/ol>\n","protected":false},"excerpt":{"rendered":"Makrons, St\u0101rmers un Mercs run\u0101ju\u0161i ar Trampu par Ukrainu&nbsp;&nbsp;TVNET Zelenskis sa\u0146\u0113mis atbalstu no Eiropas lielvalstu l\u012bderiem \/ Raksts&nbsp;&nbsp;LSM&hellip;\n","protected":false},"author":2,"featured_media":70955,"comment_status":"","ping_status":"","sticky":false,"template":"","format":"standard","meta":{"footnotes":""},"categories":[14],"tags":[23,57,28,29,1310,32,33,5154,22,5677,74,30,31,35,39,38,36,37,34,40,20,26,27,24,25,276,54,55,56,21,58],"class_list":{"0":"post-70954","1":"post","2":"type-post","3":"status-publish","4":"format-standard","5":"has-post-thumbnail","7":"category-zinas-no-arvalstim","8":"tag-aktualitates","9":"tag-arvalstim","10":"tag-breaking-news","11":"tag-breakingnews","12":"tag-emanuels-makrons","13":"tag-featured-news","14":"tag-featurednews","15":"tag-fridrihs-mercs","16":"tag-headlines","17":"tag-kirs-starmers","18":"tag-krievijas-iebrukums-ukraina","19":"tag-latest-news","20":"tag-latestnews","21":"tag-latvia","22":"tag-latvian","23":"tag-latviesu","24":"tag-latviesu-valoda","25":"tag-latviesuvaloda","26":"tag-latvija","27":"tag-lv","28":"tag-news","29":"tag-popularakas-zinas","30":"tag-popularakaszinas","31":"tag-top-stories","32":"tag-topstories","33":"tag-ukraina","34":"tag-world","35":"tag-world-news","36":"tag-worldnews","37":"tag-zinas","38":"tag-zinas-no-arvalstim"},"share_on_mastodon":{"url":"https:\/\/pubeurope.com\/@lv\/115696679107714896","error":""},"_links":{"self":[{"href":"https:\/\/www.europesays.com\/lv\/wp-json\/wp\/v2\/posts\/70954","targetHints":{"allow":["GET"]}}],"collection":[{"href":"https:\/\/www.europesays.com\/lv\/wp-json\/wp\/v2\/posts"}],"about":[{"href":"https:\/\/www.europesays.com\/lv\/wp-json\/wp\/v2\/types\/post"}],"author":[{"embeddable":true,"href":"https:\/\/www.europesays.com\/lv\/wp-json\/wp\/v2\/users\/2"}],"replies":[{"embeddable":true,"href":"https:\/\/www.europesays.com\/lv\/wp-json\/wp\/v2\/comments?post=70954"}],"version-history":[{"count":0,"href":"https:\/\/www.europesays.com\/lv\/wp-json\/wp\/v2\/posts\/70954\/revisions"}],"wp:featuredmedia":[{"embeddable":true,"href":"https:\/\/www.europesays.com\/lv\/wp-json\/wp\/v2\/media\/70955"}],"wp:attachment":[{"href":"https:\/\/www.europesays.com\/lv\/wp-json\/wp\/v2\/media?parent=70954"}],"wp:term":[{"taxonomy":"category","embeddable":true,"href":"https:\/\/www.europesays.com\/lv\/wp-json\/wp\/v2\/categories?post=70954"},{"taxonomy":"post_tag","embeddable":true,"href":"https:\/\/www.europesays.com\/lv\/wp-json\/wp\/v2\/tags?post=70954"}],"curies":[{"name":"wp","href":"https:\/\/api.w.org\/{rel}","templated":true}]}}