{"id":70956,"date":"2025-12-10T18:27:05","date_gmt":"2025-12-10T18:27:05","guid":{"rendered":"https:\/\/www.europesays.com\/lv\/70956\/"},"modified":"2025-12-10T18:27:05","modified_gmt":"2025-12-10T18:27:05","slug":"asv-senators-kritize-trampa-miera-planu-un-aicina-nomainit-vitkofu-un-kusneru-jauns-lv","status":"publish","type":"post","link":"https:\/\/www.europesays.com\/lv\/70956\/","title":{"rendered":"ASV senators kritiz\u0113 Trampa &quot;miera pl\u0101nu&quot; un aicina nomain\u012bt Vitkofu un Ku\u0161neru &#8211; Jauns.lv"},"content":{"rendered":"<ol>\n<li><a href=\"https:\/\/news.google.com\/rss\/articles\/CBMitwFBVV95cUxNaFluYjBtZVZVaExsQWp1OU1KUGt2OGM4NVB6alZ3YnpScWZvQk14bEttYjlyMEFyR2txdGdYTmhxaFJKb1FVMVFBbVU4VVB2WXQyY1JnSXFjanlLRHVlNi0zc1Q5dmtiNDA2eVZqdW1iNC1HWEJDbE1fdENjN3dUU3JfeXM1dWRoVk9XeUVRVzFRVUxTR1B5WFlTSlcybVlKMDhtdTNabE1JcmpnNUEyeGxJQURTSXM?oc=5\" target=\"_blank\" rel=\"nofollow noopener\">ASV senators kritiz\u0113 Trampa &#8220;miera pl\u0101nu&#8221; un aicina nomain\u012bt Vitkofu un Ku\u0161neru<\/a>&nbsp;&nbsp;Jauns.lv<\/li>\n<li><a href=\"https:\/\/news.google.com\/rss\/articles\/CBMixgFBVV95cUxOd1dYNVZHT0JmcmZ1S3VIVWNSVVV0NExSaVdrOVl1cW16NGw5TV9rZVlOUVdIVlRfSzNIUmFDc25xN3c2RDU4RUpHcjU3SzZWSVo3X241UWxVMk4xLWxka2U2UkZ5VzJyeEdjLVBIMElSQU5VbFdrRm9wQzAwcXRJSmF4Q3NaaXdHWlFHRmxibGFoQ1BLSkpyUkx5S09yTVZQNG9xcTFjb1pmbi1lVlhzUjJIQ1daNks1Sl9TQnNfWUpDT2ZFMVE?oc=5\" target=\"_blank\" rel=\"nofollow noopener\">ASV prezidents Tramps: Krievijas kar\u0161 pret Ukrainu ir liela probl\u0113ma \/ Raksts<\/a>&nbsp;&nbsp;LSM<\/li>\n<li><a href=\"https:\/\/news.google.com\/rss\/articles\/CBMioAFBVV95cUxQVEEtTGhuMGlTRktwMTc4YUlKMVFQT2JZNjA3NUVuQXNoa2VWcDhiczFXSXQwb1AySXBuOFFEMW5vbUhrX1RqVmdoZWtfWGxiaTNFUVI5RmdiZ3JiRXZDODZBVmpRWXg0MHFQWVVsR3BhaE5kU0tMdTNoaE41Z0dfbmFOTjdZT1E5c2xDWnY5TE9lOXc3OWc4U0hHeW5qMlU2?oc=5\" target=\"_blank\" rel=\"nofollow noopener\">Trampa izteikumi par Ukrainu atbilst Krievijas nost\u0101jai, pazi\u0146o Kremlis<\/a>&nbsp;&nbsp;TVNET<\/li>\n<li><a href=\"https:\/\/news.google.com\/rss\/articles\/CBMihgFBVV95cUxQR0s2MXVHcjZwSUMyWVBFckFreHlVbGItYmYtLWRoT3p1X3VHUTV4Y0NSY2pVZjRMM2ZYeURIMjZzWklUam5INzgzeWRacmJ6QXNhNE1Bbjc4OERVNTBqeDV1SGk1Yk5QUENhdnhQeklJTkdIZEZHem9pc2JwbHRaOHlubmh1UQ?oc=5\" target=\"_blank\" rel=\"nofollow noopener\">Zelenskis: Beidzam darbu pie ASV pl\u0101na 20 punktiem<\/a>&nbsp;&nbsp;Apollo.lv<\/li>\n<li><a href=\"https:\/\/news.google.com\/rss\/articles\/CBMimAFBVV95cUxQVXQ0TE1DeXNlVml3SnY4bGFtaUJhZFpFYXBieTBCY1JvMnQ1MXFZZm1EekhKWDM5Sjh6UG00UDBDZUI0VF9HZVVaTGlxSU9jUUMteVhMVVBIZW4tSHUxQnNEQ1VRUFFMV3NtZEQ0aE91Y2pNX2t5Uno3aVJHUm1Lay1jMVdsaE12WGJmeU1OUldZVlJaWTJMOQ?oc=5\" target=\"_blank\" rel=\"nofollow noopener\">Tramps k\u013c\u016bst patiesi nervozs: Ziniet, k\u0101d\u0101 br\u012bd\u012b izm\u0113rs parasti g\u016bst virsroku!<\/a>&nbsp;&nbsp;LA.LV<\/li>\n<\/ol>\n","protected":false},"excerpt":{"rendered":"ASV senators kritiz\u0113 Trampa &#8220;miera pl\u0101nu&#8221; un aicina nomain\u012bt Vitkofu un Ku\u0161neru&nbsp;&nbsp;Jauns.lv ASV prezidents Tramps: Krievijas kar\u0161 pret&hellip;\n","protected":false},"author":2,"featured_media":63737,"comment_status":"","ping_status":"","sticky":false,"template":"","format":"standard","meta":{"footnotes":""},"categories":[5],"tags":[23,28,29,32,33,22,30,31,35,39,38,36,37,34,40,20,26,27,24,25,21],"class_list":{"0":"post-70956","1":"post","2":"type-post","3":"status-publish","4":"format-standard","5":"has-post-thumbnail","7":"category-aktualitates","8":"tag-aktualitates","9":"tag-breaking-news","10":"tag-breakingnews","11":"tag-featured-news","12":"tag-featurednews","13":"tag-headlines","14":"tag-latest-news","15":"tag-latestnews","16":"tag-latvia","17":"tag-latvian","18":"tag-latviesu","19":"tag-latviesu-valoda","20":"tag-latviesuvaloda","21":"tag-latvija","22":"tag-lv","23":"tag-news","24":"tag-popularakas-zinas","25":"tag-popularakaszinas","26":"tag-top-stories","27":"tag-topstories","28":"tag-zinas"},"share_on_mastodon":{"url":"https:\/\/pubeurope.com\/@lv\/115696687092489969","error":""},"_links":{"self":[{"href":"https:\/\/www.europesays.com\/lv\/wp-json\/wp\/v2\/posts\/70956","targetHints":{"allow":["GET"]}}],"collection":[{"href":"https:\/\/www.europesays.com\/lv\/wp-json\/wp\/v2\/posts"}],"about":[{"href":"https:\/\/www.europesays.com\/lv\/wp-json\/wp\/v2\/types\/post"}],"author":[{"embeddable":true,"href":"https:\/\/www.europesays.com\/lv\/wp-json\/wp\/v2\/users\/2"}],"replies":[{"embeddable":true,"href":"https:\/\/www.europesays.com\/lv\/wp-json\/wp\/v2\/comments?post=70956"}],"version-history":[{"count":0,"href":"https:\/\/www.europesays.com\/lv\/wp-json\/wp\/v2\/posts\/70956\/revisions"}],"wp:featuredmedia":[{"embeddable":true,"href":"https:\/\/www.europesays.com\/lv\/wp-json\/wp\/v2\/media\/63737"}],"wp:attachment":[{"href":"https:\/\/www.europesays.com\/lv\/wp-json\/wp\/v2\/media?parent=70956"}],"wp:term":[{"taxonomy":"category","embeddable":true,"href":"https:\/\/www.europesays.com\/lv\/wp-json\/wp\/v2\/categories?post=70956"},{"taxonomy":"post_tag","embeddable":true,"href":"https:\/\/www.europesays.com\/lv\/wp-json\/wp\/v2\/tags?post=70956"}],"curies":[{"name":"wp","href":"https:\/\/api.w.org\/{rel}","templated":true}]}}